{"id":45892,"date":"2025-04-04T02:45:40","date_gmt":"2025-04-04T02:45:40","guid":{"rendered":"https:\/\/armstrongyregion.com.ar\/diario\/?p=45892"},"modified":"2025-04-04T03:00:01","modified_gmt":"2025-04-04T03:00:01","slug":"cuales-son-los-temas-incluidos-en-la-reforma-de-la-constitucion-de-santa-fe","status":"publish","type":"post","link":"https:\/\/armstrongyregion.com.ar\/diario\/cuales-son-los-temas-incluidos-en-la-reforma-de-la-constitucion-de-santa-fe\/","title":{"rendered":"Cu\u00e1les son los temas incluidos en la reforma de la Constituci\u00f3n de Santa Fe."},"content":{"rendered":"\n<figure class=\"wp-block-image size-large\"><img loading=\"lazy\" decoding=\"async\" width=\"640\" height=\"427\" src=\"http:\/\/armstrongyregion.com.ar\/diario\/wp-content\/uploads\/2025\/04\/temas-importantes-santa-fe--640x427.jpg\" alt=\"Cu\u00e1les son los temas incluidos en la reforma de la Constituci\u00f3n de Santa Fe.\" class=\"wp-image-45893\" srcset=\"https:\/\/armstrongyregion.com.ar\/diario\/wp-content\/uploads\/2025\/04\/temas-importantes-santa-fe--640x427.jpg 640w, https:\/\/armstrongyregion.com.ar\/diario\/wp-content\/uploads\/2025\/04\/temas-importantes-santa-fe--300x200.jpg 300w, https:\/\/armstrongyregion.com.ar\/diario\/wp-content\/uploads\/2025\/04\/temas-importantes-santa-fe-.jpg 645w\" sizes=\"auto, (max-width: 640px) 100vw, 640px\" \/><\/figure>\n\n\n\n<h2 class=\"wp-block-heading\">Reelecci\u00f3n del gobernador y vice, extensi\u00f3n del per\u00edodo de sesiones legislativas, paridad de g\u00e9nero, autonom\u00eda municipal, Ficha limpia, Corte Suprema de siete miembros y derecho al agua, entre la amplia y variada carta que abordar\u00e1n 69 representantes.<\/h2>\n\n\n\n<p>La Legislatura de la provincia sancion\u00f3, a comienzos de diciembre de 2024, la ley 14.384, que declar\u00f3 la necesidad de la&nbsp;<a href=\"https:\/\/www.ellitoral.com\/tags\/reforma-constitucional-en-santa-fe\">Reforma Constitucional de Santa Fe.<\/a><\/p>\n\n\n\n<figure class=\"wp-block-image size-full\"><img loading=\"lazy\" decoding=\"async\" width=\"598\" height=\"380\" src=\"http:\/\/armstrongyregion.com.ar\/diario\/wp-content\/uploads\/2025\/04\/Reforma-Constitucion-25.jpg\" alt=\"\" class=\"wp-image-45894\" srcset=\"https:\/\/armstrongyregion.com.ar\/diario\/wp-content\/uploads\/2025\/04\/Reforma-Constitucion-25.jpg 598w, https:\/\/armstrongyregion.com.ar\/diario\/wp-content\/uploads\/2025\/04\/Reforma-Constitucion-25-300x191.jpg 300w\" sizes=\"auto, (max-width: 598px) 100vw, 598px\" \/><\/figure>\n\n\n\n<p>El pr\u00f3ximo domingo 13 de abril, junto con las PASO para selecci\u00f3n de candidaturas en comicios municipales y comunales, se elegir\u00e1n convencionales para la reforma que ser\u00e1 parcial. En efecto, los art\u00edculos a modificar ser\u00e1n 42 de la Constituci\u00f3n vigente, que data del a\u00f1o 1962. M\u00e1s precisamente, fue sancionada el 14 de abril de ese a\u00f1o, es decir que cumplir\u00e1 63 a\u00f1os el d\u00eda despu\u00e9s de los comicios.<\/p>\n\n\n\n<p>Ese d\u00eda, 50 convencionales ser\u00e1n elegidos por sistema de representaci\u00f3n proporcional, constituyendo la provincia a tales efectos un distrito \u00fanico, y a su vez cada departamento elegir\u00e1 un convencional reformador mediante el sistema de circunscripci\u00f3n uninominal.<\/p>\n\n\n\n<p>Doce listas compiten para esos cargos cuyas postulaciones fueron organizadas con paridad de g\u00e9nero. Se utilizar\u00e1 el sistema de&nbsp;<a href=\"https:\/\/www.ellitoral.com\/tags\/boleta-unica-papel\">Boleta \u00danica<\/a>.<\/p>\n\n\n\n<p>Seg\u00fan establece la ley, la Convenci\u00f3n Reformadora se instalar\u00e1 en la ciudad de Santa Fe, en el momento que convoque el Poder Ejecutivo, dentro del plazo de un a\u00f1o de celebrada la elecci\u00f3n del 13 de abril. Deber\u00e1 terminar su cometido en 40 d\u00edas corridos desde su instalaci\u00f3n, que ser\u00e1 prorrogable por un plazo m\u00e1ximo de 20 d\u00edas m\u00e1s, si as\u00ed lo define la convenci\u00f3n por mayor\u00eda absoluta.<\/p>\n\n\n\n<h2 class=\"wp-block-heading\"><strong>Los cambios propuestos<\/strong><\/h2>\n\n\n\n<p>Como se dijo, las materias que se ponen a consideraci\u00f3n para ser reformadas son bien variadas; hay art\u00edculos que se reforman, otros que se derogan y temas que se habilitan para su discusi\u00f3n y posible incorporaci\u00f3n. Entre otros puntos, se propone:<\/p>\n\n\n\n<p>&#8211; Eliminar la confesionalidad del Estado y reafirmar la separaci\u00f3n y distinci\u00f3n del orden civil y de cualquier orden religioso, reconociendo la colaboraci\u00f3n entre ambos \u00f3rdenes con todos los cultos.<\/p>\n\n\n\n<p>&#8211; Establecer en materia tributaria los principios de legalidad, generalidad, solidaridad, progresividad, no confiscatoriedad y equidad. Incluir el criterio de responsabilidad fiscal, con \u00e9nfasis en la sostenibilidad y la transparencia.<\/p>\n\n\n\n<p>&#8211; Adecuar los alcances del h\u00e1beas corpus al est\u00e1ndar definido por la Constituci\u00f3n Nacional, incluir el juicio por jurados en materia penal y los derechos de las v\u00edctimas.<\/p>\n\n\n\n<p>&#8211; Ampliar los alcances del derecho a la libertad de expresi\u00f3n y reconocer el derecho a buscar, recibir y difundir informaci\u00f3n. Asegurar la protecci\u00f3n de los datos personales y el honor e intimidad de las personas. Garantizar el secreto de las fuentes de informaci\u00f3n period\u00edstica. Incorporar el principio de transparencia activa y el derecho de acceso a la informaci\u00f3n p\u00fablica.<\/p>\n\n\n\n<p>&#8211; Regular la acci\u00f3n de amparo de conformidad con el est\u00e1ndar del art\u00edculo 43 de la Constituci\u00f3n Nacional y de los instrumentos internacionales, con la protecci\u00f3n de los intereses difusos, los derechos de incidencia colectiva, la previsi\u00f3n de los procesos colectivos y las acciones de clase. Incluir, de igual modo, el h\u00e1beas data.<\/p>\n\n\n\n<p>&#8211; Extender la protecci\u00f3n del derecho a la salud, tanto en su esfera individual como en su esfera social.<\/p>\n\n\n\n<p>&#8211; Promover el trabajo decente y reconocer los convenios colectivos de trabajo, las garant\u00edas del fuero sindical y el derecho de negociaci\u00f3n paritaria.<\/p>\n\n\n\n<p>&#8211; Establecer que las jubilaciones y pensiones de los empleados p\u00fablicos provinciales sean atendidas por medio de un r\u00e9gimen p\u00fablico de reparto, basado en la solidaridad, a cargo de una instituci\u00f3n del Estado provincial de car\u00e1cter intransferible a otras jurisdicciones.<\/p>\n\n\n\n<p>&#8211; Ampliar el derecho a la cultura, reconociendo el acceso a los bienes culturales y la protecci\u00f3n del patrimonio cultural tangible e intangible.<\/p>\n\n\n\n<h2 class=\"wp-block-heading\"><strong>Pol\u00edtica<\/strong><\/h2>\n\n\n\n<p>La secci\u00f3n segunda propone reconocer a los partidos pol\u00edticos como instituciones fundamentales del sistema democr\u00e1tico. Adem\u00e1s, incorpora entre las caracter\u00edsticas del voto su intransferibilidad.<\/p>\n\n\n\n<p>La&nbsp;<a href=\"https:\/\/www.ellitoral.com\/tags\/ficha-limpia\">Ficha Limpia<\/a>&nbsp;tendr\u00e1 vigencia provincial al incluir la obligaci\u00f3n de presentar declaraciones juradas de bienes por parte de los candidatos electos y fijar como condici\u00f3n de elegibilidad no haber sido condenado por los delitos y en las condiciones que defina la ley.<\/p>\n\n\n\n<p>La paridad de g\u00e9nero en la constituci\u00f3n de la C\u00e1mara de Diputados queda consagrada en la propuesta de reforma.<\/p>\n\n\n\n<p>Se extiende el per\u00edodo ordinario de sesiones de ambas c\u00e1maras (actualmente van del 1\u00b0 de mayo al 31 de octubre) y se incorpora la iniciativa popular a los efectos de la presentaci\u00f3n de proyectos de ley.<\/p>\n\n\n\n<p>En la secci\u00f3n IV se propone establecer los alcances de la reelecci\u00f3n para los cargos de Gobernador y Vicegobernador, que no est\u00e1 prevista en la actual Constituci\u00f3n.<\/p>\n\n\n\n<p>Adem\u00e1s, se contempla que en la ley de ministerios se prevea, por lo menos, un Ministro designado con acuerdo legislativo, con competencias para articular las relaciones con los otros poderes del Estado.<\/p>\n\n\n\n<h2 class=\"wp-block-heading\"><strong>Justicia<\/strong><\/h2>\n\n\n\n<p>&#8211; Definir que la&nbsp;<a href=\"https:\/\/www.ellitoral.com\/tags\/corte-suprema-de-justicia-de-santa-fe\">Corte Suprema de Justicia<\/a>&nbsp;se compone de siete miembros y un Procurador General, procurando la paridad de g\u00e9nero y la representaci\u00f3n regional de procedencia diversa.<\/p>\n\n\n\n<p>&#8211; Determinar que los miembros de la Corte Suprema de Justicia ser\u00e1n designados por el Poder Ejecutivo con acuerdo de la Asamblea Legislativa.<\/p>\n\n\n\n<p>&#8211; Establecer que los miembros de la Corte Suprema de Justicia y los dem\u00e1s jueces son inamovibles mientras conserven su idoneidad f\u00edsica, intelectual y moral y el buen desempe\u00f1o de sus funciones.<\/p>\n\n\n\n<p>Cesan de pleno derecho en sus cargos a los setenta y cinco a\u00f1os de edad y un nuevo nombramiento, precedido de acuerdo legislativo, ser\u00e1 necesario para mantenerse en el cargo, como m\u00e1ximo por cinco a\u00f1os m\u00e1s.<\/p>\n\n\n\n<p>&#8211; Adicionar entre los sujetos pasibles de juicio pol\u00edtico al Vicegobernador, al Procurador General y al Defensor del Pueblo.<\/p>\n\n\n\n<h2 class=\"wp-block-heading\"><strong>Municipios<\/strong><\/h2>\n\n\n\n<p>&#8211; Establecer que todas las poblaciones se organizan como municipios de conformidad con la ley que la Legislatura dicte, la que podr\u00e1 establecer diferentes categor\u00edas seg\u00fan su relevancia geogr\u00e1fica, poblacional o funcional.<\/p>\n\n\n\n<p>&#8211; Consagrar la autonom\u00eda municipal en el orden pol\u00edtico, administrativo, econ\u00f3mico, financiero e institucional,<\/p>\n\n\n\n<p>&#8211; Promover la constituci\u00f3n de regiones, \u00e1reas metropolitanas y acuerdos interjurisdiccionales y un r\u00e9gimen de asociaci\u00f3n intermunicipal y de creaci\u00f3n de \u00f3rganos intermunicipales para la gesti\u00f3n de intereses comunes.<\/p>\n\n\n\n<h2 class=\"wp-block-heading\"><strong>Educaci\u00f3n<\/strong><\/h2>\n\n\n\n<p>&#8211; Ampliar la protecci\u00f3n del derecho humano a la educaci\u00f3n, incorporando la obligatoriedad de la educaci\u00f3n secundaria.<\/p>\n\n\n\n<p>&#8211; Reconocer la importancia de la vinculaci\u00f3n entre la educaci\u00f3n y el mundo del trabajo, garantizando el acceso a oportunidades educativas.<\/p>\n\n\n\n<p>&#8211; Prever en los alcances del derecho a la educaci\u00f3n la alfabetizaci\u00f3n e inclusi\u00f3n digital, conectividad, democratizaci\u00f3n del conocimiento y de acceso a la tecnolog\u00eda. Promover la educaci\u00f3n ambiental.<\/p>\n\n\n\n<h2 class=\"wp-block-heading\"><strong>Qu\u00e9 debates se habilitan<\/strong><\/h2>\n\n\n\n<p>Adem\u00e1s de las modificaciones a los art\u00edculos mencionados, se habilita la inclusi\u00f3n de nuevos art\u00edculos sobre los siguientes temas:<\/p>\n\n\n\n<p>&#8211; Mecanismos de participaci\u00f3n ciudadana y de democracia semidirecta, tales como la consulta popular, iniciativa popular, refer\u00e9ndum popular, revocatoria de mandatos y audiencias p\u00fablicas. Se incorpora el Consejo Econ\u00f3mico y Social.<\/p>\n\n\n\n<p>&#8211; Seguridad p\u00fablica como un derecho fundamental y una responsabilidad primaria del Estado, con enfoque en la prevenci\u00f3n, la reinserci\u00f3n social y el respeto a los derechos humanos.<\/p>\n\n\n\n<p>&#8211; Derechos y deberes digitales, ciudadan\u00eda digital y gobierno abierto, adem\u00e1s de medidas contra el cibercrimen.<\/p>\n\n\n\n<p>&#8211; Servicios p\u00fablicos de competencia provincial y local, orientados a la eficiencia en las prestaciones, la universalidad en el acceso y el rol de \u00e9stos en el entramado productivo.<\/p>\n\n\n\n<p>&#8211; Promoci\u00f3n y protecci\u00f3n de la ciencia, la investigaci\u00f3n y la innovaci\u00f3n. Promover el desarrollo y la producci\u00f3n de biotecnolog\u00eda.<\/p>\n\n\n\n<p>&#8211; Ordenamiento territorial, h\u00e1bitat, urbanismo y derecho a la ciudad.<\/p>\n\n\n\n<p>&#8211; Derecho a un ambiente sano y sustentable.<\/p>\n\n\n\n<p>&#8211; Reconocer el derecho de acceso al agua en condiciones de igualdad.<\/p>\n\n\n\n<p>&#8211; Reconocer los derechos de consumidores y usuarios en sinton\u00eda con el art\u00edculo 42 de la Constituci\u00f3n Nacional.<\/p>\n\n\n\n<h2 class=\"wp-block-heading\"><strong>Pol\u00edticas p\u00fablicas<\/strong><\/h2>\n\n\n\n<p>La ley habilita la discusi\u00f3n para incorporar principios referidos a pol\u00edticas p\u00fablicas basadas en evidencia, gobernanza de datos y planificaci\u00f3n y evaluaci\u00f3n de pol\u00edticas p\u00fablicas. Entre ellas:<\/p>\n\n\n\n<p>&#8211; Medidas de acci\u00f3n positiva que garanticen los derechos de las mujeres y disidencias; de las personas con discapacidad; de las personas mayores; de ni\u00f1os, ni\u00f1as y adolescentes; de los pueblos originarios, y de las juventudes, entre otros.<\/p>\n\n\n\n<p>&#8211; Reconocer constitucionalmente al Ministerio P\u00fablico de la Acusaci\u00f3n y al Servicio P\u00fablico de la Defensa.<\/p>\n\n\n\n<p>&#8211; Establecer la figura del Defensor del Pueblo, como un \u00f3rgano independiente con autonom\u00eda funcional y autarqu\u00eda financiera.<\/p>\n\n\n\n<p>&#8211; Garantizar la defensa del orden constitucional, el respeto al principio republicano de divisi\u00f3n de poderes y preservaci\u00f3n del Estado de Derecho como pilares fundamentales del sistema democr\u00e1tico.<\/p>\n\n\n\n<p>&#8211; Limitar las facultades del Poder Ejecutivo para el dictado de decretos de necesidad y urgencia.<\/p>\n\n\n\n<p>&#8211; Reconocer la soberan\u00eda sobre las islas Malvinas, Georgias del Sur, Sandwich del Sur y los espacios mar\u00edtimos e insulares.<\/p>\n\n\n\n<p>Fuente: Nancy Balza.<\/p>\n","protected":false},"excerpt":{"rendered":"<p>Cu\u00e1les son los temas incluidos en la reforma de la Constituci\u00f3n de Santa Fe.<\/p>\n","protected":false},"author":1,"featured_media":45893,"comment_status":"open","ping_status":"open","sticky":false,"template":"","format":"image","meta":{"_jetpack_memberships_contains_paid_content":false,"footnotes":"","jetpack_publicize_message":"","jetpack_publicize_feature_enabled":true,"jetpack_social_post_already_shared":true,"jetpack_social_options":{"image_generator_settings":{"template":"highway","default_image_id":0,"enabled":false},"version":2}},"categories":[8,1,2,7,3],"tags":[11239,11608,5030,8777,4080,3381],"class_list":["post-45892","post","type-post","status-publish","format-image","has-post-thumbnail","hentry","category-deliberando","category-diario-armstrong","category-locales","category-politica","category-region","tag-constitucion","tag-convencional-constituyente","tag-diario-armstrong","tag-lic-graciela-de-la-casa","tag-reforma","tag-santa-fe","post_format-post-format-image"],"jetpack_publicize_connections":[],"jetpack_featured_media_url":"https:\/\/armstrongyregion.com.ar\/diario\/wp-content\/uploads\/2025\/04\/temas-importantes-santa-fe-.jpg","jetpack_shortlink":"https:\/\/wp.me\/p62QDO-bWc","jetpack_sharing_enabled":true,"amp_enabled":true,"_links":{"self":[{"href":"https:\/\/armstrongyregion.com.ar\/diario\/wp-json\/wp\/v2\/posts\/45892","targetHints":{"allow":["GET"]}}],"collection":[{"href":"https:\/\/armstrongyregion.com.ar\/diario\/wp-json\/wp\/v2\/posts"}],"about":[{"href":"https:\/\/armstrongyregion.com.ar\/diario\/wp-json\/wp\/v2\/types\/post"}],"author":[{"embeddable":true,"href":"https:\/\/armstrongyregion.com.ar\/diario\/wp-json\/wp\/v2\/users\/1"}],"replies":[{"embeddable":true,"href":"https:\/\/armstrongyregion.com.ar\/diario\/wp-json\/wp\/v2\/comments?post=45892"}],"version-history":[{"count":2,"href":"https:\/\/armstrongyregion.com.ar\/diario\/wp-json\/wp\/v2\/posts\/45892\/revisions"}],"predecessor-version":[{"id":45896,"href":"https:\/\/armstrongyregion.com.ar\/diario\/wp-json\/wp\/v2\/posts\/45892\/revisions\/45896"}],"wp:featuredmedia":[{"embeddable":true,"href":"https:\/\/armstrongyregion.com.ar\/diario\/wp-json\/wp\/v2\/media\/45893"}],"wp:attachment":[{"href":"https:\/\/armstrongyregion.com.ar\/diario\/wp-json\/wp\/v2\/media?parent=45892"}],"wp:term":[{"taxonomy":"category","embeddable":true,"href":"https:\/\/armstrongyregion.com.ar\/diario\/wp-json\/wp\/v2\/categories?post=45892"},{"taxonomy":"post_tag","embeddable":true,"href":"https:\/\/armstrongyregion.com.ar\/diario\/wp-json\/wp\/v2\/tags?post=45892"}],"curies":[{"name":"wp","href":"https:\/\/api.w.org\/{rel}","templated":true}]}}