{"id":45867,"date":"2025-04-02T16:45:22","date_gmt":"2025-04-02T16:45:22","guid":{"rendered":"https:\/\/armstrongyregion.com.ar\/diario\/?p=45867"},"modified":"2025-04-02T16:45:24","modified_gmt":"2025-04-02T16:45:24","slug":"armstrong-a-43-anos-de-malvinas","status":"publish","type":"post","link":"https:\/\/armstrongyregion.com.ar\/diario\/armstrong-a-43-anos-de-malvinas\/","title":{"rendered":"Armstrong. A 43 a\u00f1os de Malvinas."},"content":{"rendered":"\n<figure class=\"wp-block-image size-full\"><img loading=\"lazy\" decoding=\"async\" width=\"520\" height=\"347\" src=\"http:\/\/armstrongyregion.com.ar\/diario\/wp-content\/uploads\/2025\/04\/malvinas-1-.jpg\" alt=\"\" class=\"wp-image-45868\" srcset=\"https:\/\/armstrongyregion.com.ar\/diario\/wp-content\/uploads\/2025\/04\/malvinas-1-.jpg 520w, https:\/\/armstrongyregion.com.ar\/diario\/wp-content\/uploads\/2025\/04\/malvinas-1--300x200.jpg 300w\" sizes=\"auto, (max-width: 520px) 100vw, 520px\" \/><\/figure>\n\n\n\n<p>El 2 de abril y a 43 a\u00f1os de Malvinas, la comunidad de Armstrong rindi\u00f3 homenaje a los Veteranos y<br>Ca\u00eddos en la guerra con un emotivo acto que se desarroll\u00f3 en la Plaza que lleva el nombre de<br>nuestro H\u00e9roe Nacional Claudio Giaretti.<\/p>\n\n\n\n<p><\/p>\n\n\n\n<figure class=\"wp-block-image size-full\"><img loading=\"lazy\" decoding=\"async\" width=\"520\" height=\"347\" src=\"http:\/\/armstrongyregion.com.ar\/diario\/wp-content\/uploads\/2025\/04\/malvinas-7-.jpg\" alt=\"\" class=\"wp-image-45878\" srcset=\"https:\/\/armstrongyregion.com.ar\/diario\/wp-content\/uploads\/2025\/04\/malvinas-7-.jpg 520w, https:\/\/armstrongyregion.com.ar\/diario\/wp-content\/uploads\/2025\/04\/malvinas-7--300x200.jpg 300w\" sizes=\"auto, (max-width: 520px) 100vw, 520px\" \/><\/figure>\n\n\n\n<figure class=\"wp-block-image size-full\"><img loading=\"lazy\" decoding=\"async\" width=\"520\" height=\"347\" src=\"http:\/\/armstrongyregion.com.ar\/diario\/wp-content\/uploads\/2025\/04\/malvinas4-.jpg\" alt=\"\" class=\"wp-image-45869\" srcset=\"https:\/\/armstrongyregion.com.ar\/diario\/wp-content\/uploads\/2025\/04\/malvinas4-.jpg 520w, https:\/\/armstrongyregion.com.ar\/diario\/wp-content\/uploads\/2025\/04\/malvinas4--300x200.jpg 300w\" sizes=\"auto, (max-width: 520px) 100vw, 520px\" \/><\/figure>\n\n\n\n<p><br>Con la presencia de autoridades, veteranos y familiares, representantes de instituciones se<br>entonaron las estrofas de Aurora para el izamiento de la ense\u00f1a patria, nuestro Himno<br>Nacional y la Marcha de las Malvinas interpretados por la Orquesta Infanto Juvenil del<br>Conservatorio Municipal de M\u00fasica, dirigida por el Maestro Valent\u00edn Marquez.<\/p>\n\n\n\n<figure class=\"wp-block-image size-full\"><img loading=\"lazy\" decoding=\"async\" width=\"520\" height=\"347\" src=\"http:\/\/armstrongyregion.com.ar\/diario\/wp-content\/uploads\/2025\/04\/malvinas-4.jpg\" alt=\"\" class=\"wp-image-45871\" srcset=\"https:\/\/armstrongyregion.com.ar\/diario\/wp-content\/uploads\/2025\/04\/malvinas-4.jpg 520w, https:\/\/armstrongyregion.com.ar\/diario\/wp-content\/uploads\/2025\/04\/malvinas-4-300x200.jpg 300w\" sizes=\"auto, (max-width: 520px) 100vw, 520px\" \/><\/figure>\n\n\n\n<p><br><\/p>\n\n\n\n<figure class=\"wp-block-image size-full\"><img loading=\"lazy\" decoding=\"async\" width=\"520\" height=\"347\" src=\"http:\/\/armstrongyregion.com.ar\/diario\/wp-content\/uploads\/2025\/04\/malvinas-9.jpg\" alt=\"\" class=\"wp-image-45873\" srcset=\"https:\/\/armstrongyregion.com.ar\/diario\/wp-content\/uploads\/2025\/04\/malvinas-9.jpg 520w, https:\/\/armstrongyregion.com.ar\/diario\/wp-content\/uploads\/2025\/04\/malvinas-9-300x200.jpg 300w\" sizes=\"auto, (max-width: 520px) 100vw, 520px\" \/><\/figure>\n\n\n\n<p>El Intendente Guillermo Luzzi junto a la familia Giaretti y representantes de la Cooperativa<br>Agropecuaria de Armstrong Ltda. donde Claudio fuera trabajador, depositaron laureles en el<br>plaquetario en homenaje y recuerdo de la gesta.<\/p>\n\n\n\n<figure class=\"wp-block-image size-full\"><img loading=\"lazy\" decoding=\"async\" width=\"520\" height=\"347\" src=\"http:\/\/armstrongyregion.com.ar\/diario\/wp-content\/uploads\/2025\/04\/malvinas-5-.jpg\" alt=\"\" class=\"wp-image-45872\" srcset=\"https:\/\/armstrongyregion.com.ar\/diario\/wp-content\/uploads\/2025\/04\/malvinas-5-.jpg 520w, https:\/\/armstrongyregion.com.ar\/diario\/wp-content\/uploads\/2025\/04\/malvinas-5--300x200.jpg 300w\" sizes=\"auto, (max-width: 520px) 100vw, 520px\" \/><\/figure>\n\n\n\n<p><br>Luego de los conmovedores discursos de Mauricio Giaretti, hermano de Claudio, y del VGM<br>Nelso Azpeit\u00eda, referente del Departamento Belgrano de la Federaci\u00f3n Provincial de Ex<br>Combatientes de Malvinas, el Intendente Luzzi dijo en un fragmento de su mensaje:<br>\u201cPorque la batalla no termin\u00f3 en 1982. Nuestros veteranos volvieron con el peso de la<br>guerra en sus cuerpos y en sus corazones, y desde entonces han seguido peleando, no con<br>armas, sino con las palabras, con los gestos y con la firmeza de quienes saben que la<br>verdadera victoria es que nadie los olvide\u2026\u201d<\/p>\n\n\n\n<figure class=\"wp-block-image size-full\"><img loading=\"lazy\" decoding=\"async\" width=\"520\" height=\"347\" src=\"http:\/\/armstrongyregion.com.ar\/diario\/wp-content\/uploads\/2025\/04\/malvinas-2-.jpg\" alt=\"\" class=\"wp-image-45874\" srcset=\"https:\/\/armstrongyregion.com.ar\/diario\/wp-content\/uploads\/2025\/04\/malvinas-2-.jpg 520w, https:\/\/armstrongyregion.com.ar\/diario\/wp-content\/uploads\/2025\/04\/malvinas-2--300x200.jpg 300w\" sizes=\"auto, (max-width: 520px) 100vw, 520px\" \/><\/figure>\n\n\n\n<p><br>Luzzi junto a veteranos de Malvinas y familiares de Claudio Giaretti descubrieron una placa<br>en homenaje al VGM Ciudadano de Honor Daniel Arturo Chiarla, recientemente fallecido.<\/p>\n\n\n\n<figure class=\"wp-block-image size-full\"><img loading=\"lazy\" decoding=\"async\" width=\"520\" height=\"347\" src=\"http:\/\/armstrongyregion.com.ar\/diario\/wp-content\/uploads\/2025\/04\/malvinas-6-.jpg\" alt=\"\" class=\"wp-image-45875\" srcset=\"https:\/\/armstrongyregion.com.ar\/diario\/wp-content\/uploads\/2025\/04\/malvinas-6-.jpg 520w, https:\/\/armstrongyregion.com.ar\/diario\/wp-content\/uploads\/2025\/04\/malvinas-6--300x200.jpg 300w\" sizes=\"auto, (max-width: 520px) 100vw, 520px\" \/><\/figure>\n\n\n\n<figure class=\"wp-block-image size-full\"><img loading=\"lazy\" decoding=\"async\" width=\"520\" height=\"347\" src=\"http:\/\/armstrongyregion.com.ar\/diario\/wp-content\/uploads\/2025\/04\/malvinas-10.jpg\" alt=\"\" class=\"wp-image-45876\" srcset=\"https:\/\/armstrongyregion.com.ar\/diario\/wp-content\/uploads\/2025\/04\/malvinas-10.jpg 520w, https:\/\/armstrongyregion.com.ar\/diario\/wp-content\/uploads\/2025\/04\/malvinas-10-300x200.jpg 300w\" sizes=\"auto, (max-width: 520px) 100vw, 520px\" \/><\/figure>\n\n\n\n<figure class=\"wp-block-image size-full\"><img loading=\"lazy\" decoding=\"async\" width=\"520\" height=\"347\" src=\"http:\/\/armstrongyregion.com.ar\/diario\/wp-content\/uploads\/2025\/04\/malvinas-11-.jpg\" alt=\"\" class=\"wp-image-45877\" srcset=\"https:\/\/armstrongyregion.com.ar\/diario\/wp-content\/uploads\/2025\/04\/malvinas-11-.jpg 520w, https:\/\/armstrongyregion.com.ar\/diario\/wp-content\/uploads\/2025\/04\/malvinas-11--300x200.jpg 300w\" sizes=\"auto, (max-width: 520px) 100vw, 520px\" \/><\/figure>\n","protected":false},"excerpt":{"rendered":"<p>Armstrong. A 43 a\u00f1os de Malvinas.<\/p>\n","protected":false},"author":1,"featured_media":45868,"comment_status":"open","ping_status":"open","sticky":false,"template":"","format":"image","meta":{"_jetpack_memberships_contains_paid_content":false,"footnotes":"","jetpack_publicize_message":"","jetpack_publicize_feature_enabled":true,"jetpack_social_post_already_shared":true,"jetpack_social_options":{"image_generator_settings":{"template":"highway","default_image_id":0,"enabled":false},"version":2}},"categories":[8,1,2,7,3],"tags":[11602,20,19,5030,8777,9136],"class_list":["post-45867","post","type-post","status-publish","format-image","has-post-thumbnail","hentry","category-deliberando","category-diario-armstrong","category-locales","category-politica","category-region","tag-43-anos","tag-armstrong","tag-de","tag-diario-armstrong","tag-lic-graciela-de-la-casa","tag-malvinas-2","post_format-post-format-image"],"jetpack_publicize_connections":[],"jetpack_featured_media_url":"https:\/\/armstrongyregion.com.ar\/diario\/wp-content\/uploads\/2025\/04\/malvinas-1-.jpg","jetpack_shortlink":"https:\/\/wp.me\/p62QDO-bVN","jetpack_sharing_enabled":true,"amp_enabled":true,"_links":{"self":[{"href":"https:\/\/armstrongyregion.com.ar\/diario\/wp-json\/wp\/v2\/posts\/45867","targetHints":{"allow":["GET"]}}],"collection":[{"href":"https:\/\/armstrongyregion.com.ar\/diario\/wp-json\/wp\/v2\/posts"}],"about":[{"href":"https:\/\/armstrongyregion.com.ar\/diario\/wp-json\/wp\/v2\/types\/post"}],"author":[{"embeddable":true,"href":"https:\/\/armstrongyregion.com.ar\/diario\/wp-json\/wp\/v2\/users\/1"}],"replies":[{"embeddable":true,"href":"https:\/\/armstrongyregion.com.ar\/diario\/wp-json\/wp\/v2\/comments?post=45867"}],"version-history":[{"count":1,"href":"https:\/\/armstrongyregion.com.ar\/diario\/wp-json\/wp\/v2\/posts\/45867\/revisions"}],"predecessor-version":[{"id":45879,"href":"https:\/\/armstrongyregion.com.ar\/diario\/wp-json\/wp\/v2\/posts\/45867\/revisions\/45879"}],"wp:featuredmedia":[{"embeddable":true,"href":"https:\/\/armstrongyregion.com.ar\/diario\/wp-json\/wp\/v2\/media\/45868"}],"wp:attachment":[{"href":"https:\/\/armstrongyregion.com.ar\/diario\/wp-json\/wp\/v2\/media?parent=45867"}],"wp:term":[{"taxonomy":"category","embeddable":true,"href":"https:\/\/armstrongyregion.com.ar\/diario\/wp-json\/wp\/v2\/categories?post=45867"},{"taxonomy":"post_tag","embeddable":true,"href":"https:\/\/armstrongyregion.com.ar\/diario\/wp-json\/wp\/v2\/tags?post=45867"}],"curies":[{"name":"wp","href":"https:\/\/api.w.org\/{rel}","templated":true}]}}