{"id":4586,"date":"2015-10-17T15:45:27","date_gmt":"2015-10-17T15:45:27","guid":{"rendered":"https:\/\/armstrongyregion.com.ar\/diario\/?p=4586"},"modified":"2015-10-17T15:45:27","modified_gmt":"2015-10-17T15:45:27","slug":"jose-scioli-rabolini-rubeo-y-alberto-corssetti-inauguraron-una-sala-lactaria-en-el-palacio-legislativo","status":"publish","type":"post","link":"https:\/\/armstrongyregion.com.ar\/diario\/jose-scioli-rabolini-rubeo-y-alberto-corssetti-inauguraron-una-sala-lactaria-en-el-palacio-legislativo\/","title":{"rendered":"Jos\u00e9 Scioli, Rabolini, Rubeo y Alberto Corssetti inauguraron una Sala Lactaria en el Palacio Legislativo."},"content":{"rendered":"<p><a href=\"http:\/\/armstrongyregion.com.ar\/diario\/wp-content\/uploads\/2015\/10\/Inauguraci\u00f3n..jpg\"><img loading=\"lazy\" decoding=\"async\" class=\"alignnone size-medium wp-image-4587\" src=\"http:\/\/armstrongyregion.com.ar\/diario\/wp-content\/uploads\/2015\/10\/Inauguraci\u00f3n.-300x200.jpg\" alt=\"Inauguraci\u00f3n.\" width=\"300\" height=\"200\" srcset=\"https:\/\/armstrongyregion.com.ar\/diario\/wp-content\/uploads\/2015\/10\/Inauguraci\u00f3n.-300x200.jpg 300w, https:\/\/armstrongyregion.com.ar\/diario\/wp-content\/uploads\/2015\/10\/Inauguraci\u00f3n.-1024x683.jpg 1024w\" sizes=\"auto, (max-width: 300px) 100vw, 300px\" \/><\/a>El Presidente de la C\u00e1mara de Diputados de Santa Fe, Luis Rubeo (h), junto al Presidente de la Fundaci\u00f3n Desarrollo Argentino (DAR), Jos\u00e9 \u00abPepe\u00bb Scioli, a la Presidenta de la Fundaci\u00f3n Banco Provincia, Karina Rabolini y al Senador provincial, Alberto Crossetti, inauguraron la flamante Sala de Lactancia ubicada en el palacio legislativo en el marco del programa impulsado por la fundaci\u00f3n DAR \u201cDe cero a 1000 &#8211; Desarrollo Infantil Temprano\u201d.<\/p>\n<p>Rabolini destac\u00f3 la importancia de estos espacios destinados al uso de las madres y explic\u00f3 que \u201clos lactarios institucionales son espacios de privacidad, confortables, higi\u00e9nicos y tranquilos, para que las mujeres que amamantan puedan extraerse leche durante el tiempo que permanecen alejadas de sus hijos lactantes, y conservar esa leche refrigerada en una heladera dispuesta a tal fin, hasta el momento en que regresan junto a sus ni\u00f1os\u201d.<\/p>\n<p>En este sentido Jos\u00e9 \u201cPepe\u201d Scioli se refiri\u00f3 al programa en cuesti\u00f3n y se\u00f1al\u00f3 que el objetivo es \u201cpoder generar conciencia de la importancia que tiene la alimentaci\u00f3n materna y no cortar ese v\u00ednculo de la mam\u00e1 con el beb\u00e9 los mil primeros d\u00edas\u201d, y especific\u00f3: \u201cDesde el momento de la gestaci\u00f3n hasta los primeros dos a\u00f1os de vida se forma casi el 80 por ciento de un ser humano y es importante que en este per\u00edodo la lactancia no se vea interrumpida\u201d.<\/p>\n<p>El Presidente de la Fundaci\u00f3n DAR tambi\u00e9n destac\u00f3 el vasto territorio del pa\u00eds alcanzado hasta el momento por el programa: \u201cGracias a este programa ya hemos inaugurado m\u00e1s de sesenta salas lactarias en todo el pa\u00eds llegando a lugares como Tierra del Fuego, C\u00f3rdoba, Mendoza, San Juan, y ahora Santa Fe\u201d.<\/p>\n<p>Por su parte Rubeo expres\u00f3 que \u201choy para nosotros en la C\u00e1mara de Diputados es un d\u00eda de much\u00edsima alegr\u00eda porque hemos inaugurado el primer lactario en el palacio legislativo\u201d, y agradeci\u00f3: \u201cComo representante del Cuerpo Legislativo quiero agradecerle a la fundaci\u00f3n DAR que encabeza, Jos\u00e9 Scioli, que fue la que don\u00f3 todos los elementos indispensables para que este lactario se concrete\u201d.<\/p>\n<p>Vale destacar que el equipamiento necesario para la implementaci\u00f3n de los Lactarios Institucionales que la fundaci\u00f3n hace llegar a cada instituci\u00f3n con la que realizan el convenio incluye un sill\u00f3n reclinable, una heladera para refrigeraci\u00f3n de la leche materna, extractores sacaleche, mesas de apoyo y acondicionador de aire fr\u00edo\/calor.<\/p>\n<p>En cuanto a la presencia de la Presidenta de la Fundaci\u00f3n del Banco Provincia el diputado provincial destac\u00f3: \u201cTuvimos el orgullo de poder ser acompa\u00f1ados en esta inauguraci\u00f3n por de Presidenta de la Fundaci\u00f3n del Banco Provincia y esposa del gobernador de Buenos Aires, Karina Rabolini\u201d, y agreg\u00f3: \u201cQue ella est\u00e9 aqu\u00ed nos da un impulso mayor en esta tarea de poder concientizar a las trabajadoras en general y a las trabajadoras del poder legislativo en particular de la importancia de este per\u00edodo en el desarrollo de un ni\u00f1o\u201d.<\/p>\n","protected":false},"excerpt":{"rendered":"<p>El Presidente de la C\u00e1mara de Diputados de Santa Fe, Luis Rubeo (h), junto al Presidente de la Fundaci\u00f3n Desarrollo Argentino (DAR), Jos\u00e9 \u00abPepe\u00bb Scioli, a la Presidenta de la Fundaci\u00f3n Banco Provincia, Karina Rabolini y al Senador provincial, Alberto Crossetti, inauguraron la flamante Sala de Lactancia ubicada en el palacio legislativo en el marco <a href=\"https:\/\/armstrongyregion.com.ar\/diario\/jose-scioli-rabolini-rubeo-y-alberto-corssetti-inauguraron-una-sala-lactaria-en-el-palacio-legislativo\/\" title=\"Read more\" >&#8230;<\/a><\/p>\n","protected":false},"author":2,"featured_media":4587,"comment_status":"open","ping_status":"open","sticky":false,"template":"","format":"standard","meta":{"_jetpack_memberships_contains_paid_content":false,"footnotes":"","jetpack_publicize_message":"","jetpack_publicize_feature_enabled":true,"jetpack_social_post_already_shared":false,"jetpack_social_options":{"image_generator_settings":{"template":"highway","default_image_id":0,"enabled":false},"version":2}},"categories":[1,2819,2,7,3],"tags":[1288,2964,16,15,2965,772,2966,1118,2967,2932,1378,773,2331,103,13],"class_list":["post-4586","post","type-post","status-publish","format-standard","has-post-thumbnail","hentry","category-diario-armstrong","category-el-pais","category-locales","category-politica","category-region","tag-alberto","tag-corssetti","tag-el","tag-en","tag-inauguraron","tag-jose","tag-lactaria","tag-legislativo","tag-palacio","tag-rabolini","tag-rubeo","tag-sala","tag-scioli","tag-una","tag-y"],"jetpack_publicize_connections":[],"jetpack_featured_media_url":"https:\/\/armstrongyregion.com.ar\/diario\/wp-content\/uploads\/2015\/10\/Inauguraci\u00f3n..jpg","jetpack_shortlink":"https:\/\/wp.me\/p62QDO-1bY","jetpack_sharing_enabled":true,"amp_enabled":true,"_links":{"self":[{"href":"https:\/\/armstrongyregion.com.ar\/diario\/wp-json\/wp\/v2\/posts\/4586","targetHints":{"allow":["GET"]}}],"collection":[{"href":"https:\/\/armstrongyregion.com.ar\/diario\/wp-json\/wp\/v2\/posts"}],"about":[{"href":"https:\/\/armstrongyregion.com.ar\/diario\/wp-json\/wp\/v2\/types\/post"}],"author":[{"embeddable":true,"href":"https:\/\/armstrongyregion.com.ar\/diario\/wp-json\/wp\/v2\/users\/2"}],"replies":[{"embeddable":true,"href":"https:\/\/armstrongyregion.com.ar\/diario\/wp-json\/wp\/v2\/comments?post=4586"}],"version-history":[{"count":0,"href":"https:\/\/armstrongyregion.com.ar\/diario\/wp-json\/wp\/v2\/posts\/4586\/revisions"}],"wp:featuredmedia":[{"embeddable":true,"href":"https:\/\/armstrongyregion.com.ar\/diario\/wp-json\/wp\/v2\/media\/4587"}],"wp:attachment":[{"href":"https:\/\/armstrongyregion.com.ar\/diario\/wp-json\/wp\/v2\/media?parent=4586"}],"wp:term":[{"taxonomy":"category","embeddable":true,"href":"https:\/\/armstrongyregion.com.ar\/diario\/wp-json\/wp\/v2\/categories?post=4586"},{"taxonomy":"post_tag","embeddable":true,"href":"https:\/\/armstrongyregion.com.ar\/diario\/wp-json\/wp\/v2\/tags?post=4586"}],"curies":[{"name":"wp","href":"https:\/\/api.w.org\/{rel}","templated":true}]}}