{"id":45858,"date":"2025-04-02T16:12:27","date_gmt":"2025-04-02T16:12:27","guid":{"rendered":"https:\/\/armstrongyregion.com.ar\/diario\/?p=45858"},"modified":"2025-04-02T16:12:30","modified_gmt":"2025-04-02T16:12:30","slug":"armstrong-inauguracion-de-un-cat","status":"publish","type":"post","link":"https:\/\/armstrongyregion.com.ar\/diario\/armstrong-inauguracion-de-un-cat\/","title":{"rendered":"Armstrong. Inauguraci\u00f3n de un CAT."},"content":{"rendered":"\n<figure class=\"wp-block-image size-large\"><img loading=\"lazy\" decoding=\"async\" width=\"640\" height=\"427\" src=\"http:\/\/armstrongyregion.com.ar\/diario\/wp-content\/uploads\/2025\/04\/cat-1--640x427.jpg\" alt=\"\" class=\"wp-image-45859\" srcset=\"https:\/\/armstrongyregion.com.ar\/diario\/wp-content\/uploads\/2025\/04\/cat-1--640x427.jpg 640w, https:\/\/armstrongyregion.com.ar\/diario\/wp-content\/uploads\/2025\/04\/cat-1--300x200.jpg 300w, https:\/\/armstrongyregion.com.ar\/diario\/wp-content\/uploads\/2025\/04\/cat-1-.jpg 744w\" sizes=\"auto, (max-width: 640px) 100vw, 640px\" \/><\/figure>\n\n\n\n<p>El martes 1 de abril qued\u00f3 inaugurado el Centro de Almacenamiento Transitorio de envases vac\u00edos<br>de fitosanitarios, el tercero en la provincia, ubicado en la intersecci\u00f3n de calle Floresta y la Colectora<br>de la Autopista Rosario-C\u00f3rdoba.<\/p>\n\n\n\n<figure class=\"wp-block-image size-large\"><img loading=\"lazy\" decoding=\"async\" width=\"640\" height=\"427\" src=\"http:\/\/armstrongyregion.com.ar\/diario\/wp-content\/uploads\/2025\/04\/cat-2--640x427.jpg\" alt=\"\" class=\"wp-image-45860\" srcset=\"https:\/\/armstrongyregion.com.ar\/diario\/wp-content\/uploads\/2025\/04\/cat-2--640x427.jpg 640w, https:\/\/armstrongyregion.com.ar\/diario\/wp-content\/uploads\/2025\/04\/cat-2--300x200.jpg 300w, https:\/\/armstrongyregion.com.ar\/diario\/wp-content\/uploads\/2025\/04\/cat-2-.jpg 703w\" sizes=\"auto, (max-width: 640px) 100vw, 640px\" \/><\/figure>\n\n\n\n<p><br>Se destacaron las presencias de los Ministros de Desarrollo Productivo Gustavo Puccini, de Ambiente<br>y Cambio Clim\u00e1tico Enrique Est\u00e9vez, el Intendente Guillermo Luzzi, el Senador del Departamento<br>Belgrano Pablo Verdecchia, el presidente de Cooperativa Agr\u00edcola Ganadera de Armstrong Silvio<br>Antinori, la directora ejecutiva de Campo Limpio Mar\u00eda Pisan\u00fa, y el gerente de institucionales y<br>comunicaci\u00f3n de Campo Limpio Juan Manuel Medina.<\/p>\n\n\n\n<figure class=\"wp-block-image size-large\"><img loading=\"lazy\" decoding=\"async\" width=\"640\" height=\"427\" src=\"http:\/\/armstrongyregion.com.ar\/diario\/wp-content\/uploads\/2025\/04\/cat-3--640x427.jpg\" alt=\"\" class=\"wp-image-45861\" srcset=\"https:\/\/armstrongyregion.com.ar\/diario\/wp-content\/uploads\/2025\/04\/cat-3--640x427.jpg 640w, https:\/\/armstrongyregion.com.ar\/diario\/wp-content\/uploads\/2025\/04\/cat-3--300x200.jpg 300w, https:\/\/armstrongyregion.com.ar\/diario\/wp-content\/uploads\/2025\/04\/cat-3-.jpg 719w\" sizes=\"auto, (max-width: 640px) 100vw, 640px\" \/><\/figure>\n\n\n\n<p><br>Se trata de una iniciativa p\u00fablico privada en la que intervienen a Asociaci\u00f3n Civil Campo Limpio, la<br>Municipalidad de Armstrong y el Gobierno de la provincia de Santa Fe a trav\u00e9s de sus Ministerios de<br>Ambiente y Cambio Clim\u00e1tico y de Desarrollo Productivo.<\/p>\n\n\n\n<figure class=\"wp-block-image size-large\"><img loading=\"lazy\" decoding=\"async\" width=\"640\" height=\"426\" src=\"http:\/\/armstrongyregion.com.ar\/diario\/wp-content\/uploads\/2025\/04\/cat-7--640x426.jpg\" alt=\"\" class=\"wp-image-45862\" srcset=\"https:\/\/armstrongyregion.com.ar\/diario\/wp-content\/uploads\/2025\/04\/cat-7--640x426.jpg 640w, https:\/\/armstrongyregion.com.ar\/diario\/wp-content\/uploads\/2025\/04\/cat-7--300x200.jpg 300w, https:\/\/armstrongyregion.com.ar\/diario\/wp-content\/uploads\/2025\/04\/cat-7--768x512.jpg 768w, https:\/\/armstrongyregion.com.ar\/diario\/wp-content\/uploads\/2025\/04\/cat-7-.jpg 800w\" sizes=\"auto, (max-width: 640px) 100vw, 640px\" \/><\/figure>\n\n\n\n<p><br>Campo Limpio es la asociaci\u00f3n civil responsable de llevar adelante el Sistema de Gesti\u00f3n Integral de<br>Envases Vac\u00edos de Fitosanitarios, bajo lo establecido en la Ley 27.279. Este sistema contempla, no<br>s\u00f3lo el despliegue de Centros de Almacenamiento Transitorios (CAT); tambi\u00e9n jornadas de recepci\u00f3n<br>itinerantes, la implementaci\u00f3n de una log\u00edstica integral de seguimiento de los envases y la<br>concientizaci\u00f3n de todos los actores de la cadena de valor.<\/p>\n\n\n\n<figure class=\"wp-block-image size-full\"><img loading=\"lazy\" decoding=\"async\" width=\"577\" height=\"385\" src=\"http:\/\/armstrongyregion.com.ar\/diario\/wp-content\/uploads\/2025\/04\/cat-4-.jpg\" alt=\"\" class=\"wp-image-45863\" srcset=\"https:\/\/armstrongyregion.com.ar\/diario\/wp-content\/uploads\/2025\/04\/cat-4-.jpg 577w, https:\/\/armstrongyregion.com.ar\/diario\/wp-content\/uploads\/2025\/04\/cat-4--300x200.jpg 300w\" sizes=\"auto, (max-width: 577px) 100vw, 577px\" \/><\/figure>\n\n\n\n<p><br>A m\u00e1s de un a\u00f1o y medio de la incorporaci\u00f3n de la provincia de Santa Fe al sistema federal de<br>gesti\u00f3n de Campo Limpio, los resultados del compromiso de autoridades y productores son<br>significativos. Los 300.000 kilos recuperados en este tiempo son evidencia de que producir con<br>responsabilidad ambiental y proteger la salud p\u00fablica de las comunidades mediante una gesti\u00f3n<br>adecuada de los envases vac\u00edos de fitosanitarios, es hoy prioridad para los santafesinos.<\/p>\n\n\n\n<figure class=\"wp-block-image size-large\"><img loading=\"lazy\" decoding=\"async\" width=\"640\" height=\"427\" src=\"http:\/\/armstrongyregion.com.ar\/diario\/wp-content\/uploads\/2025\/04\/cat-6--640x427.jpg\" alt=\"\" class=\"wp-image-45864\" srcset=\"https:\/\/armstrongyregion.com.ar\/diario\/wp-content\/uploads\/2025\/04\/cat-6--640x427.jpg 640w, https:\/\/armstrongyregion.com.ar\/diario\/wp-content\/uploads\/2025\/04\/cat-6--300x200.jpg 300w, https:\/\/armstrongyregion.com.ar\/diario\/wp-content\/uploads\/2025\/04\/cat-6-.jpg 738w\" sizes=\"auto, (max-width: 640px) 100vw, 640px\" \/><\/figure>\n\n\n\n<p><br>De esta manera, Armstrong se suma a una pol\u00edtica que promueve buenas pr\u00e1cticas, protege<br>nuestros recursos naturales y mejora la calidad de vida de nuestras comunidades.<\/p>\n\n\n\n<figure class=\"wp-block-image size-full\"><img loading=\"lazy\" decoding=\"async\" width=\"400\" height=\"267\" src=\"http:\/\/armstrongyregion.com.ar\/diario\/wp-content\/uploads\/2025\/04\/cat-5-.jpg\" alt=\"\" class=\"wp-image-45865\" srcset=\"https:\/\/armstrongyregion.com.ar\/diario\/wp-content\/uploads\/2025\/04\/cat-5-.jpg 400w, https:\/\/armstrongyregion.com.ar\/diario\/wp-content\/uploads\/2025\/04\/cat-5--300x200.jpg 300w\" sizes=\"auto, (max-width: 400px) 100vw, 400px\" \/><\/figure>\n","protected":false},"excerpt":{"rendered":"<p>Armstrong. Inauguraci\u00f3n de un CAT<\/p>\n","protected":false},"author":1,"featured_media":45859,"comment_status":"open","ping_status":"open","sticky":false,"template":"","format":"image","meta":{"_jetpack_memberships_contains_paid_content":false,"footnotes":"","jetpack_publicize_message":"","jetpack_publicize_feature_enabled":true,"jetpack_social_post_already_shared":true,"jetpack_social_options":{"image_generator_settings":{"template":"highway","default_image_id":0,"enabled":false},"version":2}},"categories":[6,8,1,2,7,3],"tags":[20,11600,11601,19,5030,10929,10050,224,2646],"class_list":["post-45858","post","type-post","status-publish","format-image","has-post-thumbnail","hentry","category-cultura-entretenimiento","category-deliberando","category-diario-armstrong","category-locales","category-politica","category-region","tag-armstrong","tag-cat","tag-centro-almacenamiento-transitorio","tag-de","tag-diario-armstrong","tag-fitosanitarios","tag-guillermo-luzzi","tag-inauguracion","tag-pablo-verdecchia","post_format-post-format-image"],"jetpack_publicize_connections":[],"jetpack_featured_media_url":"https:\/\/armstrongyregion.com.ar\/diario\/wp-content\/uploads\/2025\/04\/cat-1-.jpg","jetpack_shortlink":"https:\/\/wp.me\/p62QDO-bVE","jetpack_sharing_enabled":true,"amp_enabled":true,"_links":{"self":[{"href":"https:\/\/armstrongyregion.com.ar\/diario\/wp-json\/wp\/v2\/posts\/45858","targetHints":{"allow":["GET"]}}],"collection":[{"href":"https:\/\/armstrongyregion.com.ar\/diario\/wp-json\/wp\/v2\/posts"}],"about":[{"href":"https:\/\/armstrongyregion.com.ar\/diario\/wp-json\/wp\/v2\/types\/post"}],"author":[{"embeddable":true,"href":"https:\/\/armstrongyregion.com.ar\/diario\/wp-json\/wp\/v2\/users\/1"}],"replies":[{"embeddable":true,"href":"https:\/\/armstrongyregion.com.ar\/diario\/wp-json\/wp\/v2\/comments?post=45858"}],"version-history":[{"count":1,"href":"https:\/\/armstrongyregion.com.ar\/diario\/wp-json\/wp\/v2\/posts\/45858\/revisions"}],"predecessor-version":[{"id":45866,"href":"https:\/\/armstrongyregion.com.ar\/diario\/wp-json\/wp\/v2\/posts\/45858\/revisions\/45866"}],"wp:featuredmedia":[{"embeddable":true,"href":"https:\/\/armstrongyregion.com.ar\/diario\/wp-json\/wp\/v2\/media\/45859"}],"wp:attachment":[{"href":"https:\/\/armstrongyregion.com.ar\/diario\/wp-json\/wp\/v2\/media?parent=45858"}],"wp:term":[{"taxonomy":"category","embeddable":true,"href":"https:\/\/armstrongyregion.com.ar\/diario\/wp-json\/wp\/v2\/categories?post=45858"},{"taxonomy":"post_tag","embeddable":true,"href":"https:\/\/armstrongyregion.com.ar\/diario\/wp-json\/wp\/v2\/tags?post=45858"}],"curies":[{"name":"wp","href":"https:\/\/api.w.org\/{rel}","templated":true}]}}