{"id":45851,"date":"2025-04-01T22:02:32","date_gmt":"2025-04-01T22:02:32","guid":{"rendered":"https:\/\/armstrongyregion.com.ar\/diario\/?p=45851"},"modified":"2025-04-02T17:53:56","modified_gmt":"2025-04-02T17:53:56","slug":"la-unida-basica-de-armstrong-acerco-al-concejo-un-proyecto-de-ordenanza-para-incorporar-las-islas-malvinas-al-escudo-de-armstrong","status":"publish","type":"post","link":"https:\/\/armstrongyregion.com.ar\/diario\/la-unida-basica-de-armstrong-acerco-al-concejo-un-proyecto-de-ordenanza-para-incorporar-las-islas-malvinas-al-escudo-de-armstrong\/","title":{"rendered":"La Unidad B\u00e1sica de Armstrong acerco al concejo un proyecto de ordenanza para incorporar las Islas Malvinas al escudo de la ciudad."},"content":{"rendered":"\n<figure class=\"wp-block-image size-large\"><img loading=\"lazy\" decoding=\"async\" width=\"640\" height=\"433\" src=\"http:\/\/armstrongyregion.com.ar\/diario\/wp-content\/uploads\/2025\/04\/IMAGEN-ILUSTRATIVA-CONCEJO-MALVINAS-640x433.jpg\" alt=\"\" class=\"wp-image-45852\" srcset=\"https:\/\/armstrongyregion.com.ar\/diario\/wp-content\/uploads\/2025\/04\/IMAGEN-ILUSTRATIVA-CONCEJO-MALVINAS-640x433.jpg 640w, https:\/\/armstrongyregion.com.ar\/diario\/wp-content\/uploads\/2025\/04\/IMAGEN-ILUSTRATIVA-CONCEJO-MALVINAS-300x203.jpg 300w, https:\/\/armstrongyregion.com.ar\/diario\/wp-content\/uploads\/2025\/04\/IMAGEN-ILUSTRATIVA-CONCEJO-MALVINAS.jpg 645w\" sizes=\"auto, (max-width: 640px) 100vw, 640px\" \/><figcaption class=\"wp-element-caption\">Screenshot<\/figcaption><\/figure>\n\n\n\n<p><strong>VISTO<\/strong><br>El hecho de cumplirse una nueva conmemoraci\u00f3n de Malvinas y de rendir homenaje a nuestros HEROES de MALVINAS <\/p>\n\n\n\n<p><strong>CONSIDERAND\u041e<\/strong><br>Que nuestros HEROES NACIONALES y LAS ISLAS MALVINAS estar\u00e1n unidos para siempre.<br>Que la inclusi\u00f3n de las ISLAS MALVINAS en el Escudo Municipal de ARMSTRONG simboliza esa UNION.<br>Que el Escudo Municipal es un s\u00edmbolo identitario que representa los valores, la<br>historia y las aspiraciones de la comunidad.<br>Que es deber de los Gobiernos Loc\u0430les recordar sus HEROES y promover y fortalecer la Conciencia Nacional sobre la SOBERANIA ARGENTINA en las ISLAS MALVINAS, GEORGIAS DEL SUR, SANDWICHS DEL SUR Y LOS ESPACIOS MARITIMOS E INSULARES CORRESPONDIENTES.<\/p>\n\n\n\n<p><br><strong>Art\u00edculo 1\u00b0:<\/strong><br>Incorp\u00f3rese en el Escudo Municipal, la figura de las ISLAS MALVINAS, como homenaje a nuestros HEROES DE MALVINAS y como S\u00edmbolo de SOBERANIA ARGENTINA sobre las ISLAS MALVINAS, GEORGIAS<br>DEL SUR, SANDWICHS DEL SUR Y LOS ESPACIOS MARITIMOS E INSULARES CORRESPONDIENTES.<br><strong>Art\u00edculo 2\u00b0:<\/strong><br>El dise\u00f1o de la representaci\u00f3n de<br>las ISLAS MALVINAS en el Escudo Municipal deber\u00e1 respetar las proporciones y est\u00e9tica del Escudo actual, interpretando de manera arm\u00f3nica y visible la figura de las ISLAS MALVINAS.<br><strong>Art\u00edculo 3\u00b0:<\/strong><br>El Departamento Ejecutivo Municipal en coordinaci\u00f3n con el Concejo Deliberante convocar\u00e1 a un concurso p\u00fablico para la presentaci\u00f3n de propuestas de dise\u00f1o que cumplan lo establecido en el art\u00edculo 2\u00b0<br><strong>Art\u00edculo 4\u00b0:<\/strong><br>El dise\u00f1o seleccionado ser\u00e1 oficializado mediante decreto Municipal y de<br>deber\u00e1 ser incorporado en todas las versiones del Escudo Municipal utilizadas en documentaci\u00f3n Oficial, actos p\u00fablicos, edificios Municipales y dem\u00e1s espacios de representaci\u00f3n Institucional.<\/p>\n\n\n\n<p> Unida B\u00e1sica Juan Domingo Per\u00f3n.<\/p>\n\n\n\n<p><\/p>\n","protected":false},"excerpt":{"rendered":"<p>La Unida B\u00e1sica de Armstrong acerco al concejo un proyecto de ordenanza para incorporar las Islas Malvinas al escudo de Armstrong.<\/p>\n","protected":false},"author":1,"featured_media":45852,"comment_status":"open","ping_status":"open","sticky":false,"template":"","format":"image","meta":{"_jetpack_memberships_contains_paid_content":false,"footnotes":"","jetpack_publicize_message":"","jetpack_publicize_feature_enabled":true,"jetpack_social_post_already_shared":true,"jetpack_social_options":{"image_generator_settings":{"template":"highway","default_image_id":0,"enabled":false},"version":2}},"categories":[6,8,1,7,3],"tags":[],"class_list":["post-45851","post","type-post","status-publish","format-image","has-post-thumbnail","hentry","category-cultura-entretenimiento","category-deliberando","category-diario-armstrong","category-politica","category-region","post_format-post-format-image"],"jetpack_publicize_connections":[],"jetpack_featured_media_url":"https:\/\/armstrongyregion.com.ar\/diario\/wp-content\/uploads\/2025\/04\/IMAGEN-ILUSTRATIVA-CONCEJO-MALVINAS.jpg","jetpack_shortlink":"https:\/\/wp.me\/p62QDO-bVx","jetpack_sharing_enabled":true,"amp_enabled":true,"_links":{"self":[{"href":"https:\/\/armstrongyregion.com.ar\/diario\/wp-json\/wp\/v2\/posts\/45851","targetHints":{"allow":["GET"]}}],"collection":[{"href":"https:\/\/armstrongyregion.com.ar\/diario\/wp-json\/wp\/v2\/posts"}],"about":[{"href":"https:\/\/armstrongyregion.com.ar\/diario\/wp-json\/wp\/v2\/types\/post"}],"author":[{"embeddable":true,"href":"https:\/\/armstrongyregion.com.ar\/diario\/wp-json\/wp\/v2\/users\/1"}],"replies":[{"embeddable":true,"href":"https:\/\/armstrongyregion.com.ar\/diario\/wp-json\/wp\/v2\/comments?post=45851"}],"version-history":[{"count":3,"href":"https:\/\/armstrongyregion.com.ar\/diario\/wp-json\/wp\/v2\/posts\/45851\/revisions"}],"predecessor-version":[{"id":45880,"href":"https:\/\/armstrongyregion.com.ar\/diario\/wp-json\/wp\/v2\/posts\/45851\/revisions\/45880"}],"wp:featuredmedia":[{"embeddable":true,"href":"https:\/\/armstrongyregion.com.ar\/diario\/wp-json\/wp\/v2\/media\/45852"}],"wp:attachment":[{"href":"https:\/\/armstrongyregion.com.ar\/diario\/wp-json\/wp\/v2\/media?parent=45851"}],"wp:term":[{"taxonomy":"category","embeddable":true,"href":"https:\/\/armstrongyregion.com.ar\/diario\/wp-json\/wp\/v2\/categories?post=45851"},{"taxonomy":"post_tag","embeddable":true,"href":"https:\/\/armstrongyregion.com.ar\/diario\/wp-json\/wp\/v2\/tags?post=45851"}],"curies":[{"name":"wp","href":"https:\/\/api.w.org\/{rel}","templated":true}]}}