{"id":45842,"date":"2025-03-18T14:49:00","date_gmt":"2025-03-18T14:49:00","guid":{"rendered":"https:\/\/armstrongyregion.com.ar\/diario\/?p=45842"},"modified":"2025-04-01T14:50:16","modified_gmt":"2025-04-01T14:50:16","slug":"convocatoria-asamblea-general-ordinaria-mutual-del-centro-comercial-industrial-y-rural-de-armstrong","status":"publish","type":"post","link":"https:\/\/armstrongyregion.com.ar\/diario\/convocatoria-asamblea-general-ordinaria-mutual-del-centro-comercial-industrial-y-rural-de-armstrong\/","title":{"rendered":"Convocatoria Asamblea General Ordinaria. Mutual del Centro Comercial Industrial y Rural de Armstrong."},"content":{"rendered":"\n<figure class=\"wp-block-image size-large\"><img loading=\"lazy\" decoding=\"async\" width=\"640\" height=\"360\" src=\"http:\/\/armstrongyregion.com.ar\/diario\/wp-content\/uploads\/2025\/04\/mutual-del-centro--640x360.jpg\" alt=\"\" class=\"wp-image-45843\" srcset=\"https:\/\/armstrongyregion.com.ar\/diario\/wp-content\/uploads\/2025\/04\/mutual-del-centro--640x360.jpg 640w, https:\/\/armstrongyregion.com.ar\/diario\/wp-content\/uploads\/2025\/04\/mutual-del-centro--300x169.jpg 300w, https:\/\/armstrongyregion.com.ar\/diario\/wp-content\/uploads\/2025\/04\/mutual-del-centro--768x432.jpg 768w, https:\/\/armstrongyregion.com.ar\/diario\/wp-content\/uploads\/2025\/04\/mutual-del-centro-.jpg 800w\" sizes=\"auto, (max-width: 640px) 100vw, 640px\" \/><\/figure>\n\n\n\n<p>El Consejo Directivo de la MUTUAL DEL CENTRO COMERCIAL, INDUSTRIAL Y RURAL DE<br>ARMSTRONG, en un todo de acuerdo a las disposiciones de los Estatutos Sociales, convoca a<br>los se\u00f1ores asociados a la Asamblea General Ordinaria que se llevar\u00e1 a cabo el d\u00eda 23 de abril<br>de 2025 a las 17.00 horas, en el local social de la entidad ubicado en Roldan 1627, dpto 2, de la<br>ciudad de Armstrong, a los fines de tratar el siguiente orden del d\u00eda:<\/p>\n\n\n\n<p>ORDEN DEL DIA<\/p>\n\n\n\n<ol class=\"wp-block-list\">\n<li>Elecci\u00f3n de dos asociados para aprobar y firmar el Acta de Asamblea,<br>conjuntamente con el Presidente y Secretario.<\/li>\n\n\n\n<li>Lectura y consideraci\u00f3n de la Memoria, Estado de Situaci\u00f3n Patrimonial, Estado de<br>Recursos y Gastos, Anexos, Informe del Sindico y del Contador Certificante, todo<br>ello correspondiente al Ejercicio cerrado el 31 de Diciembre de 2024.<\/li>\n\n\n\n<li>Consideraci\u00f3n de la Cuota Societaria y montos de los respectivos Subsidios<\/li>\n\n\n\n<li>Ratificaci\u00f3n y aprobaci\u00f3n firma de convenios, de todo lo actuado y de lo resuelto<br>ad-refer\u00e9ndum de la Asamblea.<\/li>\n\n\n\n<li>Renovaci\u00f3n de los miembros del Consejo directivo y Junta Fiscalizadora por la<br>culminaci\u00f3n de sus mandatos.<br>El quorum para sesionar en la Asamblea ser\u00e1 de la mitad mas uno de los asociados con<br>derecho a voto. En caso de no alcanzar ese n\u00famero a la hora fijada la asamblea podr\u00e1<br>sesionar v\u00e1lidamente treinta minutos despu\u00e9s con los asociados presentes. El n\u00famero<br>de asamble\u00edstas no podr\u00e1 ser menor al de los miembros de los \u00f3rganos directivos y de<br>fiscalizaci\u00f3n. De dicho computo quedan excluidos los referidos miembros. (Seg\u00fan reza<br>en el art 44 del Estatuto Social)<\/li>\n<\/ol>\n\n\n\n<p>Ra\u00fal Crucianelli- Presidente.                       Adalberto Galetti- Secretario.<\/p>\n\n\n\n<p>Armstrong, Marzo 2025.-<\/p>\n","protected":false},"excerpt":{"rendered":"<p>Convocatoria Asamblea General Ordinaria. Mutual del Centro Comercial Industrial y Rural de Armstrong.<\/p>\n","protected":false},"author":1,"featured_media":45843,"comment_status":"open","ping_status":"open","sticky":false,"template":"","format":"image","meta":{"_jetpack_memberships_contains_paid_content":false,"footnotes":"","jetpack_publicize_message":"","jetpack_publicize_feature_enabled":true,"jetpack_social_post_already_shared":true,"jetpack_social_options":{"image_generator_settings":{"template":"highway","default_image_id":0,"enabled":false},"version":2}},"categories":[1,2,7,3],"tags":[11597,21,451,53,11112,11596],"class_list":["post-45842","post","type-post","status-publish","format-image","has-post-thumbnail","hentry","category-diario-armstrong","category-locales","category-politica","category-region","tag-adalberto-galetti","tag-centro","tag-convocatoria","tag-del","tag-mutual","tag-raul-crucianelli","post_format-post-format-image"],"jetpack_publicize_connections":[],"jetpack_featured_media_url":"https:\/\/armstrongyregion.com.ar\/diario\/wp-content\/uploads\/2025\/04\/mutual-del-centro-.jpg","jetpack_shortlink":"https:\/\/wp.me\/p62QDO-bVo","jetpack_sharing_enabled":true,"amp_enabled":true,"_links":{"self":[{"href":"https:\/\/armstrongyregion.com.ar\/diario\/wp-json\/wp\/v2\/posts\/45842","targetHints":{"allow":["GET"]}}],"collection":[{"href":"https:\/\/armstrongyregion.com.ar\/diario\/wp-json\/wp\/v2\/posts"}],"about":[{"href":"https:\/\/armstrongyregion.com.ar\/diario\/wp-json\/wp\/v2\/types\/post"}],"author":[{"embeddable":true,"href":"https:\/\/armstrongyregion.com.ar\/diario\/wp-json\/wp\/v2\/users\/1"}],"replies":[{"embeddable":true,"href":"https:\/\/armstrongyregion.com.ar\/diario\/wp-json\/wp\/v2\/comments?post=45842"}],"version-history":[{"count":1,"href":"https:\/\/armstrongyregion.com.ar\/diario\/wp-json\/wp\/v2\/posts\/45842\/revisions"}],"predecessor-version":[{"id":45844,"href":"https:\/\/armstrongyregion.com.ar\/diario\/wp-json\/wp\/v2\/posts\/45842\/revisions\/45844"}],"wp:featuredmedia":[{"embeddable":true,"href":"https:\/\/armstrongyregion.com.ar\/diario\/wp-json\/wp\/v2\/media\/45843"}],"wp:attachment":[{"href":"https:\/\/armstrongyregion.com.ar\/diario\/wp-json\/wp\/v2\/media?parent=45842"}],"wp:term":[{"taxonomy":"category","embeddable":true,"href":"https:\/\/armstrongyregion.com.ar\/diario\/wp-json\/wp\/v2\/categories?post=45842"},{"taxonomy":"post_tag","embeddable":true,"href":"https:\/\/armstrongyregion.com.ar\/diario\/wp-json\/wp\/v2\/tags?post=45842"}],"curies":[{"name":"wp","href":"https:\/\/api.w.org\/{rel}","templated":true}]}}