{"id":4583,"date":"2015-10-17T15:38:30","date_gmt":"2015-10-17T15:38:30","guid":{"rendered":"https:\/\/armstrongyregion.com.ar\/diario\/?p=4583"},"modified":"2015-10-17T15:38:30","modified_gmt":"2015-10-17T15:38:30","slug":"juan-carlos-suarez-nuevo-jefe-de-la-unidad-regional-iii","status":"publish","type":"post","link":"https:\/\/armstrongyregion.com.ar\/diario\/juan-carlos-suarez-nuevo-jefe-de-la-unidad-regional-iii\/","title":{"rendered":"Juan Carlos Suarez, nuevo jefe de la Unidad Regional III."},"content":{"rendered":"<p><a href=\"http:\/\/armstrongyregion.com.ar\/diario\/wp-content\/uploads\/2015\/10\/IMG-20151005-WA0009.jpg\"><img loading=\"lazy\" decoding=\"async\" class=\"alignnone size-medium wp-image-4584\" src=\"http:\/\/armstrongyregion.com.ar\/diario\/wp-content\/uploads\/2015\/10\/IMG-20151005-WA0009-300x225.jpg\" alt=\"Juan-Carlos-Suarez-\" width=\"300\" height=\"225\" srcset=\"https:\/\/armstrongyregion.com.ar\/diario\/wp-content\/uploads\/2015\/10\/IMG-20151005-WA0009-300x225.jpg 300w, https:\/\/armstrongyregion.com.ar\/diario\/wp-content\/uploads\/2015\/10\/IMG-20151005-WA0009-1024x768.jpg 1024w, https:\/\/armstrongyregion.com.ar\/diario\/wp-content\/uploads\/2015\/10\/IMG-20151005-WA0009.jpg 1600w\" sizes=\"auto, (max-width: 300px) 100vw, 300px\" \/><\/a><\/p>\n<p><iframe loading=\"lazy\" width=\"800\" height=\"600\" src=\"https:\/\/www.youtube.com\/embed\/gnAIAYRd32g?feature=oembed\" frameborder=\"0\" allowfullscreen><\/iframe><\/p>\n<p>&nbsp;<\/p>\n<p>La Unidad Regional III con asiento en Las Rosas, desde hace algunos d\u00edas tiene nuevo jefe, se trata del Sub Director Juan Carlos Suarez, quien expuso lo sorpresivo de su designaci\u00f3n, ante los hecho delictivos que se ven\u00edan produciendo en la cabecera del departamento y su proyecto de trabajo que ya est\u00e1 aplicando, su reuni\u00f3n con las fiscalas en Ca\u00f1ada de G\u00f3mez para coordinar de una manera mejor el trabajo.<\/p>\n","protected":false},"excerpt":{"rendered":"<p>&nbsp; La Unidad Regional III con asiento en Las Rosas, desde hace algunos d\u00edas tiene nuevo jefe, se trata del Sub Director Juan Carlos Suarez, quien expuso lo sorpresivo de su designaci\u00f3n, ante los hecho delictivos que se ven\u00edan produciendo en la cabecera del departamento y su proyecto de trabajo que ya est\u00e1 aplicando, su <a href=\"https:\/\/armstrongyregion.com.ar\/diario\/juan-carlos-suarez-nuevo-jefe-de-la-unidad-regional-iii\/\" title=\"Read more\" >&#8230;<\/a><\/p>\n","protected":false},"author":2,"featured_media":4584,"comment_status":"open","ping_status":"open","sticky":false,"template":"","format":"standard","meta":{"_jetpack_memberships_contains_paid_content":false,"footnotes":"","jetpack_publicize_message":"","jetpack_publicize_feature_enabled":true,"jetpack_social_post_already_shared":false,"jetpack_social_options":{"image_generator_settings":{"template":"highway","default_image_id":0,"enabled":false},"version":2}},"categories":[1,2,2852,3],"tags":[1375,19,247,2963,2961,31,51,246,2962,202],"class_list":["post-4583","post","type-post","status-publish","format-standard","has-post-thumbnail","hentry","category-diario-armstrong","category-locales","category-policiales","category-region","tag-carlos","tag-de","tag-iii","tag-jefe","tag-juan","tag-la","tag-nuevo","tag-regional","tag-suarez","tag-unidad"],"jetpack_publicize_connections":[],"jetpack_featured_media_url":"https:\/\/armstrongyregion.com.ar\/diario\/wp-content\/uploads\/2015\/10\/IMG-20151005-WA0009.jpg","jetpack_shortlink":"https:\/\/wp.me\/p62QDO-1bV","jetpack_sharing_enabled":true,"amp_enabled":true,"_links":{"self":[{"href":"https:\/\/armstrongyregion.com.ar\/diario\/wp-json\/wp\/v2\/posts\/4583","targetHints":{"allow":["GET"]}}],"collection":[{"href":"https:\/\/armstrongyregion.com.ar\/diario\/wp-json\/wp\/v2\/posts"}],"about":[{"href":"https:\/\/armstrongyregion.com.ar\/diario\/wp-json\/wp\/v2\/types\/post"}],"author":[{"embeddable":true,"href":"https:\/\/armstrongyregion.com.ar\/diario\/wp-json\/wp\/v2\/users\/2"}],"replies":[{"embeddable":true,"href":"https:\/\/armstrongyregion.com.ar\/diario\/wp-json\/wp\/v2\/comments?post=4583"}],"version-history":[{"count":0,"href":"https:\/\/armstrongyregion.com.ar\/diario\/wp-json\/wp\/v2\/posts\/4583\/revisions"}],"wp:featuredmedia":[{"embeddable":true,"href":"https:\/\/armstrongyregion.com.ar\/diario\/wp-json\/wp\/v2\/media\/4584"}],"wp:attachment":[{"href":"https:\/\/armstrongyregion.com.ar\/diario\/wp-json\/wp\/v2\/media?parent=4583"}],"wp:term":[{"taxonomy":"category","embeddable":true,"href":"https:\/\/armstrongyregion.com.ar\/diario\/wp-json\/wp\/v2\/categories?post=4583"},{"taxonomy":"post_tag","embeddable":true,"href":"https:\/\/armstrongyregion.com.ar\/diario\/wp-json\/wp\/v2\/tags?post=4583"}],"curies":[{"name":"wp","href":"https:\/\/api.w.org\/{rel}","templated":true}]}}