{"id":45822,"date":"2025-03-31T15:37:00","date_gmt":"2025-03-31T15:37:00","guid":{"rendered":"https:\/\/armstrongyregion.com.ar\/diario\/?p=45822"},"modified":"2025-03-31T15:37:02","modified_gmt":"2025-03-31T15:37:02","slug":"asamblea-general-ordinaria-asociacion-medica-departamento-belgrano","status":"publish","type":"post","link":"https:\/\/armstrongyregion.com.ar\/diario\/asamblea-general-ordinaria-asociacion-medica-departamento-belgrano\/","title":{"rendered":"Asamblea General Ordinaria Asociaci\u00f3n M\u00e9dica Departamento Belgrano."},"content":{"rendered":"\n<figure class=\"wp-block-image size-full\"><img loading=\"lazy\" decoding=\"async\" width=\"536\" height=\"317\" src=\"http:\/\/armstrongyregion.com.ar\/diario\/wp-content\/uploads\/2025\/03\/Foto-Asociacion-Medica.jpg\" alt=\"\" class=\"wp-image-45823\" srcset=\"https:\/\/armstrongyregion.com.ar\/diario\/wp-content\/uploads\/2025\/03\/Foto-Asociacion-Medica.jpg 536w, https:\/\/armstrongyregion.com.ar\/diario\/wp-content\/uploads\/2025\/03\/Foto-Asociacion-Medica-300x177.jpg 300w\" sizes=\"auto, (max-width: 536px) 100vw, 536px\" \/><\/figure>\n\n\n\n<p>De conformidad con las disposiciones estatutarias, conv\u00f3case a los se\u00f1ores<br>asociados de la ASOCIACI\u00d3N M\u00c9DICA DEL DEPARTAMENTO BELGRANO, a la<br>Asamblea General Ordinaria, que se llevar\u00e1 a cabo el d\u00eda 23 de abril de 2025, a las<br>20:30horas, en la sede social sita en calle Paso de los Andes 935 de la ciudad de Las Rosas,<br>para tratar el siguiente:&nbsp;<\/p>\n\n\n\n<p>ORDEN DEL DIA<\/p>\n\n\n\n<p>1\u00ba)&nbsp;Designaci\u00f3n de dos asociados para firmar juntamente con Presidente y Secretaria el Acta<br>de Asamblea.<br>2\u00b0)&nbsp;Considerar, aprobar, rechazar o modificar la Memoria, Inventario, Balance General, Cuenta<br>de Gastos y Recursos, Informe del Revisor de Cuentas y Presupuesto de gastos no corrientes;<br>correspondiente al ejercicio econ\u00f3mico N\u00b0 45 finalizado el 31 de Diciembre de 2024.&nbsp;<br>3\u00b0)&nbsp;Ratificaci\u00f3n del monto de la cuota societaria fijada en $4.000 por la Comisi\u00f3n Directiva.<br>4\u00b0) Aprobaci\u00f3n de la gesti\u00f3n realizada por la Comisi\u00f3n Directiva y el Organo de Fiscalizaci\u00f3n<br>durante el ejercicio N\u00b0 45.<br>5\u00b0)&nbsp;Elecci\u00f3n de autoridades, por el t\u00e9rmino de dos a\u00f1os para integrar la Comisi\u00f3n Directiva.<br>6\u00ba)&nbsp;Elecci\u00f3n de un (1) miembro titular y un (1) miembro suplente, por el t\u00e9rmino de dos a\u00f1os<br>como Revisores de Cuenta.&nbsp;<br>7\u00ba)&nbsp;Elecci\u00f3n de dos (2) delegados a Federaci\u00f3n M\u00e9dica de la Provincia de Santa Fe, por el<br>t\u00e9rmino de dos a\u00f1os.<br>&nbsp;&nbsp;&nbsp;&nbsp;&nbsp;&nbsp; Se encuentran expuestos en la sede social toda la documental que se vaya a tratar en<br>esta Asamblea.<\/p>\n\n\n\n<p>GARRO JULIANA- SECRETARIA\/                TROSCE GERARDO- PRESIDENTE.<br><br>\u00a0\u00a0 Asimismo la convocatoria se publicar\u00e1 a trav\u00e9s del \u201cDiario Armstrong\u201d<br>Art. 51:\u00a0Las Asambleas se celebrar\u00e1n v\u00e1lidamente, sea cual fuere el n\u00famero de los Asociados concurrentes<br>media hora despu\u00e9s de la se\u00f1alada en la convocatoria, si antes no se hubiera reunido ya, la mitad m\u00e1s uno de<br>todos los Asociados con derecho a voto. Las resoluciones ser\u00e1n tomadas por el voto secreto de la simple<br>mayor\u00eda de asociados presentes, salvo que este estatuto prevea una mayor\u00eda superior.-<\/p>\n","protected":false},"excerpt":{"rendered":"<p>Asamblea General Ordinaria Asociaci\u00f3n M\u00e9dica Departamento Belgrano.<\/p>\n","protected":false},"author":1,"featured_media":45823,"comment_status":"open","ping_status":"open","sticky":false,"template":"","format":"image","meta":{"_jetpack_memberships_contains_paid_content":false,"footnotes":"","jetpack_publicize_message":"","jetpack_publicize_feature_enabled":true,"jetpack_social_post_already_shared":true,"jetpack_social_options":{"image_generator_settings":{"template":"highway","default_image_id":0,"enabled":false},"version":2}},"categories":[8,1,2,7,4,3],"tags":[1346,11591,10841,5030,1347,9092],"class_list":["post-45822","post","type-post","status-publish","format-image","has-post-thumbnail","hentry","category-deliberando","category-diario-armstrong","category-locales","category-politica","category-prevencion-salud","category-region","tag-asamblea","tag-asociacion-medica","tag-departamento-belgrano","tag-diario-armstrong","tag-general","tag-ordinaria-2","post_format-post-format-image"],"jetpack_publicize_connections":[],"jetpack_featured_media_url":"https:\/\/armstrongyregion.com.ar\/diario\/wp-content\/uploads\/2025\/03\/Foto-Asociacion-Medica.jpg","jetpack_shortlink":"https:\/\/wp.me\/p62QDO-bV4","jetpack_sharing_enabled":true,"amp_enabled":true,"_links":{"self":[{"href":"https:\/\/armstrongyregion.com.ar\/diario\/wp-json\/wp\/v2\/posts\/45822","targetHints":{"allow":["GET"]}}],"collection":[{"href":"https:\/\/armstrongyregion.com.ar\/diario\/wp-json\/wp\/v2\/posts"}],"about":[{"href":"https:\/\/armstrongyregion.com.ar\/diario\/wp-json\/wp\/v2\/types\/post"}],"author":[{"embeddable":true,"href":"https:\/\/armstrongyregion.com.ar\/diario\/wp-json\/wp\/v2\/users\/1"}],"replies":[{"embeddable":true,"href":"https:\/\/armstrongyregion.com.ar\/diario\/wp-json\/wp\/v2\/comments?post=45822"}],"version-history":[{"count":1,"href":"https:\/\/armstrongyregion.com.ar\/diario\/wp-json\/wp\/v2\/posts\/45822\/revisions"}],"predecessor-version":[{"id":45824,"href":"https:\/\/armstrongyregion.com.ar\/diario\/wp-json\/wp\/v2\/posts\/45822\/revisions\/45824"}],"wp:featuredmedia":[{"embeddable":true,"href":"https:\/\/armstrongyregion.com.ar\/diario\/wp-json\/wp\/v2\/media\/45823"}],"wp:attachment":[{"href":"https:\/\/armstrongyregion.com.ar\/diario\/wp-json\/wp\/v2\/media?parent=45822"}],"wp:term":[{"taxonomy":"category","embeddable":true,"href":"https:\/\/armstrongyregion.com.ar\/diario\/wp-json\/wp\/v2\/categories?post=45822"},{"taxonomy":"post_tag","embeddable":true,"href":"https:\/\/armstrongyregion.com.ar\/diario\/wp-json\/wp\/v2\/tags?post=45822"}],"curies":[{"name":"wp","href":"https:\/\/api.w.org\/{rel}","templated":true}]}}