{"id":45813,"date":"2025-03-31T00:33:46","date_gmt":"2025-03-31T00:33:46","guid":{"rendered":"https:\/\/armstrongyregion.com.ar\/diario\/?p=45813"},"modified":"2025-03-31T03:04:35","modified_gmt":"2025-03-31T03:04:35","slug":"claudia-giaccone-destaca-el-balance-positivo-y-la-vision-de-futuro-de-la-region-centro-tras-un-ano-de-gestion","status":"publish","type":"post","link":"https:\/\/armstrongyregion.com.ar\/diario\/claudia-giaccone-destaca-el-balance-positivo-y-la-vision-de-futuro-de-la-region-centro-tras-un-ano-de-gestion\/","title":{"rendered":"Claudia Giaccone destaca el balance positivo y la visi\u00f3n de futuro de la Regi\u00f3n Centro tras un a\u00f1o de gesti\u00f3n."},"content":{"rendered":"\n<figure class=\"wp-block-image size-large\"><img loading=\"lazy\" decoding=\"async\" width=\"640\" height=\"430\" src=\"http:\/\/armstrongyregion.com.ar\/diario\/wp-content\/uploads\/2025\/03\/REGION-CENTRO-UNIDOS-1--640x430.jpg\" alt=\"\" class=\"wp-image-45814\" srcset=\"https:\/\/armstrongyregion.com.ar\/diario\/wp-content\/uploads\/2025\/03\/REGION-CENTRO-UNIDOS-1--640x430.jpg 640w, https:\/\/armstrongyregion.com.ar\/diario\/wp-content\/uploads\/2025\/03\/REGION-CENTRO-UNIDOS-1--300x201.jpg 300w, https:\/\/armstrongyregion.com.ar\/diario\/wp-content\/uploads\/2025\/03\/REGION-CENTRO-UNIDOS-1-.jpg 645w\" sizes=\"auto, (max-width: 640px) 100vw, 640px\" \/><\/figure>\n\n\n\n<h2 class=\"wp-block-heading\">La Subsecretaria y Delegada para la Regi\u00f3n Centro por la provincia de Santa Fe ,habl\u00f3 de logros y visi\u00f3n futura. Sus palabras reflejaron colaboraci\u00f3n y compromiso con el federalismo. En otro tema, el partido \u00abHacemos\u00bb ingres\u00f3 a la coalici\u00f3n Unidos, que gobierna dicha provincia.<\/h2>\n\n\n\n<figure class=\"wp-block-image size-large\"><img loading=\"lazy\" decoding=\"async\" width=\"640\" height=\"478\" src=\"http:\/\/armstrongyregion.com.ar\/diario\/wp-content\/uploads\/2025\/03\/REGION-CENTRO-UNIDOS-2--640x478.jpg\" alt=\"\" class=\"wp-image-45815\" srcset=\"https:\/\/armstrongyregion.com.ar\/diario\/wp-content\/uploads\/2025\/03\/REGION-CENTRO-UNIDOS-2--640x478.jpg 640w, https:\/\/armstrongyregion.com.ar\/diario\/wp-content\/uploads\/2025\/03\/REGION-CENTRO-UNIDOS-2--300x224.jpg 300w, https:\/\/armstrongyregion.com.ar\/diario\/wp-content\/uploads\/2025\/03\/REGION-CENTRO-UNIDOS-2-.jpg 645w\" sizes=\"auto, (max-width: 640px) 100vw, 640px\" \/><\/figure>\n\n\n\n<h3 class=\"wp-block-heading\">Un a\u00f1o de trabajo conjunto y resultados concretos en la Regi\u00f3n Centro<\/h3>\n\n\n\n<p>En el marco del traspaso de la presidencia de la Regi\u00f3n Centro, Claudia Giaccone, Subsecretaria santafesina para la Regi\u00f3n Centro, ofreci\u00f3 un balance de la gesti\u00f3n del \u00faltimo a\u00f1o, destacando los logros alcanzados y la visi\u00f3n de futuro para la regi\u00f3n. Sus palabras reflejaron el esp\u00edritu de colaboraci\u00f3n y el compromiso con el federalismo que ha caracterizado este per\u00edodo.&nbsp;<\/p>\n\n\n\n<p>Giaccone enfatiz\u00f3 el balance positivo de la gesti\u00f3n que asumieron hace un a\u00f1o junto al gobernador Maximiliano Pullaro.&nbsp;<em>\u00abHoy es un d\u00eda para decir much\u00edsimas cosas pero creo que vamos a priorizar un balance de la gesti\u00f3n que nos toc\u00f3 hace un a\u00f1o al asumir como presidente protempore de la Regi\u00f3n Centro nuestro gobernador Maximiliano Pullaro; pero sobre todo es un d\u00eda para hacer agradecimientos\u00bb.<\/em><\/p>\n\n\n\n<p>La Subsecretaria destac\u00f3 el trabajo conjunto entre provincias y tambi\u00e9n la creaci\u00f3n de una Agencia de Evaluaci\u00f3n Educativa Regional, se\u00f1alando que esto es&nbsp;<em>\u00abun salto de calidad, una instancia supraregional que est\u00e1 demostrando que esto viene en serio y que va a durar en nuestra regi\u00f3n\u00bb.<\/em><\/p>\n\n\n\n<h3 class=\"wp-block-heading\">Partido Hacemos se suma a Unidos en Santa Fe<\/h3>\n\n\n\n<p>&nbsp;En un movimiento pol\u00edtico importante, el gobernador de Santa Fe, Maximiliano Pullaro, anunci\u00f3 la incorporaci\u00f3n del partido \u00abHacemos\u00bb al frente pol\u00edtico Unidos en la provincia. Esta adhesi\u00f3n lo convierte en el onceavo miembro de la coalici\u00f3n, fortaleciendo el oficialismo santafesino y generando expectativas sobre la posibilidad de un programa regional com\u00fan.<\/p>\n\n\n\n<p>El partido Hacemos Santa Fe est\u00e1 liderado por Claudia Giaccone, quien tambi\u00e9n se desempe\u00f1a como Subsecretaria santafesina para la Regi\u00f3n Centro, y Agust\u00edn Ponzio, de Las Rosas, como vicepresidente. A nivel nacional, este espacio pol\u00edtico se identifica con el gobernador de C\u00f3rdoba, Mart\u00edn Llaryora, y el ex gobernador Juan Schiaretti.<\/p>\n\n\n\n<h3 class=\"wp-block-heading\">Hacia un programa de gobierno com\u00fan en la Regi\u00f3n Centro<\/h3>\n\n\n\n<p>El gobernador Pullaro expres\u00f3 su optimismo ante esta nueva incorporaci\u00f3n, resaltando la posibilidad de que las provincias de la Regi\u00f3n Centro, actualmente gobernadas por partidos afines, puedan desarrollar un programa de gobierno conjunto.&nbsp;<em>\u00abHoy el partido Hacemos ha ingresado al frente pol\u00edtico Unidos, siendo el partido n\u00famero 11, con lo cual para nosotros es una esperanza muy, pero muy grande\u00bb<\/em>, afirm\u00f3.<\/p>\n\n\n\n<p>El mandatario santafesino enfatiz\u00f3 la necesidad de que este programa regional se traduzca en pol\u00edticas p\u00fablicas concretas que beneficien a los trabajadores y productores, diferenci\u00e1ndose de discursos sin impacto real.&nbsp;<em>\u00abQue los partidos que hoy nos toca gobernar las provincias de la Regi\u00f3n Centro podamos tener un programa de gobierno com\u00fan, lo que no significa que tal vez ninguno de nosotros lo encabece, pero s\u00ed un programa de gobierno que salga a defender a quienes trabajan y producen en la Rep\u00fablica Argentina\u00bb,<\/em>&nbsp;concluy\u00f3 Pullaro.<\/p>\n\n\n\n<hr class=\"wp-block-separator has-alpha-channel-opacity\"\/>\n\n\n\n<h3 class=\"wp-block-heading\">Pullaro destaca la participaci\u00f3n de Giaccone en el debate sobre el futuro argentino<\/h3>\n\n\n\n<p><em>\u00abD\u00e9jenme destacar la figura de nuestra subsecretaria y delegada, de la licenciada Claudia Giaccone, que realmente le ha puesto una impronta muy, pero muy importante,\u00bb&nbsp;<\/em>afirm\u00f3 el gobernador de Santa Fe, Maximiliano Pullaro, rescatando su significativa contribuci\u00f3n &nbsp;debate sobre pol\u00edticas p\u00fablicas y la planificaci\u00f3n estrat\u00e9gica para el futuro de Argentina.&nbsp;<\/p>\n\n\n\n<p>Subray\u00f3 que la gesti\u00f3n de Giaccone se caracteriza por ir&nbsp;<em>\u00abdiscutiendo pol\u00edticas p\u00fablicas, pensando proyectos estrat\u00e9gicos, pero fundamentalmente convocando y escuchando. Convocando a las autoridades pol\u00edticas, pero convocando a la sociedad civil. Debatiendo temas en profundidad.\u00bb&nbsp;<\/em>Esta metodolog\u00eda inclusiva permiti\u00f3 integrar diversas perspectivas en la b\u00fasqueda de un futuro promisorio para el pa\u00eds.<\/p>\n\n\n\n<p>El gobernador tambi\u00e9n hizo referencia al importante foro de debate impulsado por la Subsecretar\u00eda, que reuni\u00f3 las ideas y las miradas de tres provincias argentinas. Este espacio se cre\u00f3 con el objetivo de analizar las realidades particulares de cada regi\u00f3n y construir una visi\u00f3n compartida del futuro de Argentina. En sus declaraciones, resalt\u00f3 el compromiso de Giacone por estar<em>&nbsp;\u00abintentando acercarnos al futuro de la Argentina que debe ser.\u00bb<\/em>&nbsp;En este sentido, Pullaro transmiti\u00f3 un mensaje directo a los nuevas generaciones:&nbsp;<em>\u00abDecirles a los j\u00f3venes de estas tres provincias que el futuro est\u00e1 en ustedes.\u00bb<\/em><\/p>\n\n\n\n<p>Las Rosas Digital.<\/p>\n\n\n\n<p><\/p>\n","protected":false},"excerpt":{"rendered":"<p>Claudia Giaccone destaca el balance positivo y la visi\u00f3n de futuro de la Regi\u00f3n Centro tras un a\u00f1o de gesti\u00f3n.<\/p>\n","protected":false},"author":1,"featured_media":45814,"comment_status":"open","ping_status":"open","sticky":false,"template":"","format":"image","meta":{"_jetpack_memberships_contains_paid_content":false,"footnotes":"","jetpack_publicize_message":"","jetpack_publicize_feature_enabled":true,"jetpack_social_post_already_shared":true,"jetpack_social_options":{"image_generator_settings":{"template":"highway","default_image_id":0,"enabled":false},"version":2}},"categories":[6,8,1,2,7,3],"tags":[1319,5030,8777,2846,10515,1448],"class_list":["post-45813","post","type-post","status-publish","format-image","has-post-thumbnail","hentry","category-cultura-entretenimiento","category-deliberando","category-diario-armstrong","category-locales","category-politica","category-region","tag-claudia-giaccone","tag-diario-armstrong","tag-lic-graciela-de-la-casa","tag-pullaro","tag-region-centro","tag-unidos","post_format-post-format-image"],"jetpack_publicize_connections":[],"jetpack_featured_media_url":"https:\/\/armstrongyregion.com.ar\/diario\/wp-content\/uploads\/2025\/03\/REGION-CENTRO-UNIDOS-1-.jpg","jetpack_shortlink":"https:\/\/wp.me\/p62QDO-bUV","jetpack_sharing_enabled":true,"amp_enabled":true,"_links":{"self":[{"href":"https:\/\/armstrongyregion.com.ar\/diario\/wp-json\/wp\/v2\/posts\/45813","targetHints":{"allow":["GET"]}}],"collection":[{"href":"https:\/\/armstrongyregion.com.ar\/diario\/wp-json\/wp\/v2\/posts"}],"about":[{"href":"https:\/\/armstrongyregion.com.ar\/diario\/wp-json\/wp\/v2\/types\/post"}],"author":[{"embeddable":true,"href":"https:\/\/armstrongyregion.com.ar\/diario\/wp-json\/wp\/v2\/users\/1"}],"replies":[{"embeddable":true,"href":"https:\/\/armstrongyregion.com.ar\/diario\/wp-json\/wp\/v2\/comments?post=45813"}],"version-history":[{"count":2,"href":"https:\/\/armstrongyregion.com.ar\/diario\/wp-json\/wp\/v2\/posts\/45813\/revisions"}],"predecessor-version":[{"id":45817,"href":"https:\/\/armstrongyregion.com.ar\/diario\/wp-json\/wp\/v2\/posts\/45813\/revisions\/45817"}],"wp:featuredmedia":[{"embeddable":true,"href":"https:\/\/armstrongyregion.com.ar\/diario\/wp-json\/wp\/v2\/media\/45814"}],"wp:attachment":[{"href":"https:\/\/armstrongyregion.com.ar\/diario\/wp-json\/wp\/v2\/media?parent=45813"}],"wp:term":[{"taxonomy":"category","embeddable":true,"href":"https:\/\/armstrongyregion.com.ar\/diario\/wp-json\/wp\/v2\/categories?post=45813"},{"taxonomy":"post_tag","embeddable":true,"href":"https:\/\/armstrongyregion.com.ar\/diario\/wp-json\/wp\/v2\/tags?post=45813"}],"curies":[{"name":"wp","href":"https:\/\/api.w.org\/{rel}","templated":true}]}}