{"id":45803,"date":"2025-03-30T23:29:55","date_gmt":"2025-03-30T23:29:55","guid":{"rendered":"https:\/\/armstrongyregion.com.ar\/diario\/?p=45803"},"modified":"2025-03-30T23:29:57","modified_gmt":"2025-03-30T23:29:57","slug":"semblanzas-del-pasado-ruben-principe-y-la-belleza-cotidiana-de-armstrong","status":"publish","type":"post","link":"https:\/\/armstrongyregion.com.ar\/diario\/semblanzas-del-pasado-ruben-principe-y-la-belleza-cotidiana-de-armstrong\/","title":{"rendered":"\u00abSemblanzas del Pasado\u00bb: Rub\u00e9n Pr\u00edncipe y la Belleza Cotidiana de Armstrong."},"content":{"rendered":"\n<figure class=\"wp-block-image size-large\"><img loading=\"lazy\" decoding=\"async\" width=\"640\" height=\"480\" src=\"http:\/\/armstrongyregion.com.ar\/diario\/wp-content\/uploads\/2025\/03\/SEMBLANZAS-1--640x480.jpg\" alt=\"\" class=\"wp-image-45804\" srcset=\"https:\/\/armstrongyregion.com.ar\/diario\/wp-content\/uploads\/2025\/03\/SEMBLANZAS-1--640x480.jpg 640w, https:\/\/armstrongyregion.com.ar\/diario\/wp-content\/uploads\/2025\/03\/SEMBLANZAS-1--300x225.jpg 300w, https:\/\/armstrongyregion.com.ar\/diario\/wp-content\/uploads\/2025\/03\/SEMBLANZAS-1-.jpg 714w\" sizes=\"auto, (max-width: 640px) 100vw, 640px\" \/><\/figure>\n\n\n\n<p><strong>El Museo Hist\u00f3rico Municipal de Armstrong, el pasado viernes, se visti\u00f3 de gala con la inauguraci\u00f3n de \u00abSemblanzas del Pasado\u00bb, la primera muestra itinerante de este 1025 sobre obras de arte; ellas, destacan parte de la colecci\u00f3n de pinturas del artista local Rub\u00e9n Pr\u00edncipe, un homenaje a la historia y los paisajes cotidianos de su ciudad natal. <\/strong><\/p>\n\n\n\n<figure class=\"wp-block-image size-large\"><img loading=\"lazy\" decoding=\"async\" width=\"470\" height=\"480\" src=\"http:\/\/armstrongyregion.com.ar\/diario\/wp-content\/uploads\/2025\/03\/SEMBLANZAS-2--470x480.jpg\" alt=\"\" class=\"wp-image-45805\" srcset=\"https:\/\/armstrongyregion.com.ar\/diario\/wp-content\/uploads\/2025\/03\/SEMBLANZAS-2--470x480.jpg 470w, https:\/\/armstrongyregion.com.ar\/diario\/wp-content\/uploads\/2025\/03\/SEMBLANZAS-2--294x300.jpg 294w, https:\/\/armstrongyregion.com.ar\/diario\/wp-content\/uploads\/2025\/03\/SEMBLANZAS-2-.jpg 536w\" sizes=\"auto, (max-width: 470px) 100vw, 470px\" \/><\/figure>\n\n\n\n<p>Pr\u00edncipe, en una entrevista con nuestro medio, comparti\u00f3 su pasi\u00f3n por retratar las escenas y lugares emblem\u00e1ticos de Armstrong. Su obra no se centra en paisajes ex\u00f3ticos, sino en la belleza que encuentra en lo cotidiano:<strong> \u00abNo pinto monta\u00f1as nevadas o lagos cristalinos \u2013 explic\u00f3 \u2013. Yo pinto mi lugar, donde transcurri\u00f3 mi infancia, adolescencia, donde trabaj\u00e9 y forj\u00e9 mis amistades. Es un tributo a mi lugar en el mundo.\u00bb <\/strong><\/p>\n\n\n\n<figure class=\"wp-block-image size-large\"><img loading=\"lazy\" decoding=\"async\" width=\"360\" height=\"480\" src=\"http:\/\/armstrongyregion.com.ar\/diario\/wp-content\/uploads\/2025\/03\/SEMBLANZAS-4--360x480.jpg\" alt=\"\" class=\"wp-image-45806\" srcset=\"https:\/\/armstrongyregion.com.ar\/diario\/wp-content\/uploads\/2025\/03\/SEMBLANZAS-4--360x480.jpg 360w, https:\/\/armstrongyregion.com.ar\/diario\/wp-content\/uploads\/2025\/03\/SEMBLANZAS-4--225x300.jpg 225w, https:\/\/armstrongyregion.com.ar\/diario\/wp-content\/uploads\/2025\/03\/SEMBLANZAS-4-.jpg 536w\" sizes=\"auto, (max-width: 360px) 100vw, 360px\" \/><\/figure>\n\n\n\n<p>Su proceso creativo es org\u00e1nico, guiado por la inspiraci\u00f3n del momento: <strong>\u00abCuando tengo tiempo, mi esposa y yo recorremos los paisajes de la zona, buscando ideas para nuevos cuadros. Siempre en Armstrong y en nuestra regi\u00f3n. Si Dios me da vida, seguir\u00e9 trabajando aqu\u00ed, con nuestra gente, con los obreros, los trabajadores del campo y las f\u00e1bricas.\u00bb <\/strong><\/p>\n\n\n\n<figure class=\"wp-block-image size-large\"><img loading=\"lazy\" decoding=\"async\" width=\"640\" height=\"480\" src=\"http:\/\/armstrongyregion.com.ar\/diario\/wp-content\/uploads\/2025\/03\/SEMBLANZAS-3--640x480.jpg\" alt=\"\" class=\"wp-image-45807\" srcset=\"https:\/\/armstrongyregion.com.ar\/diario\/wp-content\/uploads\/2025\/03\/SEMBLANZAS-3--640x480.jpg 640w, https:\/\/armstrongyregion.com.ar\/diario\/wp-content\/uploads\/2025\/03\/SEMBLANZAS-3--300x225.jpg 300w, https:\/\/armstrongyregion.com.ar\/diario\/wp-content\/uploads\/2025\/03\/SEMBLANZAS-3-.jpg 714w\" sizes=\"auto, (max-width: 640px) 100vw, 640px\" \/><\/figure>\n\n\n\n<p><strong>La muestra no solo refleja el crecimiento de Armstrong a trav\u00e9s del tiempo, sino tambi\u00e9n el profundo v\u00ednculo del artista con su comunidad.<\/strong> Pr\u00edncipe ha vendido algunas de sus obras por encargo, respondiendo a los deseos emocionales de sus clientes: \u00abUna mujer de Buenos Aires, con una estancia en Arequito, me pidi\u00f3 que pintara el casco de su propiedad. Para ella, era un pedazo de su vida, de sus recuerdos.\u00bb<\/p>\n\n\n\n<figure class=\"wp-block-image size-large\"><img loading=\"lazy\" decoding=\"async\" width=\"640\" height=\"480\" src=\"http:\/\/armstrongyregion.com.ar\/diario\/wp-content\/uploads\/2025\/03\/SEMBLANZAS-5--640x480.jpg\" alt=\"\" class=\"wp-image-45808\" srcset=\"https:\/\/armstrongyregion.com.ar\/diario\/wp-content\/uploads\/2025\/03\/SEMBLANZAS-5--640x480.jpg 640w, https:\/\/armstrongyregion.com.ar\/diario\/wp-content\/uploads\/2025\/03\/SEMBLANZAS-5--300x225.jpg 300w, https:\/\/armstrongyregion.com.ar\/diario\/wp-content\/uploads\/2025\/03\/SEMBLANZAS-5-.jpg 714w\" sizes=\"auto, (max-width: 640px) 100vw, 640px\" \/><\/figure>\n\n\n\n<p> <strong>\u00abSemblanzas del Pasado\u00bb es una oportunidad \u00fanica para apreciar el talento de Rub\u00e9n Pr\u00edncipe y la riqueza cultural de Armstrong. La exposici\u00f3n invita a reflexionar sobre la belleza que se encuentra en lo simple, en la cotidianidad de nuestros paisajes y en el arraigo a nuestras ra\u00edces.\u00a0<\/strong><\/p>\n","protected":false},"excerpt":{"rendered":"<p>\u00abSemblanzas del Pasado\u00bb: Rub\u00e9n Pr\u00edncipe y la Belleza Cotidiana de Armstrong.<\/p>\n","protected":false},"author":1,"featured_media":45804,"comment_status":"open","ping_status":"open","sticky":false,"template":"","format":"image","meta":{"_jetpack_memberships_contains_paid_content":false,"footnotes":"","jetpack_publicize_message":"","jetpack_publicize_feature_enabled":true,"jetpack_social_post_already_shared":true,"jetpack_social_options":{"image_generator_settings":{"template":"highway","default_image_id":0,"enabled":false},"version":2}},"categories":[8,1,2,7,3],"tags":[20,11588,3008,5030,8777,11587,11589],"class_list":["post-45803","post","type-post","status-publish","format-image","has-post-thumbnail","hentry","category-deliberando","category-diario-armstrong","category-locales","category-politica","category-region","tag-armstrong","tag-bellea","tag-cotidiana","tag-diario-armstrong","tag-lic-graciela-de-la-casa","tag-ruben-principe","tag-semblanas-del-pasado-2","post_format-post-format-image"],"jetpack_publicize_connections":[],"jetpack_featured_media_url":"https:\/\/armstrongyregion.com.ar\/diario\/wp-content\/uploads\/2025\/03\/SEMBLANZAS-1-.jpg","jetpack_shortlink":"https:\/\/wp.me\/p62QDO-bUL","jetpack_sharing_enabled":true,"amp_enabled":true,"_links":{"self":[{"href":"https:\/\/armstrongyregion.com.ar\/diario\/wp-json\/wp\/v2\/posts\/45803","targetHints":{"allow":["GET"]}}],"collection":[{"href":"https:\/\/armstrongyregion.com.ar\/diario\/wp-json\/wp\/v2\/posts"}],"about":[{"href":"https:\/\/armstrongyregion.com.ar\/diario\/wp-json\/wp\/v2\/types\/post"}],"author":[{"embeddable":true,"href":"https:\/\/armstrongyregion.com.ar\/diario\/wp-json\/wp\/v2\/users\/1"}],"replies":[{"embeddable":true,"href":"https:\/\/armstrongyregion.com.ar\/diario\/wp-json\/wp\/v2\/comments?post=45803"}],"version-history":[{"count":1,"href":"https:\/\/armstrongyregion.com.ar\/diario\/wp-json\/wp\/v2\/posts\/45803\/revisions"}],"predecessor-version":[{"id":45809,"href":"https:\/\/armstrongyregion.com.ar\/diario\/wp-json\/wp\/v2\/posts\/45803\/revisions\/45809"}],"wp:featuredmedia":[{"embeddable":true,"href":"https:\/\/armstrongyregion.com.ar\/diario\/wp-json\/wp\/v2\/media\/45804"}],"wp:attachment":[{"href":"https:\/\/armstrongyregion.com.ar\/diario\/wp-json\/wp\/v2\/media?parent=45803"}],"wp:term":[{"taxonomy":"category","embeddable":true,"href":"https:\/\/armstrongyregion.com.ar\/diario\/wp-json\/wp\/v2\/categories?post=45803"},{"taxonomy":"post_tag","embeddable":true,"href":"https:\/\/armstrongyregion.com.ar\/diario\/wp-json\/wp\/v2\/tags?post=45803"}],"curies":[{"name":"wp","href":"https:\/\/api.w.org\/{rel}","templated":true}]}}