{"id":45794,"date":"2025-03-28T21:37:45","date_gmt":"2025-03-28T21:37:45","guid":{"rendered":"https:\/\/armstrongyregion.com.ar\/diario\/?p=45794"},"modified":"2025-03-28T21:37:47","modified_gmt":"2025-03-28T21:37:47","slug":"la-fundacion-tecnologica-armstrong-es-una-realidad","status":"publish","type":"post","link":"https:\/\/armstrongyregion.com.ar\/diario\/la-fundacion-tecnologica-armstrong-es-una-realidad\/","title":{"rendered":"La Fundaci\u00f3n Tecnol\u00f3gica Armstrong es una realidad."},"content":{"rendered":"\n<figure class=\"wp-block-image size-full\"><img loading=\"lazy\" decoding=\"async\" width=\"520\" height=\"347\" src=\"http:\/\/armstrongyregion.com.ar\/diario\/wp-content\/uploads\/2025\/03\/UNI-1-.jpg\" alt=\"\" class=\"wp-image-45795\" srcset=\"https:\/\/armstrongyregion.com.ar\/diario\/wp-content\/uploads\/2025\/03\/UNI-1-.jpg 520w, https:\/\/armstrongyregion.com.ar\/diario\/wp-content\/uploads\/2025\/03\/UNI-1--300x200.jpg 300w\" sizes=\"auto, (max-width: 520px) 100vw, 520px\" \/><\/figure>\n\n\n\n<p>En la ma\u00f1ana del jueves 27 de marzo en el auditorio Delmo Dar\u00f3 se concret\u00f3 la firma del Acta<br>Constitutiva de la Fundaci\u00f3n Tecnol\u00f3gica Armstrong, con compromiso p\u00fablico privado basado en<br>herramientas claras y concretas como lo son la educaci\u00f3n y la tecnolog\u00eda.<\/p>\n\n\n\n<figure class=\"wp-block-image size-full\"><img loading=\"lazy\" decoding=\"async\" width=\"520\" height=\"347\" src=\"http:\/\/armstrongyregion.com.ar\/diario\/wp-content\/uploads\/2025\/03\/UNI-2-.jpg\" alt=\"\" class=\"wp-image-45796\" srcset=\"https:\/\/armstrongyregion.com.ar\/diario\/wp-content\/uploads\/2025\/03\/UNI-2-.jpg 520w, https:\/\/armstrongyregion.com.ar\/diario\/wp-content\/uploads\/2025\/03\/UNI-2--300x200.jpg 300w\" sizes=\"auto, (max-width: 520px) 100vw, 520px\" \/><\/figure>\n\n\n\n<p><br>Forman parte de la misma la Municipalidad de Armstrong, la Universidad Tecnol\u00f3gica Nacional<br>(UTN), el Centro Comercial Industrial y Rural de Armstrong (CCIR) y la Desarrolladora Life.<br>En este acto se encontraban presentes el Intendente Ing. Guillermo Luzzi, el Rector de la UTN Ing.<br>Rub\u00e9n Soro, el Sr. Bruno Coloccini en representaci\u00f3n de Desarrolladora Life, el Presidente del CCIR<br>Hern\u00e1n Franceschina, decanos de la UTN, autoridades y p\u00fablico en gral.<\/p>\n\n\n\n<figure class=\"wp-block-image size-large\"><img loading=\"lazy\" decoding=\"async\" width=\"640\" height=\"426\" src=\"http:\/\/armstrongyregion.com.ar\/diario\/wp-content\/uploads\/2025\/03\/UNI-3--640x426.jpg\" alt=\"\" class=\"wp-image-45797\" srcset=\"https:\/\/armstrongyregion.com.ar\/diario\/wp-content\/uploads\/2025\/03\/UNI-3--640x426.jpg 640w, https:\/\/armstrongyregion.com.ar\/diario\/wp-content\/uploads\/2025\/03\/UNI-3--300x200.jpg 300w, https:\/\/armstrongyregion.com.ar\/diario\/wp-content\/uploads\/2025\/03\/UNI-3-.jpg 734w\" sizes=\"auto, (max-width: 640px) 100vw, 640px\" \/><\/figure>\n\n\n\n<p><br>El objetivo de la fundaci\u00f3n es promover actividades y emprendimientos que impliquen el desarrollo<br>socioecon\u00f3mico de la ciudad y la regi\u00f3n, fomentando el crecimiento y la competitividad de las<br>diversas empresas e instituciones vinculadas al sector productivo, promoviendo el desarrollo<br>tecnol\u00f3gico y acercando a la ciudad y a la regi\u00f3n herramientas que pueden contribuir a mejorar la<br>producci\u00f3n de bienes, aplicar tecnolog\u00edas habilitadoras e impulsar la innovaci\u00f3n en el sector,<br>aportando tambi\u00e9n a la seguridad y calidad de los equipos, contribuyendo as\u00ed al desarrollo sostenible<br>del sector productivo con est\u00e1ndares de excelencia en seguridad y calidad, que beneficie a toda la<br>industria agr\u00edcola, forestal, vial, minera y dem\u00e1s rubros en nuestra ciudad, regi\u00f3n y pa\u00eds;<br>promoviendo la investigaci\u00f3n y formaci\u00f3n acad\u00e9mica en esa \u00e1rea a trav\u00e9s de la capacitaci\u00f3n,<br>educaci\u00f3n y formaci\u00f3n continua.<\/p>\n\n\n\n<figure class=\"wp-block-image size-full\"><img loading=\"lazy\" decoding=\"async\" width=\"520\" height=\"347\" src=\"http:\/\/armstrongyregion.com.ar\/diario\/wp-content\/uploads\/2025\/03\/UNI-4-.jpg\" alt=\"\" class=\"wp-image-45798\" srcset=\"https:\/\/armstrongyregion.com.ar\/diario\/wp-content\/uploads\/2025\/03\/UNI-4-.jpg 520w, https:\/\/armstrongyregion.com.ar\/diario\/wp-content\/uploads\/2025\/03\/UNI-4--300x200.jpg 300w\" sizes=\"auto, (max-width: 520px) 100vw, 520px\" \/><\/figure>\n\n\n\n<p><br>Esta flamante Fundaci\u00f3n podr\u00e1 llevar adelante ensayos, educaci\u00f3n, formaci\u00f3n de recursos humanos,<br>difusi\u00f3n y promoci\u00f3n, innovaci\u00f3n abierta e I+D, fomento de la sustentabilidad, extensi\u00f3n a la<br>comunidad, convenios con instituciones, capacitaci\u00f3n del personal, pruebas y evaluaciones,<br>colaboraci\u00f3n con fabricantes, investigaci\u00f3n y desarrollo, publicaciones y difusi\u00f3n, eventos y<br>seminarios, red de colaboraci\u00f3n, auditor\u00edas y seguimiento, promoci\u00f3n de la certificaci\u00f3n.<br>Ser\u00e1 dirigida por un Consejo Administrativo integrado por doce personas, tres representantes por<br>cada una de las entidades fundadoras.<br>Las firmas del Acta Fundacional han sido respaldadas por la Escribana P\u00fablica Mar\u00eda In\u00e9s Lombardi.<\/p>\n","protected":false},"excerpt":{"rendered":"<p>La Fundaci\u00f3n Tecnol\u00f3gica Armstrong es una realidad.<\/p>\n","protected":false},"author":1,"featured_media":45795,"comment_status":"open","ping_status":"open","sticky":false,"template":"","format":"image","meta":{"_jetpack_memberships_contains_paid_content":false,"footnotes":"","jetpack_publicize_message":"","jetpack_publicize_feature_enabled":true,"jetpack_social_post_already_shared":true,"jetpack_social_options":{"image_generator_settings":{"template":"highway","default_image_id":0,"enabled":false},"version":2}},"categories":[8,1,2,7],"tags":[20,5030,139,2076,8777,9352,11586,103],"class_list":["post-45794","post","type-post","status-publish","format-image","has-post-thumbnail","hentry","category-deliberando","category-diario-armstrong","category-locales","category-politica","tag-armstrong","tag-diario-armstrong","tag-es","tag-fundacion","tag-lic-graciela-de-la-casa","tag-realidad-2","tag-tecnologica","tag-una","post_format-post-format-image"],"jetpack_publicize_connections":[],"jetpack_featured_media_url":"https:\/\/armstrongyregion.com.ar\/diario\/wp-content\/uploads\/2025\/03\/UNI-1-.jpg","jetpack_shortlink":"https:\/\/wp.me\/p62QDO-bUC","jetpack_sharing_enabled":true,"amp_enabled":true,"_links":{"self":[{"href":"https:\/\/armstrongyregion.com.ar\/diario\/wp-json\/wp\/v2\/posts\/45794","targetHints":{"allow":["GET"]}}],"collection":[{"href":"https:\/\/armstrongyregion.com.ar\/diario\/wp-json\/wp\/v2\/posts"}],"about":[{"href":"https:\/\/armstrongyregion.com.ar\/diario\/wp-json\/wp\/v2\/types\/post"}],"author":[{"embeddable":true,"href":"https:\/\/armstrongyregion.com.ar\/diario\/wp-json\/wp\/v2\/users\/1"}],"replies":[{"embeddable":true,"href":"https:\/\/armstrongyregion.com.ar\/diario\/wp-json\/wp\/v2\/comments?post=45794"}],"version-history":[{"count":1,"href":"https:\/\/armstrongyregion.com.ar\/diario\/wp-json\/wp\/v2\/posts\/45794\/revisions"}],"predecessor-version":[{"id":45799,"href":"https:\/\/armstrongyregion.com.ar\/diario\/wp-json\/wp\/v2\/posts\/45794\/revisions\/45799"}],"wp:featuredmedia":[{"embeddable":true,"href":"https:\/\/armstrongyregion.com.ar\/diario\/wp-json\/wp\/v2\/media\/45795"}],"wp:attachment":[{"href":"https:\/\/armstrongyregion.com.ar\/diario\/wp-json\/wp\/v2\/media?parent=45794"}],"wp:term":[{"taxonomy":"category","embeddable":true,"href":"https:\/\/armstrongyregion.com.ar\/diario\/wp-json\/wp\/v2\/categories?post=45794"},{"taxonomy":"post_tag","embeddable":true,"href":"https:\/\/armstrongyregion.com.ar\/diario\/wp-json\/wp\/v2\/tags?post=45794"}],"curies":[{"name":"wp","href":"https:\/\/api.w.org\/{rel}","templated":true}]}}