{"id":45781,"date":"2025-03-26T20:27:34","date_gmt":"2025-03-26T20:27:34","guid":{"rendered":"https:\/\/armstrongyregion.com.ar\/diario\/?p=45781"},"modified":"2025-03-26T20:27:36","modified_gmt":"2025-03-26T20:27:36","slug":"fischer-solicita-al-ejecutivo-un-informe-por-deterioro-del-cementerio-municipal-de-armstrong","status":"publish","type":"post","link":"https:\/\/armstrongyregion.com.ar\/diario\/fischer-solicita-al-ejecutivo-un-informe-por-deterioro-del-cementerio-municipal-de-armstrong\/","title":{"rendered":"\u00a0Fischer solicita al ejecutivo un informe por deterioro del Cementerio Municipal de Armstrong."},"content":{"rendered":"\n<figure class=\"wp-block-image size-full\"><img loading=\"lazy\" decoding=\"async\" width=\"756\" height=\"936\" src=\"http:\/\/armstrongyregion.com.ar\/diario\/wp-content\/uploads\/2024\/05\/Luz-Marina-Fischer-8-5-24.jpg\" alt=\"\" class=\"wp-image-42739\" srcset=\"https:\/\/armstrongyregion.com.ar\/diario\/wp-content\/uploads\/2024\/05\/Luz-Marina-Fischer-8-5-24.jpg 756w, https:\/\/armstrongyregion.com.ar\/diario\/wp-content\/uploads\/2024\/05\/Luz-Marina-Fischer-8-5-24-242x300.jpg 242w\" sizes=\"auto, (max-width: 756px) 100vw, 756px\" \/><\/figure>\n\n\n\n<p>\u00a0<strong>La concejal Luz Marina Fischer present\u00f3 un pedido de informe al municipio sobre el preocupante estado de deterioro del cementerio municipal de Armstrong.  La edila denunci\u00f3 la falta de mantenimiento, vandalismo, hurtos y la inundaci\u00f3n de nichos nuevos, entre otras problem\u00e1ticas.<\/strong><\/p>\n\n\n\n<p> <strong>Falta de Mantenimiento y Vandalismo.<\/strong><\/p>\n\n\n\n<p> Preocupan a la Concejal Fischer, quien desde su bloque lleva a\u00f1os solicitando informes, debido a estas irregularidades, se\u00f1al\u00f3 que el problema no se limita a la est\u00e9tica, sino que afecta la dignidad de los difuntos y la tranquilidad de los familiares. <\/p>\n\n\n\n<p>\u00abEl problema empieza de la puerta para adentro, porque la fachada esta prolija\u00bb, afirm\u00f3 la concejal, describiendo un panorama de nichos abandonados, vandalismo, hurtos de pertenencias de los seres queridos y la preocupante inundaci\u00f3n de nichos nuevos. <\/p>\n\n\n\n<p>La concejal mostr\u00f3 su indignaci\u00f3n ante la inundaci\u00f3n de los nichos reci\u00e9n construidos, cuestionando la calidad de la obra y solicitando una investigaci\u00f3n exhaustiva para determinar las causas de esta falla. \u00abNichos que se construyeron hace 50 a\u00f1os por Ricardo Fischer y nichos que se construyeron hace 20 a\u00f1os por Fernando Fischer no tienen este problema, \u00bfC\u00f3mo es posible que los nuevos s\u00ed?\u00bb, se pregunt\u00f3.<\/p>\n\n\n\n<p> Adem\u00e1s de la falta de mantenimiento, Fischer mostr\u00f3 su descontento a la falta de nichos disponibles y la pr\u00e1ctica de cambiar los f\u00e9retros sin previo aviso a los familiares, lo cual calific\u00f3 como \u00abtremendo\u00bb e irrespetuoso. Propuso como soluci\u00f3n un relevamiento de los nichos y b\u00f3vedas existentes para identificar aquellos en desuso y poder reutilizarlos, en lugar de comprar un nuevo terreno. <\/p>\n\n\n\n<p><strong>Un Llamado a la Gesti\u00f3n Municipal.<\/strong><\/p>\n\n\n\n<p> La concejal hizo un llamado al municipio para que se tomen medidas urgentes y se gestione la reutilizaci\u00f3n de los espacios disponibles en el cementerio. \u00abEl cementerio es una ciudad paralela a la nuestra, y el municipio tiene la obligaci\u00f3n de brindar un servicio de prestaci\u00f3n obligatoria\u00bb, argument\u00f3. <\/p>\n\n\n\n<p>Finaliz\u00f3 su declaraci\u00f3n expresando su esperanza de que este nuevo pedido de informe impulse al municipio a reflexionar y a tomar las medidas necesarias para solucionar estas problem\u00e1ticas.<\/p>\n","protected":false},"excerpt":{"rendered":"<p>Fischer solicita al ejecutivo un informe por deterioro del Cementerio Municipal de Armstrong.<\/p>\n","protected":false},"author":1,"featured_media":42739,"comment_status":"open","ping_status":"open","sticky":false,"template":"","format":"image","meta":{"_jetpack_memberships_contains_paid_content":false,"footnotes":"","jetpack_publicize_message":"","jetpack_publicize_feature_enabled":true,"jetpack_social_post_already_shared":true,"jetpack_social_options":{"image_generator_settings":{"template":"highway","default_image_id":0,"enabled":false},"version":2}},"categories":[8,1,2,7,3],"tags":[20,11580,1043,8653,3030],"class_list":["post-45781","post","type-post","status-publish","format-image","has-post-thumbnail","hentry","category-deliberando","category-diario-armstrong","category-locales","category-politica","category-region","tag-armstrong","tag-cementerio-municipal","tag-fischer","tag-informe-2","tag-solicita","post_format-post-format-image"],"jetpack_publicize_connections":[],"jetpack_featured_media_url":"https:\/\/armstrongyregion.com.ar\/diario\/wp-content\/uploads\/2024\/05\/Luz-Marina-Fischer-8-5-24.jpg","jetpack_shortlink":"https:\/\/wp.me\/p62QDO-bUp","jetpack_sharing_enabled":true,"amp_enabled":true,"_links":{"self":[{"href":"https:\/\/armstrongyregion.com.ar\/diario\/wp-json\/wp\/v2\/posts\/45781","targetHints":{"allow":["GET"]}}],"collection":[{"href":"https:\/\/armstrongyregion.com.ar\/diario\/wp-json\/wp\/v2\/posts"}],"about":[{"href":"https:\/\/armstrongyregion.com.ar\/diario\/wp-json\/wp\/v2\/types\/post"}],"author":[{"embeddable":true,"href":"https:\/\/armstrongyregion.com.ar\/diario\/wp-json\/wp\/v2\/users\/1"}],"replies":[{"embeddable":true,"href":"https:\/\/armstrongyregion.com.ar\/diario\/wp-json\/wp\/v2\/comments?post=45781"}],"version-history":[{"count":1,"href":"https:\/\/armstrongyregion.com.ar\/diario\/wp-json\/wp\/v2\/posts\/45781\/revisions"}],"predecessor-version":[{"id":45782,"href":"https:\/\/armstrongyregion.com.ar\/diario\/wp-json\/wp\/v2\/posts\/45781\/revisions\/45782"}],"wp:featuredmedia":[{"embeddable":true,"href":"https:\/\/armstrongyregion.com.ar\/diario\/wp-json\/wp\/v2\/media\/42739"}],"wp:attachment":[{"href":"https:\/\/armstrongyregion.com.ar\/diario\/wp-json\/wp\/v2\/media?parent=45781"}],"wp:term":[{"taxonomy":"category","embeddable":true,"href":"https:\/\/armstrongyregion.com.ar\/diario\/wp-json\/wp\/v2\/categories?post=45781"},{"taxonomy":"post_tag","embeddable":true,"href":"https:\/\/armstrongyregion.com.ar\/diario\/wp-json\/wp\/v2\/tags?post=45781"}],"curies":[{"name":"wp","href":"https:\/\/api.w.org\/{rel}","templated":true}]}}