{"id":45773,"date":"2025-03-26T13:08:50","date_gmt":"2025-03-26T13:08:50","guid":{"rendered":"https:\/\/armstrongyregion.com.ar\/diario\/?p=45773"},"modified":"2025-03-26T13:08:53","modified_gmt":"2025-03-26T13:08:53","slug":"armstrong-inauguracion-escuela-taller-n-3045","status":"publish","type":"post","link":"https:\/\/armstrongyregion.com.ar\/diario\/armstrong-inauguracion-escuela-taller-n-3045\/","title":{"rendered":"Armstrong. Inauguraci\u00f3n Escuela Taller N\u00b0 3045."},"content":{"rendered":"\n<figure class=\"wp-block-image size-full\"><img loading=\"lazy\" decoding=\"async\" width=\"640\" height=\"427\" src=\"http:\/\/armstrongyregion.com.ar\/diario\/wp-content\/uploads\/2025\/03\/INAUGURACI-T-1-.jpg\" alt=\"\" class=\"wp-image-45774\" srcset=\"https:\/\/armstrongyregion.com.ar\/diario\/wp-content\/uploads\/2025\/03\/INAUGURACI-T-1-.jpg 640w, https:\/\/armstrongyregion.com.ar\/diario\/wp-content\/uploads\/2025\/03\/INAUGURACI-T-1--300x200.jpg 300w\" sizes=\"auto, (max-width: 640px) 100vw, 640px\" \/><\/figure>\n\n\n\n<p>El martes 25 de marzo con la presencia del Ministro de Educaci\u00f3n de la Provincia de Santa Fe Jos\u00e9<br>Goity acompa\u00f1ado por el Intendente Guillermo Luzzi y el Senador Pablo Verdecchia qued\u00f3<br>inaugurada la Escuela Taller de Educaci\u00f3n Manual N\u00b0 3045.<\/p>\n\n\n\n<figure class=\"wp-block-image size-full\"><img loading=\"lazy\" decoding=\"async\" width=\"640\" height=\"427\" src=\"http:\/\/armstrongyregion.com.ar\/diario\/wp-content\/uploads\/2025\/03\/INAUGURACI-T-2-.jpg\" alt=\"\" class=\"wp-image-45775\" srcset=\"https:\/\/armstrongyregion.com.ar\/diario\/wp-content\/uploads\/2025\/03\/INAUGURACI-T-2-.jpg 640w, https:\/\/armstrongyregion.com.ar\/diario\/wp-content\/uploads\/2025\/03\/INAUGURACI-T-2--300x200.jpg 300w\" sizes=\"auto, (max-width: 640px) 100vw, 640px\" \/><\/figure>\n\n\n\n<p><br>Se encontraban presentes la secretaria general del Ministerio de Educaci\u00f3n Mar\u00eda Mart\u00edn, la<br>delegada de la Regi\u00f3n V de Educaci\u00f3n Prof. Marisa Pr\u00edncipe, la directora de la Escuela Taller Prof.<br>Luisina Duca, la directora de la Escuela N\u00b0 600 Marita Machuca, integrantes del gabinete local,<br>concejales, supervisores, docentes, asistentes escolares y personal de la instituci\u00f3n, instituciones<br>educativas y de formaci\u00f3n t\u00e9cnica, y comunidad educativa.<\/p>\n\n\n\n<figure class=\"wp-block-image size-full\"><img loading=\"lazy\" decoding=\"async\" width=\"640\" height=\"427\" src=\"http:\/\/armstrongyregion.com.ar\/diario\/wp-content\/uploads\/2025\/03\/INAUG-T-3-.jpg\" alt=\"\" class=\"wp-image-45776\" srcset=\"https:\/\/armstrongyregion.com.ar\/diario\/wp-content\/uploads\/2025\/03\/INAUG-T-3-.jpg 640w, https:\/\/armstrongyregion.com.ar\/diario\/wp-content\/uploads\/2025\/03\/INAUG-T-3--300x200.jpg 300w\" sizes=\"auto, (max-width: 640px) 100vw, 640px\" \/><\/figure>\n\n\n\n<p><br>Esta instituci\u00f3n representa un paso fundamental en el fortalecimiento de la educaci\u00f3n t\u00e9cnica y<br>manual, brindando a los estudiantes herramientas concretas para su futuro. En un mundo que<br>demanda cada vez m\u00e1s conocimientos pr\u00e1cticos y especializados, contar con un espacio como este<br>significa apostar por la formaci\u00f3n de j\u00f3venes capacitados, listos para integrarse al mundo laboral o<br>continuar su desarrollo en distintos oficios y profesiones.<\/p>\n\n\n\n<figure class=\"wp-block-image size-full\"><img loading=\"lazy\" decoding=\"async\" width=\"594\" height=\"396\" src=\"http:\/\/armstrongyregion.com.ar\/diario\/wp-content\/uploads\/2025\/03\/INAUG-T-4-.jpg\" alt=\"\" class=\"wp-image-45777\" srcset=\"https:\/\/armstrongyregion.com.ar\/diario\/wp-content\/uploads\/2025\/03\/INAUG-T-4-.jpg 594w, https:\/\/armstrongyregion.com.ar\/diario\/wp-content\/uploads\/2025\/03\/INAUG-T-4--300x200.jpg 300w\" sizes=\"auto, (max-width: 594px) 100vw, 594px\" \/><\/figure>\n\n\n\n<p><br>Este logro fue posible gracias al esfuerzo conjunto de la comunidad educativa y al compromiso de la<br>Escuela N\u00b0 600, que generosamente cedi\u00f3 este espacio para que la Escuela Taller dejara de ser<br>itinerante y tuviera su sede propia.<\/p>\n\n\n\n<figure class=\"wp-block-image size-full\"><img loading=\"lazy\" decoding=\"async\" width=\"640\" height=\"427\" src=\"http:\/\/armstrongyregion.com.ar\/diario\/wp-content\/uploads\/2025\/03\/INAUGURAC-T-6-.jpg\" alt=\"\" class=\"wp-image-45778\" srcset=\"https:\/\/armstrongyregion.com.ar\/diario\/wp-content\/uploads\/2025\/03\/INAUGURAC-T-6-.jpg 640w, https:\/\/armstrongyregion.com.ar\/diario\/wp-content\/uploads\/2025\/03\/INAUGURAC-T-6--300x200.jpg 300w\" sizes=\"auto, (max-width: 640px) 100vw, 640px\" \/><\/figure>\n\n\n\n<p><br>La obra, gestionada a trav\u00e9s del trabajo conjunto del Senador Provincial por el Departamento<br>Belgrano, Dr. Pablo Verdecchia, y la Delegada de la Regi\u00f3n V de Educaci\u00f3n, Prof. Marisa Pr\u00edncipe, se<br>ejecut\u00f3 en el marco del Programa Provincial 1000 Aulas.<\/p>\n\n\n\n<figure class=\"wp-block-image size-full\"><img loading=\"lazy\" decoding=\"async\" width=\"640\" height=\"427\" src=\"http:\/\/armstrongyregion.com.ar\/diario\/wp-content\/uploads\/2025\/03\/INAUGURAC-T-8.jpg\" alt=\"\" class=\"wp-image-45779\" srcset=\"https:\/\/armstrongyregion.com.ar\/diario\/wp-content\/uploads\/2025\/03\/INAUGURAC-T-8.jpg 640w, https:\/\/armstrongyregion.com.ar\/diario\/wp-content\/uploads\/2025\/03\/INAUGURAC-T-8-300x200.jpg 300w\" sizes=\"auto, (max-width: 640px) 100vw, 640px\" \/><\/figure>\n\n\n\n<p><br>Su construcci\u00f3n fue licitada e inspeccionada por el equipo de Obras P\u00fablicas de la Municipalidad de<br>Armstrong, garantizando que este nuevo espacio cuente con las condiciones \u00f3ptimas para su<br>funcionamiento.<br>Hoy celebramos no solo la apertura de un nuevo edificio, sino tambi\u00e9n la colaboraci\u00f3n entre<br>diferentes niveles del Estado y la comunidad, demostrando que el trabajo conjunto da frutos<br>concretos y duraderos.<\/p>\n","protected":false},"excerpt":{"rendered":"<p>Armstrong. Inauguraci\u00f3n Escuela Taller N\u00b0 3045.<\/p>\n","protected":false},"author":1,"featured_media":45774,"comment_status":"open","ping_status":"open","sticky":false,"template":"","format":"image","meta":{"_jetpack_memberships_contains_paid_content":false,"footnotes":"","jetpack_publicize_message":"","jetpack_publicize_feature_enabled":true,"jetpack_social_post_already_shared":true,"jetpack_social_options":{"image_generator_settings":{"template":"highway","default_image_id":0,"enabled":false},"version":2}},"categories":[6,8,1,2,7,3],"tags":[20,5030,744,224,8777,11579],"class_list":["post-45773","post","type-post","status-publish","format-image","has-post-thumbnail","hentry","category-cultura-entretenimiento","category-deliberando","category-diario-armstrong","category-locales","category-politica","category-region","tag-armstrong","tag-diario-armstrong","tag-escuela","tag-inauguracion","tag-lic-graciela-de-la-casa","tag-taller-n-3045","post_format-post-format-image"],"jetpack_publicize_connections":[],"jetpack_featured_media_url":"https:\/\/armstrongyregion.com.ar\/diario\/wp-content\/uploads\/2025\/03\/INAUGURACI-T-1-.jpg","jetpack_shortlink":"https:\/\/wp.me\/p62QDO-bUh","jetpack_sharing_enabled":true,"amp_enabled":true,"_links":{"self":[{"href":"https:\/\/armstrongyregion.com.ar\/diario\/wp-json\/wp\/v2\/posts\/45773","targetHints":{"allow":["GET"]}}],"collection":[{"href":"https:\/\/armstrongyregion.com.ar\/diario\/wp-json\/wp\/v2\/posts"}],"about":[{"href":"https:\/\/armstrongyregion.com.ar\/diario\/wp-json\/wp\/v2\/types\/post"}],"author":[{"embeddable":true,"href":"https:\/\/armstrongyregion.com.ar\/diario\/wp-json\/wp\/v2\/users\/1"}],"replies":[{"embeddable":true,"href":"https:\/\/armstrongyregion.com.ar\/diario\/wp-json\/wp\/v2\/comments?post=45773"}],"version-history":[{"count":1,"href":"https:\/\/armstrongyregion.com.ar\/diario\/wp-json\/wp\/v2\/posts\/45773\/revisions"}],"predecessor-version":[{"id":45780,"href":"https:\/\/armstrongyregion.com.ar\/diario\/wp-json\/wp\/v2\/posts\/45773\/revisions\/45780"}],"wp:featuredmedia":[{"embeddable":true,"href":"https:\/\/armstrongyregion.com.ar\/diario\/wp-json\/wp\/v2\/media\/45774"}],"wp:attachment":[{"href":"https:\/\/armstrongyregion.com.ar\/diario\/wp-json\/wp\/v2\/media?parent=45773"}],"wp:term":[{"taxonomy":"category","embeddable":true,"href":"https:\/\/armstrongyregion.com.ar\/diario\/wp-json\/wp\/v2\/categories?post=45773"},{"taxonomy":"post_tag","embeddable":true,"href":"https:\/\/armstrongyregion.com.ar\/diario\/wp-json\/wp\/v2\/tags?post=45773"}],"curies":[{"name":"wp","href":"https:\/\/api.w.org\/{rel}","templated":true}]}}