{"id":45771,"date":"2025-03-26T11:43:28","date_gmt":"2025-03-26T11:43:28","guid":{"rendered":"https:\/\/armstrongyregion.com.ar\/diario\/?p=45771"},"modified":"2025-03-26T11:43:30","modified_gmt":"2025-03-26T11:43:30","slug":"mejoras-en-espacios-publicos-cambiadores-en-el-bracito-fuerte-y-limpieza-del-canal-defensores","status":"publish","type":"post","link":"https:\/\/armstrongyregion.com.ar\/diario\/mejoras-en-espacios-publicos-cambiadores-en-el-bracito-fuerte-y-limpieza-del-canal-defensores\/","title":{"rendered":"Mejoras en Espacios P\u00fablicos: Cambiadores en el Bracito Fuerte y Limpieza del Canal Defensores."},"content":{"rendered":"\n<figure class=\"wp-block-image size-full\"><img loading=\"lazy\" decoding=\"async\" width=\"536\" height=\"474\" src=\"http:\/\/armstrongyregion.com.ar\/diario\/wp-content\/uploads\/2025\/03\/jesus-urquia-2025.jpg\" alt=\"\" class=\"wp-image-45684\" srcset=\"https:\/\/armstrongyregion.com.ar\/diario\/wp-content\/uploads\/2025\/03\/jesus-urquia-2025.jpg 536w, https:\/\/armstrongyregion.com.ar\/diario\/wp-content\/uploads\/2025\/03\/jesus-urquia-2025-300x265.jpg 300w\" sizes=\"auto, (max-width: 536px) 100vw, 536px\" \/><\/figure>\n\n\n\n<p><strong>El concejal Jes\u00fas Urqu\u00eda, del bloque de Renovaci\u00f3n por Armstrong, ha presentado dos iniciativas clave para mejorar los espacios p\u00fablicos de la ciudad, respondiendo a las necesidades planteadas por los vecinos:<\/strong><\/p>\n\n\n\n<ul class=\"wp-block-list\">\n<li><strong>Instalaci\u00f3n de Cambiadores en el Parque Bracito Fuerte:<\/strong> \u00abEsta medida busca brindar mayor comodidad y practicidad a quienes visitan este espacio de recreaci\u00f3n, facilitando el cuidado de los ni\u00f1os. Atendiendo a las solicitudes de las familias, especialmente de las madres que frecuentan el parque, desde nuestro bloque se propone la instalaci\u00f3n de cambiadores en los ba\u00f1os p\u00fablicos\u00bb. Expresaba el edil ante los medios locales.<\/li>\n<\/ul>\n\n\n\n<p><strong>Urgente Mantenimiento del Canal Defensores: Peligro para Vecinos y para quienes asisten al Club.<\/strong><\/p>\n\n\n\n<p>Urqu\u00eda tambi\u00e9n ha presentado una solicitud urgente para el mantenimiento del canal ubicado al norte de las v\u00edas f\u00e9rreas, entre Camino 14 y calle Paraguay, conocido como Canal Defensores. <\/p>\n\n\n\n<ul class=\"wp-block-list\">\n<li><strong>Proliferaci\u00f3n de animales peligrosos:<\/strong> \u00abLa acumulaci\u00f3n de maleza y basura en el canal ha provocado la proliferaci\u00f3n de comadrejas y otros animales, generando un peligro para los vecinos de la zona\u00bb.<\/li>\n\n\n\n<li><strong>Solicitud de acci\u00f3n inmediata:<\/strong> El concejal ha solicitado un trabajo de mantenimiento urgente para solucionar estos problemas y brindar tranquilidad a los vecinos y a quienes asisten club. \u00abEsta situaci\u00f3n causa gran incomodidad y preocupaci\u00f3n entre los residentes\u00bb.  <strong>Urqu\u00eda destac\u00f3 que esta soluci\u00f3n no requiere invertir grandes recursos y puede implementarse de manera relativamente r\u00e1pida. La falta de mantenimiento genera un peligro para los vecinos y deportistas que transitan la zona.<\/strong><\/li>\n<\/ul>\n\n\n\n<p><strong>Esta situaci\u00f3n requiere una acci\u00f3n inmediata por parte de las autoridades para garantizar la seguridad y el bienestar de la comunidad.<\/strong><\/p>\n","protected":false},"excerpt":{"rendered":"<p>Mejoras en Espacios P\u00fablicos: Cambiadores en el Bracito Fuerte y Limpieza del Canal Defensores<\/p>\n","protected":false},"author":1,"featured_media":45684,"comment_status":"open","ping_status":"open","sticky":false,"template":"","format":"image","meta":{"_jetpack_memberships_contains_paid_content":false,"footnotes":"","jetpack_publicize_message":"","jetpack_publicize_feature_enabled":true,"jetpack_social_post_already_shared":true,"jetpack_social_options":{"image_generator_settings":{"template":"highway","default_image_id":0,"enabled":false},"version":2}},"categories":[8,1,2,7,3],"tags":[10272,11578,5030,11576,11566,8777,11577,902],"class_list":["post-45771","post","type-post","status-publish","format-image","has-post-thumbnail","hentry","category-deliberando","category-diario-armstrong","category-locales","category-politica","category-region","tag-bracito-fuerte","tag-canal-defensores","tag-diario-armstrong","tag-espacios-publicos","tag-jesus-urquia-3","tag-lic-graciela-de-la-casa","tag-limpiea","tag-mejoras","post_format-post-format-image"],"jetpack_publicize_connections":[],"jetpack_featured_media_url":"https:\/\/armstrongyregion.com.ar\/diario\/wp-content\/uploads\/2025\/03\/jesus-urquia-2025.jpg","jetpack_shortlink":"https:\/\/wp.me\/p62QDO-bUf","jetpack_sharing_enabled":true,"amp_enabled":true,"_links":{"self":[{"href":"https:\/\/armstrongyregion.com.ar\/diario\/wp-json\/wp\/v2\/posts\/45771","targetHints":{"allow":["GET"]}}],"collection":[{"href":"https:\/\/armstrongyregion.com.ar\/diario\/wp-json\/wp\/v2\/posts"}],"about":[{"href":"https:\/\/armstrongyregion.com.ar\/diario\/wp-json\/wp\/v2\/types\/post"}],"author":[{"embeddable":true,"href":"https:\/\/armstrongyregion.com.ar\/diario\/wp-json\/wp\/v2\/users\/1"}],"replies":[{"embeddable":true,"href":"https:\/\/armstrongyregion.com.ar\/diario\/wp-json\/wp\/v2\/comments?post=45771"}],"version-history":[{"count":1,"href":"https:\/\/armstrongyregion.com.ar\/diario\/wp-json\/wp\/v2\/posts\/45771\/revisions"}],"predecessor-version":[{"id":45772,"href":"https:\/\/armstrongyregion.com.ar\/diario\/wp-json\/wp\/v2\/posts\/45771\/revisions\/45772"}],"wp:featuredmedia":[{"embeddable":true,"href":"https:\/\/armstrongyregion.com.ar\/diario\/wp-json\/wp\/v2\/media\/45684"}],"wp:attachment":[{"href":"https:\/\/armstrongyregion.com.ar\/diario\/wp-json\/wp\/v2\/media?parent=45771"}],"wp:term":[{"taxonomy":"category","embeddable":true,"href":"https:\/\/armstrongyregion.com.ar\/diario\/wp-json\/wp\/v2\/categories?post=45771"},{"taxonomy":"post_tag","embeddable":true,"href":"https:\/\/armstrongyregion.com.ar\/diario\/wp-json\/wp\/v2\/tags?post=45771"}],"curies":[{"name":"wp","href":"https:\/\/api.w.org\/{rel}","templated":true}]}}