{"id":45760,"date":"2025-03-25T20:46:48","date_gmt":"2025-03-25T20:46:48","guid":{"rendered":"https:\/\/armstrongyregion.com.ar\/diario\/?p=45760"},"modified":"2025-03-25T20:46:50","modified_gmt":"2025-03-25T20:46:50","slug":"montes-de-oca-avances-obras-y-el-futuro-de-santa-fe-en-deliberando","status":"publish","type":"post","link":"https:\/\/armstrongyregion.com.ar\/diario\/montes-de-oca-avances-obras-y-el-futuro-de-santa-fe-en-deliberando\/","title":{"rendered":"Montes de Oca: Avances, Obras y el Futuro de Santa Fe en Deliberando."},"content":{"rendered":"\n<figure class=\"wp-block-image size-large\"><img loading=\"lazy\" decoding=\"async\" width=\"640\" height=\"480\" src=\"http:\/\/armstrongyregion.com.ar\/diario\/wp-content\/uploads\/2025\/03\/Sagripanti-Verdecchia--640x480.jpg\" alt=\"\" class=\"wp-image-45761\" srcset=\"https:\/\/armstrongyregion.com.ar\/diario\/wp-content\/uploads\/2025\/03\/Sagripanti-Verdecchia--640x480.jpg 640w, https:\/\/armstrongyregion.com.ar\/diario\/wp-content\/uploads\/2025\/03\/Sagripanti-Verdecchia--300x225.jpg 300w, https:\/\/armstrongyregion.com.ar\/diario\/wp-content\/uploads\/2025\/03\/Sagripanti-Verdecchia--768x577.jpg 768w, https:\/\/armstrongyregion.com.ar\/diario\/wp-content\/uploads\/2025\/03\/Sagripanti-Verdecchia-.jpg 799w\" sizes=\"auto, (max-width: 640px) 100vw, 640px\" \/><figcaption class=\"wp-element-caption\">timestampe=1742935336<\/figcaption><\/figure>\n\n\n\n<p>Hoy en Deliberando, compartiremos un programa clave para la comunidad de Montes de Oca y la provincia de Santa Fe. <\/p>\n\n\n\n<p>En el primer bloque, <strong>el Presidente Comunal de Montes de Oca, Emanuel Sagripanti, nos actualizar\u00e1 sobre los logros de la localidad: la ansiada adjudicaci\u00f3n del gasoducto, la llegada de una nueva ambulancia, y los proyectos en infraestructura p\u00fablica. <\/strong><\/p>\n\n\n\n<figure class=\"wp-block-image size-large\"><img loading=\"lazy\" decoding=\"async\" width=\"360\" height=\"480\" src=\"http:\/\/armstrongyregion.com.ar\/diario\/wp-content\/uploads\/2025\/03\/Deliberando-2-2025-360x480.jpg\" alt=\"\" class=\"wp-image-45762\" srcset=\"https:\/\/armstrongyregion.com.ar\/diario\/wp-content\/uploads\/2025\/03\/Deliberando-2-2025-360x480.jpg 360w, https:\/\/armstrongyregion.com.ar\/diario\/wp-content\/uploads\/2025\/03\/Deliberando-2-2025-225x300.jpg 225w, https:\/\/armstrongyregion.com.ar\/diario\/wp-content\/uploads\/2025\/03\/Deliberando-2-2025.jpg 600w\" sizes=\"auto, (max-width: 360px) 100vw, 360px\" \/><figcaption class=\"wp-element-caption\">timestampe=1742917195<\/figcaption><\/figure>\n\n\n\n<p><strong>Sagripanti tambi\u00e9n analizar\u00e1 las elecciones de convencionales constituyentes del 13 de abril. Destacar\u00e1 la importancia del voto y explicar\u00e1 por qu\u00e9 el Senador Pablo Verdecchia representa la mejor opci\u00f3n, seg\u00fan su criterio. Tambi\u00e9n se referir\u00e1 a la propuesta de \u00abUNICAMERAL\u00bb, analizando sus implicaciones y contrast\u00e1ndola con las posturas de otros candidatos. Criticar\u00e1 las campa\u00f1as negativas y los ataques personales, abogando por una pol\u00edtica respetuosa y basada en argumentos.<\/strong><\/p>\n\n\n\n<p> Finalmente, <strong>el Senador Pablo Verdecchia, candidato a Convencional Constituyente, cerrar\u00e1 el programa. Debatiremos sobre la reforma constitucional, su impacto en Santa Fe, y el trabajo del Senador en \u00e1reas clave como la educaci\u00f3n, la salud y la producci\u00f3n durante su primer a\u00f1o de gesti\u00f3n.<\/strong><\/p>\n\n\n\n<p> No te pierdas DELIBERANDO! Martes 25 de Marzo, a las 21hs. Por CIA. Conducci\u00f3n Graciela De la Casa- Oscar Crispino-<\/p>\n","protected":false},"excerpt":{"rendered":"<p>Montes de Oca: Avances, Obras y el Futuro de Santa Fe en Deliberando.<\/p>\n","protected":false},"author":1,"featured_media":45762,"comment_status":"open","ping_status":"open","sticky":false,"template":"","format":"image","meta":{"_jetpack_memberships_contains_paid_content":false,"footnotes":"","jetpack_publicize_message":"","jetpack_publicize_feature_enabled":true,"jetpack_social_post_already_shared":true,"jetpack_social_options":{"image_generator_settings":{"template":"highway","default_image_id":0,"enabled":false},"version":2}},"categories":[8,1,2,7,3],"tags":[5030,9345,2254,8777,9216,220,11007],"class_list":["post-45760","post","type-post","status-publish","format-image","has-post-thumbnail","hentry","category-deliberando","category-diario-armstrong","category-locales","category-politica","category-region","tag-diario-armstrong","tag-emanuel-sagripanti","tag-futuro","tag-lic-graciela-de-la-casa","tag-montes-de-oca","tag-obras","tag-reforma-constitucional","post_format-post-format-image"],"jetpack_publicize_connections":[],"jetpack_featured_media_url":"https:\/\/armstrongyregion.com.ar\/diario\/wp-content\/uploads\/2025\/03\/Deliberando-2-2025.jpg","jetpack_shortlink":"https:\/\/wp.me\/p62QDO-bU4","jetpack_sharing_enabled":true,"amp_enabled":true,"_links":{"self":[{"href":"https:\/\/armstrongyregion.com.ar\/diario\/wp-json\/wp\/v2\/posts\/45760","targetHints":{"allow":["GET"]}}],"collection":[{"href":"https:\/\/armstrongyregion.com.ar\/diario\/wp-json\/wp\/v2\/posts"}],"about":[{"href":"https:\/\/armstrongyregion.com.ar\/diario\/wp-json\/wp\/v2\/types\/post"}],"author":[{"embeddable":true,"href":"https:\/\/armstrongyregion.com.ar\/diario\/wp-json\/wp\/v2\/users\/1"}],"replies":[{"embeddable":true,"href":"https:\/\/armstrongyregion.com.ar\/diario\/wp-json\/wp\/v2\/comments?post=45760"}],"version-history":[{"count":1,"href":"https:\/\/armstrongyregion.com.ar\/diario\/wp-json\/wp\/v2\/posts\/45760\/revisions"}],"predecessor-version":[{"id":45763,"href":"https:\/\/armstrongyregion.com.ar\/diario\/wp-json\/wp\/v2\/posts\/45760\/revisions\/45763"}],"wp:featuredmedia":[{"embeddable":true,"href":"https:\/\/armstrongyregion.com.ar\/diario\/wp-json\/wp\/v2\/media\/45762"}],"wp:attachment":[{"href":"https:\/\/armstrongyregion.com.ar\/diario\/wp-json\/wp\/v2\/media?parent=45760"}],"wp:term":[{"taxonomy":"category","embeddable":true,"href":"https:\/\/armstrongyregion.com.ar\/diario\/wp-json\/wp\/v2\/categories?post=45760"},{"taxonomy":"post_tag","embeddable":true,"href":"https:\/\/armstrongyregion.com.ar\/diario\/wp-json\/wp\/v2\/tags?post=45760"}],"curies":[{"name":"wp","href":"https:\/\/api.w.org\/{rel}","templated":true}]}}