{"id":45752,"date":"2025-03-25T13:56:30","date_gmt":"2025-03-25T13:56:30","guid":{"rendered":"https:\/\/armstrongyregion.com.ar\/diario\/?p=45752"},"modified":"2025-03-25T13:56:32","modified_gmt":"2025-03-25T13:56:32","slug":"convocatoria-asamblea-general-ordinaria-asociacion-bomberos-voluntarios-de-montes-de-oca","status":"publish","type":"post","link":"https:\/\/armstrongyregion.com.ar\/diario\/convocatoria-asamblea-general-ordinaria-asociacion-bomberos-voluntarios-de-montes-de-oca\/","title":{"rendered":"Convocatoria Asamblea General Ordinaria\u00a0Asociaci\u00f3n Bomberos Voluntarios de Montes de Oca."},"content":{"rendered":"\n<figure class=\"wp-block-image size-full\"><img loading=\"lazy\" decoding=\"async\" width=\"512\" height=\"395\" src=\"http:\/\/armstrongyregion.com.ar\/diario\/wp-content\/uploads\/2025\/03\/FOTO-BOMBEROS-MONTES-DE-OCA-.jpg\" alt=\"\" class=\"wp-image-45753\" srcset=\"https:\/\/armstrongyregion.com.ar\/diario\/wp-content\/uploads\/2025\/03\/FOTO-BOMBEROS-MONTES-DE-OCA-.jpg 512w, https:\/\/armstrongyregion.com.ar\/diario\/wp-content\/uploads\/2025\/03\/FOTO-BOMBEROS-MONTES-DE-OCA--300x231.jpg 300w\" sizes=\"auto, (max-width: 512px) 100vw, 512px\" \/><\/figure>\n\n\n\n<p>Montes de Oca, 25 de marzo de 2025.&nbsp;<\/p>\n\n\n\n<p>Se convoca a los se\u00f1ores asociados a Asamblea General Ordinaria conforme al art\u00edculo 55 y 57 a celebrarse el d\u00eda 28 de abril de 2025, a las 21:30hs en primera convocatoria y a las 22:30hs en segunda convocatoria, en la sede de calle Belgrano N\u00b0 734 de la ciudad de Montes de Oca, Departamento Belgrano, Provincia de Santa Fe para tratar el siguiente:&nbsp;<\/p>\n\n\n\n<p><em>ORDEN <\/em><em>DEL <\/em><em>DIA<\/em>:&nbsp;<\/p>\n\n\n\n<p>1) Designaci\u00f3n de 1 (uno) asociado para que presida la Asamblea y de 2 (dos) asociados para que en representaci\u00f3n de la asamblea y conjuntamente con el Presidente y Secretario refrenden el acta respectiva.&nbsp;<\/p>\n\n\n\n<p>2) Lectura del Acta anterior.&nbsp;<\/p>\n\n\n\n<p>3) Consideraci\u00f3n y aprobaci\u00f3n de la Memoria y Balance General correspondiente al ejercicio econ\u00f3mico finalizado el 31 de diciembre de 2024. Lectura del Informe de la Sindicatura.&nbsp;<\/p>\n\n\n\n<p>4) Renovaci\u00f3n del 50% de los miembros que integran la Comisi\u00f3n Directiva y la Sindicatura.&nbsp;<\/p>\n\n\n\n<p>5) Aprobaci\u00f3n de la gesti\u00f3n realizada por la Comisi\u00f3n Directiva durante el ejercicio econ\u00f3mico finalizado 31 de diciembre de 2024.&nbsp;<\/p>\n\n\n\n<p>6) Fijar periodicidad y el monto de la cuota societaria.&nbsp;<\/p>\n\n\n\n<p><\/p>\n\n\n\n<p>GERARDO <em> <\/em>CERUTTI\u00a0&#8211; \u00a0<strong>DN20.474.080 <\/strong>PRESIDENTE<\/p>\n","protected":false},"excerpt":{"rendered":"<p>Convocatoria Asamblea General Ordinaria\u00a0Asociaci\u00f3n Bomberos Voluntarios de Montes de Oca.<\/p>\n","protected":false},"author":1,"featured_media":45753,"comment_status":"open","ping_status":"open","sticky":false,"template":"","format":"image","meta":{"_jetpack_memberships_contains_paid_content":false,"footnotes":"","jetpack_publicize_message":"","jetpack_publicize_feature_enabled":true,"jetpack_social_post_already_shared":true,"jetpack_social_options":{"image_generator_settings":{"template":"highway","default_image_id":0,"enabled":false},"version":2}},"categories":[8,1,2,7,3],"tags":[1346,352,451,19,5030,1347,8777,9216,353],"class_list":["post-45752","post","type-post","status-publish","format-image","has-post-thumbnail","hentry","category-deliberando","category-diario-armstrong","category-locales","category-politica","category-region","tag-asamblea","tag-bomberos","tag-convocatoria","tag-de","tag-diario-armstrong","tag-general","tag-lic-graciela-de-la-casa","tag-montes-de-oca","tag-voluntarios","post_format-post-format-image"],"jetpack_publicize_connections":[],"jetpack_featured_media_url":"https:\/\/armstrongyregion.com.ar\/diario\/wp-content\/uploads\/2025\/03\/FOTO-BOMBEROS-MONTES-DE-OCA-.jpg","jetpack_shortlink":"https:\/\/wp.me\/p62QDO-bTW","jetpack_sharing_enabled":true,"amp_enabled":true,"_links":{"self":[{"href":"https:\/\/armstrongyregion.com.ar\/diario\/wp-json\/wp\/v2\/posts\/45752","targetHints":{"allow":["GET"]}}],"collection":[{"href":"https:\/\/armstrongyregion.com.ar\/diario\/wp-json\/wp\/v2\/posts"}],"about":[{"href":"https:\/\/armstrongyregion.com.ar\/diario\/wp-json\/wp\/v2\/types\/post"}],"author":[{"embeddable":true,"href":"https:\/\/armstrongyregion.com.ar\/diario\/wp-json\/wp\/v2\/users\/1"}],"replies":[{"embeddable":true,"href":"https:\/\/armstrongyregion.com.ar\/diario\/wp-json\/wp\/v2\/comments?post=45752"}],"version-history":[{"count":1,"href":"https:\/\/armstrongyregion.com.ar\/diario\/wp-json\/wp\/v2\/posts\/45752\/revisions"}],"predecessor-version":[{"id":45754,"href":"https:\/\/armstrongyregion.com.ar\/diario\/wp-json\/wp\/v2\/posts\/45752\/revisions\/45754"}],"wp:featuredmedia":[{"embeddable":true,"href":"https:\/\/armstrongyregion.com.ar\/diario\/wp-json\/wp\/v2\/media\/45753"}],"wp:attachment":[{"href":"https:\/\/armstrongyregion.com.ar\/diario\/wp-json\/wp\/v2\/media?parent=45752"}],"wp:term":[{"taxonomy":"category","embeddable":true,"href":"https:\/\/armstrongyregion.com.ar\/diario\/wp-json\/wp\/v2\/categories?post=45752"},{"taxonomy":"post_tag","embeddable":true,"href":"https:\/\/armstrongyregion.com.ar\/diario\/wp-json\/wp\/v2\/tags?post=45752"}],"curies":[{"name":"wp","href":"https:\/\/api.w.org\/{rel}","templated":true}]}}