{"id":45744,"date":"2025-03-24T02:27:53","date_gmt":"2025-03-24T02:27:53","guid":{"rendered":"https:\/\/armstrongyregion.com.ar\/diario\/?p=45744"},"modified":"2025-03-24T02:27:55","modified_gmt":"2025-03-24T02:27:55","slug":"granata-y-montapponi-lideraron-el-encuentro-de-somos-vida-y-libertad","status":"publish","type":"post","link":"https:\/\/armstrongyregion.com.ar\/diario\/granata-y-montapponi-lideraron-el-encuentro-de-somos-vida-y-libertad\/","title":{"rendered":"Granata y Montapponi lideraron el encuentro de \u00abSomos Vida y Libertad\u00bb."},"content":{"rendered":"\n<figure class=\"wp-block-image size-full\"><img loading=\"lazy\" decoding=\"async\" width=\"640\" height=\"480\" src=\"http:\/\/armstrongyregion.com.ar\/diario\/wp-content\/uploads\/2025\/03\/amalia-monta-1-.jpg\" alt=\"\" class=\"wp-image-45745\" srcset=\"https:\/\/armstrongyregion.com.ar\/diario\/wp-content\/uploads\/2025\/03\/amalia-monta-1-.jpg 640w, https:\/\/armstrongyregion.com.ar\/diario\/wp-content\/uploads\/2025\/03\/amalia-monta-1--300x225.jpg 300w\" sizes=\"auto, (max-width: 640px) 100vw, 640px\" \/><\/figure>\n\n\n\n<p><strong>El pasado jueves en la ciudad de Santa fe, se realiz\u00f3 el ENCUENTRO de \u00abSomos Vida y Libertad\u00bb en el Sal\u00f3n de Jer\u00e1rquico Salud.<\/strong><\/p>\n\n\n\n<figure class=\"wp-block-image size-full\"><img loading=\"lazy\" decoding=\"async\" width=\"640\" height=\"480\" src=\"http:\/\/armstrongyregion.com.ar\/diario\/wp-content\/uploads\/2025\/03\/amalia-monta-2-.jpg\" alt=\"\" class=\"wp-image-45746\" srcset=\"https:\/\/armstrongyregion.com.ar\/diario\/wp-content\/uploads\/2025\/03\/amalia-monta-2-.jpg 640w, https:\/\/armstrongyregion.com.ar\/diario\/wp-content\/uploads\/2025\/03\/amalia-monta-2--300x225.jpg 300w\" sizes=\"auto, (max-width: 640px) 100vw, 640px\" \/><\/figure>\n\n\n\n<p>En la noche del jueves 20\/03, en la ciudad de Santa fe, se realiz\u00f3 el ENCUENTRO de \u00abSomos Vida y Libertad\u00bb en el Sal\u00f3n de Jer\u00e1rquico Salud.<\/p>\n\n\n\n<p>D\u00f3nde fueron los principales oradores Amalia Granata y Rub\u00e9n Montapponi para inspirar a los referentes, candidatos y p\u00fablico en general a VOTAR la lista Nro 21de Convencionales Constituyentes q encabeza A. G.<\/p>\n\n\n\n<p><\/p>\n\n\n\n<p><a href=\"https:\/\/www.facebook.com\/sharer\/sharer.php?u=https:\/\/renacerfm.com.ar\/contenido\/20137\/granata-y-montaponi-lideraron-el-encuentro-de-somos-vida-y-libertad\" target=\"_blank\" rel=\"noreferrer noopener\"><\/a><a href=\"https:\/\/twitter.com\/intent\/tweet?url=https:\/\/renacerfm.com.ar\/contenido\/20137\/granata-y-montaponi-lideraron-el-encuentro-de-somos-vida-y-libertad&amp;text=GRANATA%20Y%20MONTAPONI%20LIDERARON%20EL%20ENCUENTRO%20DE%20%E2%80%9CSOMOS%20VIDA%20Y%20LIBERTAD%E2%80%9D\" target=\"_blank\" rel=\"noreferrer noopener\"><\/a><a href=\"https:\/\/www.linkedin.com\/shareArticle?url=https:\/\/renacerfm.com.ar\/contenido\/20137\/granata-y-montaponi-lideraron-el-encuentro-de-somos-vida-y-libertad\" target=\"_blank\" rel=\"noreferrer noopener\"><\/a><a href=\"https:\/\/pinterest.com\/pin\/create\/bookmarklet\/?url=https:\/\/renacerfm.com.ar\/contenido\/20137\/granata-y-montaponi-lideraron-el-encuentro-de-somos-vida-y-libertad\" target=\"_blank\" rel=\"noreferrer noopener\"><\/a><a href=\"https:\/\/api.whatsapp.com\/send?text=GRANATA%20Y%20MONTAPONI%20LIDERARON%20EL%20ENCUENTRO%20DE%20%E2%80%9CSOMOS%20VIDA%20Y%20LIBERTAD%E2%80%9D+https:\/\/renacerfm.com.ar\/contenido\/20137\/granata-y-montaponi-lideraron-el-encuentro-de-somos-vida-y-libertad\" target=\"_blank\" rel=\"noreferrer noopener\"><\/a><\/p>\n","protected":false},"excerpt":{"rendered":"<p>Granata y Montapponi lideraron el encuentro de \u00abSomos Vida y Libertad\u00bb.<\/p>\n","protected":false},"author":1,"featured_media":45745,"comment_status":"open","ping_status":"open","sticky":false,"template":"","format":"image","meta":{"_jetpack_memberships_contains_paid_content":false,"footnotes":"","jetpack_publicize_message":"","jetpack_publicize_feature_enabled":true,"jetpack_social_post_already_shared":true,"jetpack_social_options":{"image_generator_settings":{"template":"highway","default_image_id":0,"enabled":false},"version":2}},"categories":[8,1,2,7,3],"tags":[5030,11567,8486,11568],"class_list":["post-45744","post","type-post","status-publish","format-image","has-post-thumbnail","hentry","category-deliberando","category-diario-armstrong","category-locales","category-politica","category-region","tag-diario-armstrong","tag-granata-montapponi","tag-libertad-2","tag-somos-vida","post_format-post-format-image"],"jetpack_publicize_connections":[],"jetpack_featured_media_url":"https:\/\/armstrongyregion.com.ar\/diario\/wp-content\/uploads\/2025\/03\/amalia-monta-1-.jpg","jetpack_shortlink":"https:\/\/wp.me\/p62QDO-bTO","jetpack_sharing_enabled":true,"amp_enabled":true,"_links":{"self":[{"href":"https:\/\/armstrongyregion.com.ar\/diario\/wp-json\/wp\/v2\/posts\/45744","targetHints":{"allow":["GET"]}}],"collection":[{"href":"https:\/\/armstrongyregion.com.ar\/diario\/wp-json\/wp\/v2\/posts"}],"about":[{"href":"https:\/\/armstrongyregion.com.ar\/diario\/wp-json\/wp\/v2\/types\/post"}],"author":[{"embeddable":true,"href":"https:\/\/armstrongyregion.com.ar\/diario\/wp-json\/wp\/v2\/users\/1"}],"replies":[{"embeddable":true,"href":"https:\/\/armstrongyregion.com.ar\/diario\/wp-json\/wp\/v2\/comments?post=45744"}],"version-history":[{"count":1,"href":"https:\/\/armstrongyregion.com.ar\/diario\/wp-json\/wp\/v2\/posts\/45744\/revisions"}],"predecessor-version":[{"id":45747,"href":"https:\/\/armstrongyregion.com.ar\/diario\/wp-json\/wp\/v2\/posts\/45744\/revisions\/45747"}],"wp:featuredmedia":[{"embeddable":true,"href":"https:\/\/armstrongyregion.com.ar\/diario\/wp-json\/wp\/v2\/media\/45745"}],"wp:attachment":[{"href":"https:\/\/armstrongyregion.com.ar\/diario\/wp-json\/wp\/v2\/media?parent=45744"}],"wp:term":[{"taxonomy":"category","embeddable":true,"href":"https:\/\/armstrongyregion.com.ar\/diario\/wp-json\/wp\/v2\/categories?post=45744"},{"taxonomy":"post_tag","embeddable":true,"href":"https:\/\/armstrongyregion.com.ar\/diario\/wp-json\/wp\/v2\/tags?post=45744"}],"curies":[{"name":"wp","href":"https:\/\/api.w.org\/{rel}","templated":true}]}}