{"id":45740,"date":"2025-03-23T00:10:24","date_gmt":"2025-03-23T00:10:24","guid":{"rendered":"https:\/\/armstrongyregion.com.ar\/diario\/?p=45740"},"modified":"2025-03-23T00:10:26","modified_gmt":"2025-03-23T00:10:26","slug":"21-de-marzo-dia-mundial-del-sindrome-de-down","status":"publish","type":"post","link":"https:\/\/armstrongyregion.com.ar\/diario\/21-de-marzo-dia-mundial-del-sindrome-de-down\/","title":{"rendered":"21 de marzo; D\u00eda Mundial del S\u00edndrome de Down."},"content":{"rendered":"\n<figure class=\"wp-block-image size-large\"><img loading=\"lazy\" decoding=\"async\" width=\"640\" height=\"480\" src=\"http:\/\/armstrongyregion.com.ar\/diario\/wp-content\/uploads\/2025\/03\/alejo-1--640x480.jpg\" alt=\"\" class=\"wp-image-45741\" srcset=\"https:\/\/armstrongyregion.com.ar\/diario\/wp-content\/uploads\/2025\/03\/alejo-1--640x480.jpg 640w, https:\/\/armstrongyregion.com.ar\/diario\/wp-content\/uploads\/2025\/03\/alejo-1--300x225.jpg 300w, https:\/\/armstrongyregion.com.ar\/diario\/wp-content\/uploads\/2025\/03\/alejo-1--768x576.jpg 768w, https:\/\/armstrongyregion.com.ar\/diario\/wp-content\/uploads\/2025\/03\/alejo-1-.jpg 1024w\" sizes=\"auto, (max-width: 640px) 100vw, 640px\" \/><\/figure>\n\n\n\n<p>\u00a0Ayer, 21 de marzo, se conmemor\u00f3 el D\u00eda Mundial del S\u00edndrome de Down, una fecha que no se celebra como un festejo, sino como un d\u00eda de reflexi\u00f3n y concientizaci\u00f3n.  Este d\u00eda, simbolizado por el 21 del tercer mes (3), representa la trisom\u00eda del cromosoma 21 que caracteriza a este s\u00edndrome gen\u00e9tico, el cual puede afectar el aprendizaje, los rasgos f\u00edsicos y la salud de las personas que lo padecen. <\/p>\n\n\n\n<figure class=\"wp-block-image size-full\"><img loading=\"lazy\" decoding=\"async\" width=\"640\" height=\"360\" src=\"http:\/\/armstrongyregion.com.ar\/diario\/wp-content\/uploads\/2025\/03\/alejo-urquia-2-.jpg\" alt=\"\" class=\"wp-image-45742\" srcset=\"https:\/\/armstrongyregion.com.ar\/diario\/wp-content\/uploads\/2025\/03\/alejo-urquia-2-.jpg 640w, https:\/\/armstrongyregion.com.ar\/diario\/wp-content\/uploads\/2025\/03\/alejo-urquia-2--300x169.jpg 300w\" sizes=\"auto, (max-width: 640px) 100vw, 640px\" \/><\/figure>\n\n\n\n<p>Sin embargo, es crucial recordar que cada individuo con S\u00edndrome de Down es \u00fanico, con sus propias capacidades y talentos.<\/p>\n\n\n\n<p><strong> En Armstrong, el Concejal Jes\u00fas Urqu\u00eda, del bloque Renovaci\u00f3n por Armstrong, y padre de un ni\u00f1o con S\u00edndrome de Down, se pronunci\u00f3 al respecto: \u00abHoy no se trata de un festejo, sino de una jornada para reflexionar sobre la inclusi\u00f3n real y efectiva de las personas con S\u00edndrome de Down. Debemos derribar barreras imaginarias que segregan y excluyen, y exigir pol\u00edticas p\u00fablicas que les permitan concretar sus proyectos de vida\u00bb. <\/strong><\/p>\n\n\n\n<p> <strong>Urqu\u00eda enfatiz\u00f3 la necesidad de programas serios que mejoren la calidad de vida de las personas con S\u00edndrome de Down, desmintiendo la imagen idealizada y a menudo err\u00f3nea que se tiene de ellos. \u00abNo son seres angelicales o bondadosos con una misi\u00f3n especial; son personas que, como cualquier otra, buscan ser felices y tener una vida plena\u00bb, afirm\u00f3.<\/strong><\/p>\n\n\n\n<p> <strong>El Concejal hizo un llamado a la toma de conciencia colectiva, al respeto por la diversidad y a la exigencia de justicia social para garantizar que se respeten los derechos de las personas con S\u00edndrome de Down. Urqu\u00eda cerro su alocuci\u00f3n citando una frase de Marcelo Rocha; \u00abEs un d\u00eda para apostar por una sociedad m\u00e1s inclusiva, donde se valore la diversidad y se garanticen las mismas oportunidades para todos\u00bb, y coincidi\u00f3 con la importancia de la concientizaci\u00f3n y la lucha por la inclusi\u00f3n.<\/strong><\/p>\n","protected":false},"excerpt":{"rendered":"<p>21 de marzo; D\u00eda Mundial del S\u00edndrome de Down.<\/p>\n","protected":false},"author":1,"featured_media":45741,"comment_status":"open","ping_status":"open","sticky":false,"template":"","format":"image","meta":{"_jetpack_memberships_contains_paid_content":false,"footnotes":"","jetpack_publicize_message":"","jetpack_publicize_feature_enabled":true,"jetpack_social_post_already_shared":true,"jetpack_social_options":{"image_generator_settings":{"template":"highway","default_image_id":0,"enabled":false},"version":2}},"categories":[6,8,1,2,7,3],"tags":[11564,673,10010,5030,11566,11565],"class_list":["post-45740","post","type-post","status-publish","format-image","has-post-thumbnail","hentry","category-cultura-entretenimiento","category-deliberando","category-diario-armstrong","category-locales","category-politica","category-region","tag-21-de-marzo","tag-concejal","tag-dia-mundial","tag-diario-armstrong","tag-jesus-urquia-3","tag-sindrome-de-down","post_format-post-format-image"],"jetpack_publicize_connections":[],"jetpack_featured_media_url":"https:\/\/armstrongyregion.com.ar\/diario\/wp-content\/uploads\/2025\/03\/alejo-1-.jpg","jetpack_shortlink":"https:\/\/wp.me\/p62QDO-bTK","jetpack_sharing_enabled":true,"amp_enabled":true,"_links":{"self":[{"href":"https:\/\/armstrongyregion.com.ar\/diario\/wp-json\/wp\/v2\/posts\/45740","targetHints":{"allow":["GET"]}}],"collection":[{"href":"https:\/\/armstrongyregion.com.ar\/diario\/wp-json\/wp\/v2\/posts"}],"about":[{"href":"https:\/\/armstrongyregion.com.ar\/diario\/wp-json\/wp\/v2\/types\/post"}],"author":[{"embeddable":true,"href":"https:\/\/armstrongyregion.com.ar\/diario\/wp-json\/wp\/v2\/users\/1"}],"replies":[{"embeddable":true,"href":"https:\/\/armstrongyregion.com.ar\/diario\/wp-json\/wp\/v2\/comments?post=45740"}],"version-history":[{"count":1,"href":"https:\/\/armstrongyregion.com.ar\/diario\/wp-json\/wp\/v2\/posts\/45740\/revisions"}],"predecessor-version":[{"id":45743,"href":"https:\/\/armstrongyregion.com.ar\/diario\/wp-json\/wp\/v2\/posts\/45740\/revisions\/45743"}],"wp:featuredmedia":[{"embeddable":true,"href":"https:\/\/armstrongyregion.com.ar\/diario\/wp-json\/wp\/v2\/media\/45741"}],"wp:attachment":[{"href":"https:\/\/armstrongyregion.com.ar\/diario\/wp-json\/wp\/v2\/media?parent=45740"}],"wp:term":[{"taxonomy":"category","embeddable":true,"href":"https:\/\/armstrongyregion.com.ar\/diario\/wp-json\/wp\/v2\/categories?post=45740"},{"taxonomy":"post_tag","embeddable":true,"href":"https:\/\/armstrongyregion.com.ar\/diario\/wp-json\/wp\/v2\/tags?post=45740"}],"curies":[{"name":"wp","href":"https:\/\/api.w.org\/{rel}","templated":true}]}}