{"id":45731,"date":"2025-03-22T13:00:18","date_gmt":"2025-03-22T13:00:18","guid":{"rendered":"https:\/\/armstrongyregion.com.ar\/diario\/?p=45731"},"modified":"2025-03-22T13:00:19","modified_gmt":"2025-03-22T13:00:19","slug":"pullaro-anuncio-el-llamado-a-licitacion-para-obras-en-la-red-electrica-del-area-industrial-de-las-parejas","status":"publish","type":"post","link":"https:\/\/armstrongyregion.com.ar\/diario\/pullaro-anuncio-el-llamado-a-licitacion-para-obras-en-la-red-electrica-del-area-industrial-de-las-parejas\/","title":{"rendered":"Pullaro anunci\u00f3 el llamado a licitaci\u00f3n para obras en la red el\u00e9ctrica del \u00e1rea industrial de Las Parejas."},"content":{"rendered":"\n<figure class=\"wp-block-image size-large\"><img loading=\"lazy\" decoding=\"async\" width=\"640\" height=\"426\" src=\"http:\/\/armstrongyregion.com.ar\/diario\/wp-content\/uploads\/2025\/03\/laspa-2--640x426.jpg\" alt=\"\" class=\"wp-image-45732\" srcset=\"https:\/\/armstrongyregion.com.ar\/diario\/wp-content\/uploads\/2025\/03\/laspa-2--640x426.jpg 640w, https:\/\/armstrongyregion.com.ar\/diario\/wp-content\/uploads\/2025\/03\/laspa-2--300x200.jpg 300w, https:\/\/armstrongyregion.com.ar\/diario\/wp-content\/uploads\/2025\/03\/laspa-2--768x512.jpg 768w, https:\/\/armstrongyregion.com.ar\/diario\/wp-content\/uploads\/2025\/03\/laspa-2-.jpg 800w\" sizes=\"auto, (max-width: 640px) 100vw, 640px\" \/><\/figure>\n\n\n\n<h2 class=\"wp-block-heading\">El presupuesto oficial asciende a m\u00e1s de 2.500 millones de pesos. Tambi\u00e9n, el gobernador visit\u00f3 la Fundaci\u00f3n Cideter, donde entreg\u00f3 aportes del programa Impulsa para llevar a cabo formaciones y capacitaciones pertinentes al \u00e1rea industrial.<\/h2>\n\n\n\n<figure class=\"wp-block-image size-large\"><img loading=\"lazy\" decoding=\"async\" width=\"640\" height=\"426\" src=\"http:\/\/armstrongyregion.com.ar\/diario\/wp-content\/uploads\/2025\/03\/laspa-1--640x426.jpg\" alt=\"\" class=\"wp-image-45733\" srcset=\"https:\/\/armstrongyregion.com.ar\/diario\/wp-content\/uploads\/2025\/03\/laspa-1--640x426.jpg 640w, https:\/\/armstrongyregion.com.ar\/diario\/wp-content\/uploads\/2025\/03\/laspa-1--300x200.jpg 300w, https:\/\/armstrongyregion.com.ar\/diario\/wp-content\/uploads\/2025\/03\/laspa-1--768x512.jpg 768w, https:\/\/armstrongyregion.com.ar\/diario\/wp-content\/uploads\/2025\/03\/laspa-1-.jpg 800w\" sizes=\"auto, (max-width: 640px) 100vw, 640px\" \/><\/figure>\n\n\n\n<p>El gobernador de la provincia de Santa Fe, Maximiliano Pullaro, visit\u00f3 este viernes la localidad de Las Parejas donde anunci\u00f3 el llamado a licitaci\u00f3n para la obra de repotenciaci\u00f3n de la red el\u00e9ctrica del \u00e1rea industrial, cuyo presupuesto oficial asciende a la suma de $2.513.350.738,31.<\/p>\n\n\n\n<figure class=\"wp-block-image size-large\"><img loading=\"lazy\" decoding=\"async\" width=\"640\" height=\"480\" src=\"http:\/\/armstrongyregion.com.ar\/diario\/wp-content\/uploads\/2025\/03\/laspa-4-640x480.png\" alt=\"\" class=\"wp-image-45734\" srcset=\"https:\/\/armstrongyregion.com.ar\/diario\/wp-content\/uploads\/2025\/03\/laspa-4-640x480.png 640w, https:\/\/armstrongyregion.com.ar\/diario\/wp-content\/uploads\/2025\/03\/laspa-4-300x225.png 300w, https:\/\/armstrongyregion.com.ar\/diario\/wp-content\/uploads\/2025\/03\/laspa-4-768x576.png 768w, https:\/\/armstrongyregion.com.ar\/diario\/wp-content\/uploads\/2025\/03\/laspa-4.png 1152w\" sizes=\"auto, (max-width: 640px) 100vw, 640px\" \/><\/figure>\n\n\n\n<p><br>Adem\u00e1s, Pullaro entreg\u00f3 a la Fundaci\u00f3n Cideter aportes no reintegrables por la suma de $ 2.197.247,85 para financiar gastos de capacitaciones y formaciones en Soldadura: Proceso Gmaw Aplicaci\u00f3n de Industria y Calificaci\u00f3n de Soldadores Bajo Normas Internacionales, ambos enmarcados dentro del Programa \u201cEducaci\u00f3n para el Mundo Laboral\u201d. Estas capacitaciones se van a desarrollar a trav\u00e9s del programa Impulsa conjuntamente con la Instituci\u00f3n.<\/p>\n\n\n\n<figure class=\"wp-block-image size-large\"><img loading=\"lazy\" decoding=\"async\" width=\"640\" height=\"426\" src=\"http:\/\/armstrongyregion.com.ar\/diario\/wp-content\/uploads\/2025\/03\/laspa-3--640x426.jpg\" alt=\"\" class=\"wp-image-45735\" srcset=\"https:\/\/armstrongyregion.com.ar\/diario\/wp-content\/uploads\/2025\/03\/laspa-3--640x426.jpg 640w, https:\/\/armstrongyregion.com.ar\/diario\/wp-content\/uploads\/2025\/03\/laspa-3--300x200.jpg 300w, https:\/\/armstrongyregion.com.ar\/diario\/wp-content\/uploads\/2025\/03\/laspa-3--768x512.jpg 768w, https:\/\/armstrongyregion.com.ar\/diario\/wp-content\/uploads\/2025\/03\/laspa-3-.jpg 800w\" sizes=\"auto, (max-width: 640px) 100vw, 640px\" \/><\/figure>\n\n\n\n<p><br>En la oportunidad, Pullaro dijo que \u201csi desde Buenos Aires miraran m\u00e1s lo que se genera en los pueblos del interior cambiar\u00edan su visi\u00f3n y se enfocar\u00edan a la construcci\u00f3n de un pa\u00eds que puede ser distinto\u201d, y agreg\u00f3 que \u201ca Argentina no le faltan recursos, en Argentina est\u00e1n asignando de manera incorrecta los recursos. Nosotros entendimos y estamos convencidos que el camino era con el mundo productivo, por eso es que le pusimos tanta energ\u00eda a esto\u201d.<\/p>\n\n\n\n<p><br>Asimismo, el gobernador de Santa Fe reafirm\u00f3 que \u201ceste es el camino y estamos convencidos que el Estado tiene que hacer los esfuerzos de achicar los gastos para invertir correctamente, para dar desarrollo energ\u00e9tico, para tener infraestructura, para tener conectividad, y desde ese lugar seguramente vamos a tener muchas m\u00e1s posibilidades de salir adelante\u201d.<\/p>\n\n\n\n<p><strong>*Programa Impulsa*<\/strong><\/p>\n\n\n\n<p>En esa l\u00ednea, el ministro de Desarrollo Productivo, Gustavo Puccini se refiri\u00f3 a la importancia de los dos anuncios: \u201cEl programa Impulsa se est\u00e1 haciendo cada vez m\u00e1s una marca consolidada dentro del Gobierno. Sostengo que cuando terminemos esta gesti\u00f3n va a ser uno de los programas m\u00e1s importantes que pueda dejar el Estado al sector productivo\u201d, remarc\u00f3 el ministro, y continu\u00f3 con el siguiente anuncio: \u201cLa red el\u00e9ctrica va a ser la primera obra de infraestructura energ\u00e9tica que va a tomar la unidad ejecutora que le da otra velocidad a la licitaci\u00f3n, sin perder la transparencia y que va a ser innovador porque es un decreto que firm\u00f3 el gobernador, es entre p\u00fablico y privado\u201d.<\/p>\n\n\n\n<p><br>\u201cLa Provincia va a costear la totalidad de la obra para que despu\u00e9s el sector privado pueda reponer el 30 %, y con la coparticipaci\u00f3n de la Municipalidad de las Parejas tambi\u00e9n pueda devolver el 30 % de lo que sali\u00f3 la obra. El Estado garantiza que la obra que se realice, paga el 100 %, se hace cargo del 40 % y los otros 30 % y 30 % lo devuelve el sector privado y la Municipalidad\u201d, explic\u00f3 y cerr\u00f3 el ministro.<\/p>\n\n\n\n<p><br>Acompa\u00f1aron al gobernador y al ministro el Intendente de Las Parejas, Horacio Campagnucci; el senador por el departamento Belgrano, Pablo Verdecchia; la presidenta de Cideter, Fabiana Trobbiani; el secretario de Desarrollo Industrial, Guillermo Beccani y el director provincial de Nuevas Econom\u00edas, Gonzalo Cristini.<\/p>\n","protected":false},"excerpt":{"rendered":"<p>Pullaro anunci\u00f3 el llamado a licitaci\u00f3n para obras en la red el\u00e9ctrica del \u00e1rea industrial de Las Parejas.<\/p>\n","protected":false},"author":1,"featured_media":45732,"comment_status":"open","ping_status":"open","sticky":false,"template":"","format":"image","meta":{"_jetpack_memberships_contains_paid_content":false,"footnotes":"","jetpack_publicize_message":"","jetpack_publicize_feature_enabled":true,"jetpack_social_post_already_shared":true,"jetpack_social_options":{"image_generator_settings":{"template":"highway","default_image_id":0,"enabled":false},"version":2}},"categories":[6,8,1,2,7,3],"tags":[33,835,5030,3664,15,8777,993,220,81,2846,2669],"class_list":["post-45731","post","type-post","status-publish","format-image","has-post-thumbnail","hentry","category-cultura-entretenimiento","category-deliberando","category-diario-armstrong","category-locales","category-politica","category-region","tag-a","tag-anuncio","tag-diario-armstrong","tag-electrica","tag-en","tag-lic-graciela-de-la-casa","tag-llamado","tag-obras","tag-para","tag-pullaro","tag-red","post_format-post-format-image"],"jetpack_publicize_connections":[],"jetpack_featured_media_url":"https:\/\/armstrongyregion.com.ar\/diario\/wp-content\/uploads\/2025\/03\/laspa-2-.jpg","jetpack_shortlink":"https:\/\/wp.me\/p62QDO-bTB","jetpack_sharing_enabled":true,"amp_enabled":true,"_links":{"self":[{"href":"https:\/\/armstrongyregion.com.ar\/diario\/wp-json\/wp\/v2\/posts\/45731","targetHints":{"allow":["GET"]}}],"collection":[{"href":"https:\/\/armstrongyregion.com.ar\/diario\/wp-json\/wp\/v2\/posts"}],"about":[{"href":"https:\/\/armstrongyregion.com.ar\/diario\/wp-json\/wp\/v2\/types\/post"}],"author":[{"embeddable":true,"href":"https:\/\/armstrongyregion.com.ar\/diario\/wp-json\/wp\/v2\/users\/1"}],"replies":[{"embeddable":true,"href":"https:\/\/armstrongyregion.com.ar\/diario\/wp-json\/wp\/v2\/comments?post=45731"}],"version-history":[{"count":1,"href":"https:\/\/armstrongyregion.com.ar\/diario\/wp-json\/wp\/v2\/posts\/45731\/revisions"}],"predecessor-version":[{"id":45736,"href":"https:\/\/armstrongyregion.com.ar\/diario\/wp-json\/wp\/v2\/posts\/45731\/revisions\/45736"}],"wp:featuredmedia":[{"embeddable":true,"href":"https:\/\/armstrongyregion.com.ar\/diario\/wp-json\/wp\/v2\/media\/45732"}],"wp:attachment":[{"href":"https:\/\/armstrongyregion.com.ar\/diario\/wp-json\/wp\/v2\/media?parent=45731"}],"wp:term":[{"taxonomy":"category","embeddable":true,"href":"https:\/\/armstrongyregion.com.ar\/diario\/wp-json\/wp\/v2\/categories?post=45731"},{"taxonomy":"post_tag","embeddable":true,"href":"https:\/\/armstrongyregion.com.ar\/diario\/wp-json\/wp\/v2\/tags?post=45731"}],"curies":[{"name":"wp","href":"https:\/\/api.w.org\/{rel}","templated":true}]}}