{"id":45725,"date":"2025-03-20T21:09:00","date_gmt":"2025-03-20T21:09:00","guid":{"rendered":"https:\/\/armstrongyregion.com.ar\/diario\/?p=45725"},"modified":"2025-03-20T21:09:02","modified_gmt":"2025-03-20T21:09:02","slug":"respuesta-del-ejecutivo-sobre-la-falta-de-parcelas-en-el-cementerio-local-y-proyecto-de-homenaje-para-todos-los-ex-combatientes","status":"publish","type":"post","link":"https:\/\/armstrongyregion.com.ar\/diario\/respuesta-del-ejecutivo-sobre-la-falta-de-parcelas-en-el-cementerio-local-y-proyecto-de-homenaje-para-todos-los-ex-combatientes\/","title":{"rendered":"Respuesta del ejecutivo sobre la falta de parcelas en el cementerio local y proyecto de homenaje para todos los ex-combatientes."},"content":{"rendered":"\n<figure class=\"wp-block-image size-full\"><img loading=\"lazy\" decoding=\"async\" width=\"480\" height=\"360\" src=\"http:\/\/armstrongyregion.com.ar\/diario\/wp-content\/uploads\/2021\/05\/Perez-Daniela-mayo-5-.jpg\" alt=\"\" class=\"wp-image-30055\" srcset=\"https:\/\/armstrongyregion.com.ar\/diario\/wp-content\/uploads\/2021\/05\/Perez-Daniela-mayo-5-.jpg 480w, https:\/\/armstrongyregion.com.ar\/diario\/wp-content\/uploads\/2021\/05\/Perez-Daniela-mayo-5--300x225.jpg 300w\" sizes=\"auto, (max-width: 480px) 100vw, 480px\" \/><\/figure>\n\n\n\n<p>La viuda de Daniel Chiarla, ex combatiente de Malvinas, realiz\u00f3 una queja p\u00fablica ante el Concejo Deliberante de Armstrong por la falta de parcelas disponibles para la sepultura de su esposo en el cementerio local. <\/p>\n\n\n\n<figure class=\"wp-block-embed is-type-wp-embed is-provider-incrustado wp-block-embed-incrustado\"><div class=\"wp-block-embed__wrapper\">\n<blockquote class=\"wp-embedded-content\" data-secret=\"bUjUtb0xvs\"><a href=\"https:\/\/armstrongyregion.com.ar\/diario\/el-dolor-de-una-familia-y-el-reclamo-por-un-heroe-de-malvinas\/\">El dolor de una familia y el reclamo por un H\u00e9roe de Malvinas.<\/a><\/blockquote><iframe loading=\"lazy\" class=\"wp-embedded-content\" sandbox=\"allow-scripts\" security=\"restricted\" style=\"position: absolute; clip: rect(1px, 1px, 1px, 1px);\" title=\"\u00abEl dolor de una familia y el reclamo por un H\u00e9roe de Malvinas.\u00bb \u2014 \" src=\"https:\/\/armstrongyregion.com.ar\/diario\/el-dolor-de-una-familia-y-el-reclamo-por-un-heroe-de-malvinas\/embed\/#?secret=79KyxqkAzD#?secret=bUjUtb0xvs\" data-secret=\"bUjUtb0xvs\" width=\"600\" height=\"338\" frameborder=\"0\" marginwidth=\"0\" marginheight=\"0\" scrolling=\"no\"><\/iframe>\n<\/div><\/figure>\n\n\n\n<p>El diario Armstrong y Regi\u00f3n public\u00f3 una nota con las declaraciones de la se\u00f1ora y aqu\u00ed va la respuesta desde la Municipalidad.<\/p>\n\n\n\n<p> La Secretaria de Gobierno, Daniela P\u00e9rez, explic\u00f3 la situaci\u00f3n, aclarando que el municipio no dispone de parcelas propias para la venta desde hace a\u00f1os. La \u00faltima venta se realiz\u00f3 alrededor de 2008 o 2009, antes de la gesti\u00f3n de Pablo Verdecchia. Actualmente, solo se ofrecen nichos comunitarios. <\/p>\n\n\n\n<p>P\u00e9rez confirm\u00f3 que el municipio est\u00e1 gestionando la recepci\u00f3n de una donaci\u00f3n de un terreno lindero al cementerio, un proceso que se encuentra en sus etapas finales. Esta donaci\u00f3n permitir\u00e1 ampliar el cementerio y ofrecer nuevas parcelas para la venta, no solo a la familia del excombatiente, sino a toda la comunidad. Se espera que este proceso concluya en 2 o 3 meses. <\/p>\n\n\n\n<p>Si bien la Municipalidad reconoce la urgencia de la familia, la Secretaria enfatiz\u00f3 que la falta de parcelas disponibles no impide que los familiares del ex_combatiente, adquieran alguna parcela de un propietario privado.<\/p>\n\n\n\n<p> \u00ab<strong>El municipio, adem\u00e1s, est\u00e1 trabajando en la creaci\u00f3n de un espacio especial dentro del cementerio para homenajear a los excombatientes de la localidad y sus familiares, un proyecto que se est\u00e1 desarrollando en conjunto con las secretar\u00edas de Cultura y Obras P\u00fablicas. Este espacio estar\u00e1 disponible para quienes deseen darle descanso eterno a sus seres queridos en un lugar de homenaje a los excombatientes de Malvinas\u00bb.<\/strong> Explic\u00f3 la Secretaria.<\/p>\n\n\n\n<p> En cuanto al problema espec\u00edfico de la familia de Daniel Chiarla, relacionado con la entrada de agua en el nicho donde se encuentran sus restos, P\u00e9rez asegur\u00f3 que la situaci\u00f3n ya est\u00e1 solucionada. Se est\u00e1n realizando trabajos de terminaci\u00f3n en el cuerpo de nichos para prevenir futuras filtraciones. La Municipalidad est\u00e1 trabajando con la Secretar\u00eda de Obras P\u00fablicas y la Maestranza para llevar a cabo estas terminaciones y mejoras. <\/p>\n\n\n\n<p><strong>Finalmente, P\u00e9rez reiter\u00f3 la disposici\u00f3n del municipio a dialogar con la familia de Daniel para encontrar una soluci\u00f3n, aunque se\u00f1al\u00f3 la dificultad de mantener un di\u00e1logo fluido cuando la familia busca una respuesta inmediata e individualizada, mientras que la municipalidad est\u00e1 trabajando en una soluci\u00f3n a largo plazo que busca homenajear a todos los excombatientes de la localidad de Armstrong.<\/strong><\/p>\n\n\n\n<p><\/p>\n","protected":false},"excerpt":{"rendered":"<p>Respuesta del ejecutivo sobre la falta de parcelas en el cementerio local y proyecto de homenaje para todos los ex-combatientes.<\/p>\n","protected":false},"author":1,"featured_media":36701,"comment_status":"open","ping_status":"open","sticky":false,"template":"","format":"image","meta":{"_jetpack_memberships_contains_paid_content":false,"footnotes":"","jetpack_publicize_message":"","jetpack_publicize_feature_enabled":true,"jetpack_social_post_already_shared":true,"jetpack_social_options":{"image_generator_settings":{"template":"highway","default_image_id":0,"enabled":false},"version":2}},"categories":[6,8,1,2,7,3],"tags":[33,2870,19,53,5030,357,15,11560,1420,2072,11559,639,4367,118],"class_list":["post-45725","post","type-post","status-publish","format-image","has-post-thumbnail","hentry","category-cultura-entretenimiento","category-deliberando","category-diario-armstrong","category-locales","category-politica","category-region","tag-a","tag-cementerio","tag-de","tag-del","tag-diario-armstrong","tag-ejecutivo","tag-en","tag-ex-combatientes","tag-falta","tag-homenaje","tag-parcelas","tag-proyecto","tag-respuesta","tag-sobre","post_format-post-format-image"],"jetpack_publicize_connections":[],"jetpack_featured_media_url":"https:\/\/armstrongyregion.com.ar\/diario\/wp-content\/uploads\/2022\/11\/Daniela-Perez-29-11-22-.jpg","jetpack_shortlink":"https:\/\/wp.me\/p62QDO-bTv","jetpack_sharing_enabled":true,"amp_enabled":true,"_links":{"self":[{"href":"https:\/\/armstrongyregion.com.ar\/diario\/wp-json\/wp\/v2\/posts\/45725","targetHints":{"allow":["GET"]}}],"collection":[{"href":"https:\/\/armstrongyregion.com.ar\/diario\/wp-json\/wp\/v2\/posts"}],"about":[{"href":"https:\/\/armstrongyregion.com.ar\/diario\/wp-json\/wp\/v2\/types\/post"}],"author":[{"embeddable":true,"href":"https:\/\/armstrongyregion.com.ar\/diario\/wp-json\/wp\/v2\/users\/1"}],"replies":[{"embeddable":true,"href":"https:\/\/armstrongyregion.com.ar\/diario\/wp-json\/wp\/v2\/comments?post=45725"}],"version-history":[{"count":1,"href":"https:\/\/armstrongyregion.com.ar\/diario\/wp-json\/wp\/v2\/posts\/45725\/revisions"}],"predecessor-version":[{"id":45726,"href":"https:\/\/armstrongyregion.com.ar\/diario\/wp-json\/wp\/v2\/posts\/45725\/revisions\/45726"}],"wp:featuredmedia":[{"embeddable":true,"href":"https:\/\/armstrongyregion.com.ar\/diario\/wp-json\/wp\/v2\/media\/36701"}],"wp:attachment":[{"href":"https:\/\/armstrongyregion.com.ar\/diario\/wp-json\/wp\/v2\/media?parent=45725"}],"wp:term":[{"taxonomy":"category","embeddable":true,"href":"https:\/\/armstrongyregion.com.ar\/diario\/wp-json\/wp\/v2\/categories?post=45725"},{"taxonomy":"post_tag","embeddable":true,"href":"https:\/\/armstrongyregion.com.ar\/diario\/wp-json\/wp\/v2\/tags?post=45725"}],"curies":[{"name":"wp","href":"https:\/\/api.w.org\/{rel}","templated":true}]}}