{"id":45722,"date":"2025-03-20T20:43:22","date_gmt":"2025-03-20T20:43:22","guid":{"rendered":"https:\/\/armstrongyregion.com.ar\/diario\/?p=45722"},"modified":"2025-03-20T21:13:03","modified_gmt":"2025-03-20T21:13:03","slug":"el-intendente-meyer-asistio-a-la-recepcion-de-ambulancias-en-rosario","status":"publish","type":"post","link":"https:\/\/armstrongyregion.com.ar\/diario\/el-intendente-meyer-asistio-a-la-recepcion-de-ambulancias-en-rosario\/","title":{"rendered":"El intendente Meyer asisti\u00f3 a la recepci\u00f3n de ambulancias en Rosario."},"content":{"rendered":"\n<figure class=\"wp-block-image size-large\"><img loading=\"lazy\" decoding=\"async\" width=\"640\" height=\"329\" src=\"http:\/\/armstrongyregion.com.ar\/diario\/wp-content\/uploads\/2025\/03\/LAS-ROSAS-VERDECCHIA--640x329.jpg\" alt=\"\" class=\"wp-image-45723\" srcset=\"https:\/\/armstrongyregion.com.ar\/diario\/wp-content\/uploads\/2025\/03\/LAS-ROSAS-VERDECCHIA--640x329.jpg 640w, https:\/\/armstrongyregion.com.ar\/diario\/wp-content\/uploads\/2025\/03\/LAS-ROSAS-VERDECCHIA--300x154.jpg 300w, https:\/\/armstrongyregion.com.ar\/diario\/wp-content\/uploads\/2025\/03\/LAS-ROSAS-VERDECCHIA-.jpg 645w\" sizes=\"auto, (max-width: 640px) 100vw, 640px\" \/><\/figure>\n\n\n\n<h2 class=\"wp-block-heading\">El gobernador Pullaro encabez\u00f3 la entrega de nuevas unidades, dos de las cuales prestar\u00e1n servicio en el SAMCo Las Rosas. La ministra Ciancio anunci\u00f3 la categorizaci\u00f3n autom\u00e1tica de 500 choferes.<\/h2>\n\n\n\n<h3 class=\"wp-block-heading\">Entrega hist\u00f3rica de ambulancias en Santa Fe<\/h3>\n\n\n\n<p>El gobernador de Santa Fe, Maximiliano Pullaro, encabez\u00f3 este jueves la entrega de 49 ambulancias 0 km en un acto celebrado en el Monumento a la Bandera en Rosario.<\/p>\n\n\n\n<figure class=\"wp-block-embed is-type-video is-provider-youtube wp-block-embed-youtube wp-embed-aspect-16-9 wp-has-aspect-ratio\"><div class=\"wp-block-embed__wrapper\">\n<iframe loading=\"lazy\" title=\"DIARIO ARMSTRONG Y REGION. LAS ROSAS RECIBI\u00d3 2 AMBULANCIAS.\" width=\"800\" height=\"450\" src=\"https:\/\/www.youtube.com\/embed\/IX7ju3BjAXg?feature=oembed\" frameborder=\"0\" allow=\"accelerometer; autoplay; clipboard-write; encrypted-media; gyroscope; picture-in-picture; web-share\" referrerpolicy=\"strict-origin-when-cross-origin\" allowfullscreen><\/iframe>\n<\/div><\/figure>\n\n\n\n<p>Dos de estas unidades se incorporan al hospital Las Rosas, a partir de convenio firmado entre la Municipalidad, representada por el Intendente Javier Meyer, y el Ministerio de Salud.&nbsp;<\/p>\n\n\n\n<p>En dicho convenio se establece que&nbsp;<em>\u00abel Ministerio de Salud, a trav\u00e9s de la SELIAR, autoriza a la Municipalidad el uso de los siguientes dominios: AG915IV, AH027IK, para ser utilizados en el marco del sistema provincial de emergencias y traslados\u00bb,<\/em>&nbsp;Se trata de una ambulancia 0 km. y un minibus que se entregan \u00ab<em>adjunt\u00e1ndose la C\u00e9dula Verde de identificaci\u00f3n del automotor, junto con el equipamiento y pertenencias de la unidad, en el estado de conservaci\u00f3n y funcionamiento en que se encuentra<\/em>\u00ab.<\/p>\n\n\n\n<h3 class=\"wp-block-heading\">&nbsp;Fortalecimiento del sistema de salud<\/h3>\n\n\n\n<p>Durante el acto, la ministra de Salud, Silvia Ciancio, destac\u00f3 que la incorporaci\u00f3n de estas ambulancias representa&nbsp;<em>\u00abun hecho hist\u00f3rico\u00bb<\/em>&nbsp;para la provincia. Adem\u00e1s, anunci\u00f3 que en los pr\u00f3ximos 60 d\u00edas se concretar\u00e1 la categorizaci\u00f3n autom\u00e1tica de m\u00e1s de 500 choferes de la Red de Salud P\u00fablica, una demanda pendiente de gestiones anteriores.<\/p>\n\n\n\n<p><em>\u00abLa Red de Emergencias y Traslados logr\u00f3 ser eficiente con m\u00e1s de 400 mil movimientos asistenciales gracias a cada uno de los trabajadores. Esta inversi\u00f3n viene a reforzar el sistema y a reconocer su esfuerzo\u00bb,<\/em>&nbsp;agreg\u00f3 Ciancio.<\/p>\n\n\n\n<h3 class=\"wp-block-heading\">Detalles de la inversi\u00f3n<\/h3>\n\n\n\n<p><em>\u00abDec\u00edan que no iba a haber inversi\u00f3n en Santa Fe, que no iba a haber equipamiento ni obra p\u00fablica. Ven\u00edamos de una provincia quebrada. Sin embargo, haciendo las cosas correctamente podemos demostrarle a la sociedad santafesina que las inversiones est\u00e1n llegando\u00bb<\/em>, declar\u00f3 Pullaro durante el evento.<\/p>\n\n\n\n<p>Esta entrega forma parte de un plan mayor que contempl\u00f3 la adquisici\u00f3n de 174 ambulancias y minibuses para el sistema de salud p\u00fablica de la provincia. El objetivo es mejorar la capacidad de respuesta de la Red de Emergencias y Traslados.<\/p>\n\n\n\n<p>La licitaci\u00f3n de las unidades se realiz\u00f3 en agosto de 2024 con un presupuesto oficial de $16.185.000.000 para la compra de 150 ambulancias. Sin embargo, la adjudicaci\u00f3n se cerr\u00f3 en $14.540.000.000, permitiendo la adquisici\u00f3n de 24 unidades adicionales y generando un ahorro de casi $1.640.000.000 para la provincia.<\/p>\n\n\n\n<p>Las nuevas unidades incluyen ambulancias de alta y baja complejidad, as\u00ed como veh\u00edculos adaptados para el traslado de pacientes. Tambi\u00e9n se incorporaron m\u00f3viles 4&#215;4 para garantizar la cobertura en zonas rurales de dif\u00edcil acceso.<\/p>\n\n\n\n<h3 class=\"wp-block-heading\">Departamento Belgrano<\/h3>\n\n\n\n<p>Al Departamento Belgrano se asignaron 5 m\u00f3viles nuevos en total: ambulancias de emergencias a Armstrong (1 unidad), Las Parejas (1) y Las Rosas (2) -adem\u00e1s recibi\u00f3 un minib\u00fas-; mientras que a Montes de Oca (1) se le otorg\u00f3 una ambulancia de traslado.<\/p>\n\n\n\n<p>Tambi\u00e9n se beneficiar\u00e1n localidades de los departamentos&nbsp; Caseros, Constituci\u00f3n, Iriondo, Rosario, San Jer\u00f3nimo y San Lorenzo.<\/p>\n\n\n\n<p>Fuente: Las Rosas Digital.<\/p>\n","protected":false},"excerpt":{"rendered":"<p>El intendente Meyer asisti\u00f3 a la recepci\u00f3n de ambulancias en Rosario.<\/p>\n","protected":false},"author":1,"featured_media":45723,"comment_status":"open","ping_status":"open","sticky":false,"template":"","format":"image","meta":{"_jetpack_memberships_contains_paid_content":false,"footnotes":"","jetpack_publicize_message":"","jetpack_publicize_feature_enabled":true,"jetpack_social_post_already_shared":true,"jetpack_social_options":{"image_generator_settings":{"template":"highway","default_image_id":0,"enabled":false},"version":2}},"categories":[8,1,2,7,4,3],"tags":[1301,11558,19,5030,323,8777,1934],"class_list":["post-45722","post","type-post","status-publish","format-image","has-post-thumbnail","hentry","category-deliberando","category-diario-armstrong","category-locales","category-politica","category-prevencion-salud","category-region","tag-ambulancias","tag-asistio-2","tag-de","tag-diario-armstrong","tag-entrega","tag-lic-graciela-de-la-casa","tag-meyer","post_format-post-format-image"],"jetpack_publicize_connections":[],"jetpack_featured_media_url":"https:\/\/armstrongyregion.com.ar\/diario\/wp-content\/uploads\/2025\/03\/LAS-ROSAS-VERDECCHIA-.jpg","jetpack_shortlink":"https:\/\/wp.me\/p62QDO-bTs","jetpack_sharing_enabled":true,"amp_enabled":true,"_links":{"self":[{"href":"https:\/\/armstrongyregion.com.ar\/diario\/wp-json\/wp\/v2\/posts\/45722","targetHints":{"allow":["GET"]}}],"collection":[{"href":"https:\/\/armstrongyregion.com.ar\/diario\/wp-json\/wp\/v2\/posts"}],"about":[{"href":"https:\/\/armstrongyregion.com.ar\/diario\/wp-json\/wp\/v2\/types\/post"}],"author":[{"embeddable":true,"href":"https:\/\/armstrongyregion.com.ar\/diario\/wp-json\/wp\/v2\/users\/1"}],"replies":[{"embeddable":true,"href":"https:\/\/armstrongyregion.com.ar\/diario\/wp-json\/wp\/v2\/comments?post=45722"}],"version-history":[{"count":2,"href":"https:\/\/armstrongyregion.com.ar\/diario\/wp-json\/wp\/v2\/posts\/45722\/revisions"}],"predecessor-version":[{"id":45727,"href":"https:\/\/armstrongyregion.com.ar\/diario\/wp-json\/wp\/v2\/posts\/45722\/revisions\/45727"}],"wp:featuredmedia":[{"embeddable":true,"href":"https:\/\/armstrongyregion.com.ar\/diario\/wp-json\/wp\/v2\/media\/45723"}],"wp:attachment":[{"href":"https:\/\/armstrongyregion.com.ar\/diario\/wp-json\/wp\/v2\/media?parent=45722"}],"wp:term":[{"taxonomy":"category","embeddable":true,"href":"https:\/\/armstrongyregion.com.ar\/diario\/wp-json\/wp\/v2\/categories?post=45722"},{"taxonomy":"post_tag","embeddable":true,"href":"https:\/\/armstrongyregion.com.ar\/diario\/wp-json\/wp\/v2\/tags?post=45722"}],"curies":[{"name":"wp","href":"https:\/\/api.w.org\/{rel}","templated":true}]}}