{"id":4572,"date":"2015-10-17T14:54:05","date_gmt":"2015-10-17T14:54:05","guid":{"rendered":"https:\/\/armstrongyregion.com.ar\/diario\/?p=4572"},"modified":"2015-10-17T14:54:05","modified_gmt":"2015-10-17T14:54:05","slug":"17-de-octubre-dia-de-la-lealtad","status":"publish","type":"post","link":"https:\/\/armstrongyregion.com.ar\/diario\/17-de-octubre-dia-de-la-lealtad\/","title":{"rendered":"17 de octubre D\u00eda de la Lealtad."},"content":{"rendered":"<p><a href=\"http:\/\/armstrongyregion.com.ar\/diario\/wp-content\/uploads\/2015\/10\/dia-lealtad.jpg\"><img loading=\"lazy\" decoding=\"async\" class=\"alignnone size-medium wp-image-4573\" src=\"http:\/\/armstrongyregion.com.ar\/diario\/wp-content\/uploads\/2015\/10\/dia-lealtad-300x169.jpg\" alt=\"dia lealtad\" width=\"300\" height=\"169\" srcset=\"https:\/\/armstrongyregion.com.ar\/diario\/wp-content\/uploads\/2015\/10\/dia-lealtad-300x169.jpg 300w, https:\/\/armstrongyregion.com.ar\/diario\/wp-content\/uploads\/2015\/10\/dia-lealtad.jpg 724w\" sizes=\"auto, (max-width: 300px) 100vw, 300px\" \/><\/a>Hoy conmemoramos el 68\u00ba aniversario del inicio de los d\u00edas m\u00e1s felices del pueblo trabajador detr\u00e1s de las banderas de Independencia Econ\u00f3mica, Soberan\u00eda Pol\u00edtica y Justicia Social.<br \/>\nConstituyendo lo que Scalabrini Ortiz defini\u00f3 para la posteridad como \u00abel subsuelo de la Patria Sublevada\u00bb.<br \/>\nDurante esa jornada se lleva a cabo un pacto de Per\u00f3n con el pueblo que no pudieron quebrar los sucesivos golpes de estados y 18 a\u00f1os de proscripci\u00f3n.<br \/>\nPara el pueblo trabajador, esta fecha no puede ni debe ser una mera evocaci\u00f3n.<br \/>\nEl D\u00eda de la Lealtad se transform\u00f3 en un verdadero hito de la historia de nuestra patria, producto de un largo proceso social que Per\u00f3n interpret\u00f3 para que los trabajadores irrumpan en la historia como columna vertebral de un proyecto Nacional y Popular.<br \/>\nEste 17 de octubre tiene que constituir la lealtad a las ideas, al proyecto pol\u00edtico inaugurado por Per\u00f3n, y que no es otra cosa que un Estado fuerte que garantice los intereses generales del conjunto mediante un sujeto, los trabajadores y los humildes.<\/p>\n<p>Compa\u00f1eros, sigamos caminando con las banderas que Per\u00f3n y Evita nos marcaron, siempre junto al pueblo, siempre con la verdad, siempre apostando al desarrollo industrial, siempre gestando la soberan\u00eda econ\u00f3mica y el fortalecimiento de la democracia.<br \/>\nRenovando nuestro compromiso a ese juramento de lealtad que dio origen a la mayor s\u00edntesis de las luchas populares de nuestra Patria.<br \/>\nHoy m\u00e1s que nunca, ni un paso atr\u00e1s por nuestras banderas hist\u00f3ricas por una Argentina, una Santa Fe y una Ca\u00f1ada de G\u00f3mez para todos.<br \/>\n\u00a1Feliz d\u00eda de la Lealtad!<\/p>\n<p>Stella Maris Cl\u00e9rici. Vicepresedienta 1\u00ba del Partido Justicialista de Santa Fe<br \/>\nCarina Mozzoni Secretaria General del Partido Justicialista Departamento Iriondo<br \/>\nMarcelo Cogno. Secretario General del Partido Justicialista de Ca\u00f1ada de G\u00f3mez<\/p>\n","protected":false},"excerpt":{"rendered":"<p>Hoy conmemoramos el 68\u00ba aniversario del inicio de los d\u00edas m\u00e1s felices del pueblo trabajador detr\u00e1s de las banderas de Independencia Econ\u00f3mica, Soberan\u00eda Pol\u00edtica y Justicia Social. Constituyendo lo que Scalabrini Ortiz defini\u00f3 para la posteridad como \u00abel subsuelo de la Patria Sublevada\u00bb. Durante esa jornada se lleva a cabo un pacto de Per\u00f3n con <a href=\"https:\/\/armstrongyregion.com.ar\/diario\/17-de-octubre-dia-de-la-lealtad\/\" title=\"Read more\" >&#8230;<\/a><\/p>\n","protected":false},"author":2,"featured_media":4573,"comment_status":"open","ping_status":"open","sticky":false,"template":"","format":"standard","meta":{"_jetpack_memberships_contains_paid_content":false,"footnotes":"","jetpack_publicize_message":"","jetpack_publicize_feature_enabled":true,"jetpack_social_post_already_shared":false,"jetpack_social_options":{"image_generator_settings":{"template":"highway","default_image_id":0,"enabled":false},"version":2}},"categories":[8,1,2819,2,7,3],"tags":[1194,19,793,31,2958,1885],"class_list":["post-4572","post","type-post","status-publish","format-standard","has-post-thumbnail","hentry","category-deliberando","category-diario-armstrong","category-el-pais","category-locales","category-politica","category-region","tag-1194","tag-de","tag-dia","tag-la","tag-lealtad","tag-octubre"],"jetpack_publicize_connections":[],"jetpack_featured_media_url":"https:\/\/armstrongyregion.com.ar\/diario\/wp-content\/uploads\/2015\/10\/dia-lealtad.jpg","jetpack_shortlink":"https:\/\/wp.me\/p62QDO-1bK","jetpack_sharing_enabled":true,"amp_enabled":true,"_links":{"self":[{"href":"https:\/\/armstrongyregion.com.ar\/diario\/wp-json\/wp\/v2\/posts\/4572","targetHints":{"allow":["GET"]}}],"collection":[{"href":"https:\/\/armstrongyregion.com.ar\/diario\/wp-json\/wp\/v2\/posts"}],"about":[{"href":"https:\/\/armstrongyregion.com.ar\/diario\/wp-json\/wp\/v2\/types\/post"}],"author":[{"embeddable":true,"href":"https:\/\/armstrongyregion.com.ar\/diario\/wp-json\/wp\/v2\/users\/2"}],"replies":[{"embeddable":true,"href":"https:\/\/armstrongyregion.com.ar\/diario\/wp-json\/wp\/v2\/comments?post=4572"}],"version-history":[{"count":0,"href":"https:\/\/armstrongyregion.com.ar\/diario\/wp-json\/wp\/v2\/posts\/4572\/revisions"}],"wp:featuredmedia":[{"embeddable":true,"href":"https:\/\/armstrongyregion.com.ar\/diario\/wp-json\/wp\/v2\/media\/4573"}],"wp:attachment":[{"href":"https:\/\/armstrongyregion.com.ar\/diario\/wp-json\/wp\/v2\/media?parent=4572"}],"wp:term":[{"taxonomy":"category","embeddable":true,"href":"https:\/\/armstrongyregion.com.ar\/diario\/wp-json\/wp\/v2\/categories?post=4572"},{"taxonomy":"post_tag","embeddable":true,"href":"https:\/\/armstrongyregion.com.ar\/diario\/wp-json\/wp\/v2\/tags?post=4572"}],"curies":[{"name":"wp","href":"https:\/\/api.w.org\/{rel}","templated":true}]}}