{"id":45711,"date":"2025-03-20T13:18:03","date_gmt":"2025-03-20T13:18:03","guid":{"rendered":"https:\/\/armstrongyregion.com.ar\/diario\/?p=45711"},"modified":"2025-03-20T13:18:05","modified_gmt":"2025-03-20T13:18:05","slug":"armstrong-proyecto-integral-de-movilidad-sustentable","status":"publish","type":"post","link":"https:\/\/armstrongyregion.com.ar\/diario\/armstrong-proyecto-integral-de-movilidad-sustentable\/","title":{"rendered":"Armstrong. Proyecto integral de movilidad sustentable."},"content":{"rendered":"\n<figure class=\"wp-block-image size-large\"><img loading=\"lazy\" decoding=\"async\" width=\"640\" height=\"480\" src=\"http:\/\/armstrongyregion.com.ar\/diario\/wp-content\/uploads\/2025\/03\/movilidad-sustentable-3-640x480.jpg\" alt=\"\" class=\"wp-image-45712\" srcset=\"https:\/\/armstrongyregion.com.ar\/diario\/wp-content\/uploads\/2025\/03\/movilidad-sustentable-3-640x480.jpg 640w, https:\/\/armstrongyregion.com.ar\/diario\/wp-content\/uploads\/2025\/03\/movilidad-sustentable-3-300x225.jpg 300w, https:\/\/armstrongyregion.com.ar\/diario\/wp-content\/uploads\/2025\/03\/movilidad-sustentable-3-768x576.jpg 768w, https:\/\/armstrongyregion.com.ar\/diario\/wp-content\/uploads\/2025\/03\/movilidad-sustentable-3.jpg 1008w\" sizes=\"auto, (max-width: 640px) 100vw, 640px\" \/><\/figure>\n\n\n\n<p>El programa de movilidad sustentable que proyecta la Municipalidad de Armstrong pretende<br>ejecutar diferentes acciones en la ciudad. Por ello se present\u00f3 el programa \u201cCorredores Escolares<br>Seguros del Ministerio de Ambiente de la Provincia de Santa Fe\u201d.<\/p>\n\n\n\n<figure class=\"wp-block-image size-large\"><img loading=\"lazy\" decoding=\"async\" width=\"640\" height=\"480\" src=\"http:\/\/armstrongyregion.com.ar\/diario\/wp-content\/uploads\/2025\/03\/movilidad-sustentable-2--640x480.jpg\" alt=\"\" class=\"wp-image-45713\" srcset=\"https:\/\/armstrongyregion.com.ar\/diario\/wp-content\/uploads\/2025\/03\/movilidad-sustentable-2--640x480.jpg 640w, https:\/\/armstrongyregion.com.ar\/diario\/wp-content\/uploads\/2025\/03\/movilidad-sustentable-2--300x225.jpg 300w, https:\/\/armstrongyregion.com.ar\/diario\/wp-content\/uploads\/2025\/03\/movilidad-sustentable-2--768x576.jpg 768w, https:\/\/armstrongyregion.com.ar\/diario\/wp-content\/uploads\/2025\/03\/movilidad-sustentable-2-.jpg 1008w\" sizes=\"auto, (max-width: 640px) 100vw, 640px\" \/><\/figure>\n\n\n\n<p><br>Ante la presencia del Intendente Guillermo Luzzi, la delegada del Ministerio de Educaci\u00f3n Regi\u00f3n V<br>Marisa Pr\u00edncipe y los equipos directivos de todos los niveles educativos de la ciudad, la directora<br>provincial de Movilidad Sustentable Andrea Magnani, y la representante del Instituto de Estudios de<br>Transporte de la Universidad Nacional de Rosario (UNR) Alejandra Golik, explicaron en qu\u00e9 consiste<br>el proyecto que busca unir esfuerzos para consolidar el sistema de movilidad en bicicleta.<\/p>\n\n\n\n<figure class=\"wp-block-image size-large\"><img loading=\"lazy\" decoding=\"async\" width=\"640\" height=\"480\" src=\"http:\/\/armstrongyregion.com.ar\/diario\/wp-content\/uploads\/2025\/03\/movilidad-sustentable-2-1-1-640x480.jpg\" alt=\"\" class=\"wp-image-45714\" srcset=\"https:\/\/armstrongyregion.com.ar\/diario\/wp-content\/uploads\/2025\/03\/movilidad-sustentable-2-1-1-640x480.jpg 640w, https:\/\/armstrongyregion.com.ar\/diario\/wp-content\/uploads\/2025\/03\/movilidad-sustentable-2-1-1-300x225.jpg 300w, https:\/\/armstrongyregion.com.ar\/diario\/wp-content\/uploads\/2025\/03\/movilidad-sustentable-2-1-1-768x576.jpg 768w, https:\/\/armstrongyregion.com.ar\/diario\/wp-content\/uploads\/2025\/03\/movilidad-sustentable-2-1-1.jpg 1008w\" sizes=\"auto, (max-width: 640px) 100vw, 640px\" \/><\/figure>\n\n\n\n<p><br>El proyecto, que involucra a ni\u00f1os y j\u00f3venes, presenta un c\u00edrculo completo e integral para que la<br>ciudad se conecte, de este a oeste y en un futuro de norte a sur, a trav\u00e9s de la infraestructura de<br>movilidad sustentable y as\u00ed integrar las diferentes necesidades de circulaci\u00f3n de sus habitantes:<br>estudio, trabajo, salud y esparcimiento.<br>La parte t\u00e9cnica estar\u00e1 diagramada por la UNR, previo relevamiento de la ciudad y el aporte que los<br>distintos actores involucrados puedan hacer. Luego llegar\u00e1 el momento de capacitar a los docentes<br>quienes ser\u00e1n los encargados de transmitir informaci\u00f3n y conocimientos a los estudiantes.<br>En esta primera instancia se busca el compromiso y colaboraci\u00f3n de los docentes y de toda la<br>comunidad escolar, y que las familias se involucren tanto en la recopilaci\u00f3n de informaci\u00f3n para<br>generar este diagn\u00f3stico, as\u00ed como comprometerse con las propuestas que surjan del mismo.<\/p>\n","protected":false},"excerpt":{"rendered":"<p>Armstrong. Proyecto integral de movilidad sustentable.<\/p>\n","protected":false},"author":1,"featured_media":45715,"comment_status":"open","ping_status":"open","sticky":false,"template":"","format":"image","meta":{"_jetpack_memberships_contains_paid_content":false,"footnotes":"","jetpack_publicize_message":"","jetpack_publicize_feature_enabled":true,"jetpack_social_post_already_shared":true,"jetpack_social_options":{"image_generator_settings":{"template":"highway","default_image_id":0,"enabled":false},"version":2}},"categories":[8,1,2,7,3],"tags":[20,19,5030,965,8777,11064,639,8523],"class_list":["post-45711","post","type-post","status-publish","format-image","has-post-thumbnail","hentry","category-deliberando","category-diario-armstrong","category-locales","category-politica","category-region","tag-armstrong","tag-de","tag-diario-armstrong","tag-integral","tag-lic-graciela-de-la-casa","tag-movilidad","tag-proyecto","tag-sustentable","post_format-post-format-image"],"jetpack_publicize_connections":[],"jetpack_featured_media_url":"https:\/\/armstrongyregion.com.ar\/diario\/wp-content\/uploads\/2025\/03\/movilidad-sustentable-1-.jpg","jetpack_shortlink":"https:\/\/wp.me\/p62QDO-bTh","jetpack_sharing_enabled":true,"amp_enabled":true,"_links":{"self":[{"href":"https:\/\/armstrongyregion.com.ar\/diario\/wp-json\/wp\/v2\/posts\/45711","targetHints":{"allow":["GET"]}}],"collection":[{"href":"https:\/\/armstrongyregion.com.ar\/diario\/wp-json\/wp\/v2\/posts"}],"about":[{"href":"https:\/\/armstrongyregion.com.ar\/diario\/wp-json\/wp\/v2\/types\/post"}],"author":[{"embeddable":true,"href":"https:\/\/armstrongyregion.com.ar\/diario\/wp-json\/wp\/v2\/users\/1"}],"replies":[{"embeddable":true,"href":"https:\/\/armstrongyregion.com.ar\/diario\/wp-json\/wp\/v2\/comments?post=45711"}],"version-history":[{"count":1,"href":"https:\/\/armstrongyregion.com.ar\/diario\/wp-json\/wp\/v2\/posts\/45711\/revisions"}],"predecessor-version":[{"id":45716,"href":"https:\/\/armstrongyregion.com.ar\/diario\/wp-json\/wp\/v2\/posts\/45711\/revisions\/45716"}],"wp:featuredmedia":[{"embeddable":true,"href":"https:\/\/armstrongyregion.com.ar\/diario\/wp-json\/wp\/v2\/media\/45715"}],"wp:attachment":[{"href":"https:\/\/armstrongyregion.com.ar\/diario\/wp-json\/wp\/v2\/media?parent=45711"}],"wp:term":[{"taxonomy":"category","embeddable":true,"href":"https:\/\/armstrongyregion.com.ar\/diario\/wp-json\/wp\/v2\/categories?post=45711"},{"taxonomy":"post_tag","embeddable":true,"href":"https:\/\/armstrongyregion.com.ar\/diario\/wp-json\/wp\/v2\/tags?post=45711"}],"curies":[{"name":"wp","href":"https:\/\/api.w.org\/{rel}","templated":true}]}}