{"id":45707,"date":"2025-03-20T13:13:28","date_gmt":"2025-03-20T13:13:28","guid":{"rendered":"https:\/\/armstrongyregion.com.ar\/diario\/?p=45707"},"modified":"2025-03-20T17:46:39","modified_gmt":"2025-03-20T17:46:39","slug":"el-dolor-de-una-familia-y-el-reclamo-por-un-heroe-de-malvinas","status":"publish","type":"post","link":"https:\/\/armstrongyregion.com.ar\/diario\/el-dolor-de-una-familia-y-el-reclamo-por-un-heroe-de-malvinas\/","title":{"rendered":"El dolor de una familia y el reclamo por un H\u00e9roe de Malvinas."},"content":{"rendered":"\n<figure class=\"wp-block-image size-large\"><img loading=\"lazy\" decoding=\"async\" width=\"640\" height=\"480\" src=\"http:\/\/armstrongyregion.com.ar\/diario\/wp-content\/uploads\/2025\/03\/viuda-Chiarla-1-640x480.jpg\" alt=\"\" class=\"wp-image-45708\" srcset=\"https:\/\/armstrongyregion.com.ar\/diario\/wp-content\/uploads\/2025\/03\/viuda-Chiarla-1-640x480.jpg 640w, https:\/\/armstrongyregion.com.ar\/diario\/wp-content\/uploads\/2025\/03\/viuda-Chiarla-1-300x225.jpg 300w, https:\/\/armstrongyregion.com.ar\/diario\/wp-content\/uploads\/2025\/03\/viuda-Chiarla-1.jpg 714w\" sizes=\"auto, (max-width: 640px) 100vw, 640px\" \/><\/figure>\n\n\n\n<p>La viuda del excombatiente de Malvinas Daniel Arturo Chiarla, elev\u00f3 un reclamo contundente ante el Concejo Deliberante de Armstrong. Acompa\u00f1ada por sus dos hijos, denunci\u00f3 la deplorable situaci\u00f3n del nicho destinado a su esposo, un veterano que \u00abPis\u00f3 Suelo y Jur\u00f3 la Bandera en Puerto Argentino\u00bb. <\/p>\n\n\n\n<figure class=\"wp-block-image size-large\"><img loading=\"lazy\" decoding=\"async\" width=\"640\" height=\"480\" src=\"http:\/\/armstrongyregion.com.ar\/diario\/wp-content\/uploads\/2025\/03\/viuda-chiarla-2-640x480.jpg\" alt=\"\" class=\"wp-image-45709\" srcset=\"https:\/\/armstrongyregion.com.ar\/diario\/wp-content\/uploads\/2025\/03\/viuda-chiarla-2-640x480.jpg 640w, https:\/\/armstrongyregion.com.ar\/diario\/wp-content\/uploads\/2025\/03\/viuda-chiarla-2-300x225.jpg 300w, https:\/\/armstrongyregion.com.ar\/diario\/wp-content\/uploads\/2025\/03\/viuda-chiarla-2.jpg 714w\" sizes=\"auto, (max-width: 640px) 100vw, 640px\" \/><\/figure>\n\n\n\n<p>Seg\u00fan su relato, el nicho, pagado hace tiempo, se encuentra inundado y en p\u00e9simas condiciones, mostrando una falta de consideraci\u00f3n \u00abtotal\u00bb hacia la memoria del h\u00e9roe de Malvinas. \u00abMe vendieron un nicho inundado\u00bb. Describi\u00f3 las reparaciones que tuvo que realizar ella misma, incluyendo la utilizaci\u00f3n de un rodillo, para intentar subsanar los da\u00f1os. <\/p>\n\n\n\n<p>Su reclamo no se limita a la reparaci\u00f3n del nicho, sino que refleja una profunda decepci\u00f3n con la gesti\u00f3n municipal: \u00ab\u00bfA d\u00f3nde van nuestros impuestos?\u00bb, cuestion\u00f3. La viuda dio aviso de iniciar una huelga de hambre si no se le asigna una parcela adecuada para el entierro de su esposo.<\/p>\n\n\n\n<p>El Concejo Deliberante escuch\u00f3 atentamente el conmovedor testimonio, comprometi\u00e9ndose a convocar a los responsables del Ejecutivo para abordar la situaci\u00f3n. <\/p>\n","protected":false},"excerpt":{"rendered":"<p>El dolor de una familia y el reclamo por un H\u00e9roe de Malvinas.<\/p>\n","protected":false},"author":1,"featured_media":45708,"comment_status":"open","ping_status":"open","sticky":false,"template":"","format":"image","meta":{"_jetpack_memberships_contains_paid_content":false,"footnotes":"","jetpack_publicize_message":"","jetpack_publicize_feature_enabled":true,"jetpack_social_post_already_shared":true,"jetpack_social_options":{"image_generator_settings":{"template":"highway","default_image_id":0,"enabled":false},"version":2}},"categories":[8,1,2,7,3],"tags":[11557,432,2396,19,5030,1998,1163,11555,9136],"class_list":["post-45707","post","type-post","status-publish","format-image","has-post-thumbnail","hentry","category-deliberando","category-diario-armstrong","category-locales","category-politica","category-region","tag-arturo","tag-charla","tag-daniel","tag-de","tag-diario-armstrong","tag-dolor","tag-familia","tag-heroe-2","tag-malvinas-2","post_format-post-format-image"],"jetpack_publicize_connections":[],"jetpack_featured_media_url":"https:\/\/armstrongyregion.com.ar\/diario\/wp-content\/uploads\/2025\/03\/viuda-Chiarla-1.jpg","jetpack_shortlink":"https:\/\/wp.me\/p62QDO-bTd","jetpack_sharing_enabled":true,"amp_enabled":true,"_links":{"self":[{"href":"https:\/\/armstrongyregion.com.ar\/diario\/wp-json\/wp\/v2\/posts\/45707","targetHints":{"allow":["GET"]}}],"collection":[{"href":"https:\/\/armstrongyregion.com.ar\/diario\/wp-json\/wp\/v2\/posts"}],"about":[{"href":"https:\/\/armstrongyregion.com.ar\/diario\/wp-json\/wp\/v2\/types\/post"}],"author":[{"embeddable":true,"href":"https:\/\/armstrongyregion.com.ar\/diario\/wp-json\/wp\/v2\/users\/1"}],"replies":[{"embeddable":true,"href":"https:\/\/armstrongyregion.com.ar\/diario\/wp-json\/wp\/v2\/comments?post=45707"}],"version-history":[{"count":2,"href":"https:\/\/armstrongyregion.com.ar\/diario\/wp-json\/wp\/v2\/posts\/45707\/revisions"}],"predecessor-version":[{"id":45721,"href":"https:\/\/armstrongyregion.com.ar\/diario\/wp-json\/wp\/v2\/posts\/45707\/revisions\/45721"}],"wp:featuredmedia":[{"embeddable":true,"href":"https:\/\/armstrongyregion.com.ar\/diario\/wp-json\/wp\/v2\/media\/45708"}],"wp:attachment":[{"href":"https:\/\/armstrongyregion.com.ar\/diario\/wp-json\/wp\/v2\/media?parent=45707"}],"wp:term":[{"taxonomy":"category","embeddable":true,"href":"https:\/\/armstrongyregion.com.ar\/diario\/wp-json\/wp\/v2\/categories?post=45707"},{"taxonomy":"post_tag","embeddable":true,"href":"https:\/\/armstrongyregion.com.ar\/diario\/wp-json\/wp\/v2\/tags?post=45707"}],"curies":[{"name":"wp","href":"https:\/\/api.w.org\/{rel}","templated":true}]}}