{"id":45699,"date":"2025-03-19T23:38:17","date_gmt":"2025-03-19T23:38:17","guid":{"rendered":"https:\/\/armstrongyregion.com.ar\/diario\/?p=45699"},"modified":"2025-03-19T23:38:19","modified_gmt":"2025-03-19T23:38:19","slug":"pullaro-mejorar-las-condiciones-de-infraestructura-de-todas-las-escuelas-es-una-politica-de-estado","status":"publish","type":"post","link":"https:\/\/armstrongyregion.com.ar\/diario\/pullaro-mejorar-las-condiciones-de-infraestructura-de-todas-las-escuelas-es-una-politica-de-estado\/","title":{"rendered":"Pullaro: \u201cMejorar las condiciones de infraestructura de todas las escuelas es una pol\u00edtica de Estado\u201d"},"content":{"rendered":"\n<figure class=\"wp-block-image size-large\"><img loading=\"lazy\" decoding=\"async\" width=\"640\" height=\"416\" src=\"http:\/\/armstrongyregion.com.ar\/diario\/wp-content\/uploads\/2025\/03\/AULAS-GDOR-NOTA-640x416.jpg\" alt=\"\" class=\"wp-image-45700\" srcset=\"https:\/\/armstrongyregion.com.ar\/diario\/wp-content\/uploads\/2025\/03\/AULAS-GDOR-NOTA-640x416.jpg 640w, https:\/\/armstrongyregion.com.ar\/diario\/wp-content\/uploads\/2025\/03\/AULAS-GDOR-NOTA-300x195.jpg 300w, https:\/\/armstrongyregion.com.ar\/diario\/wp-content\/uploads\/2025\/03\/AULAS-GDOR-NOTA-768x499.jpg 768w, https:\/\/armstrongyregion.com.ar\/diario\/wp-content\/uploads\/2025\/03\/AULAS-GDOR-NOTA.jpg 800w\" sizes=\"auto, (max-width: 640px) 100vw, 640px\" \/><\/figure>\n\n\n\n<h2 class=\"wp-block-heading\">As\u00ed lo subray\u00f3 el gobernador al firmar convenios con 56 localidades para construir 72 nuevas aulas en el marco del Programa 1000 Aulas, con una inversi\u00f3n de m\u00e1s de $ 3.400 millones.<\/h2>\n\n\n\n<p>El gobernador Maximiliano Pullaro encabez\u00f3 este mi\u00e9rcoles la firma de convenios del Programa 1000 Aulas con 56 municipios y comunas de los 19 departamentos santafesinos, para la construcci\u00f3n de 72 nuevas aulas. La inversi\u00f3n provincial alcanza los $ 3.456 millones.<br><br>Durante la actividad, Pullaro remarc\u00f3 que \u201cmejorar las condiciones de infraestructura de todas las escuelas de la provincia es una pol\u00edtica de Estado. El Programa 1000 Aulas surge para atender a muchos edificios escolares donde se estaba trabajando de manera denodada pero sin las condiciones necesarias para que los chicos puedan aprender. Articulamos con senadores, intendentes y presidentes comunales para poner en marcha este ambicioso programa. El a\u00f1o pasado nos propusimos hacer 250 aulas, pero superamos la meta, llegamos a las 350. Y hoy ya tenemos convenios por un total de 458 aulas\u201d.<br><br>\u201cEn segundo t\u00e9rmino -continu\u00f3 el gobernador- trabajamos para arreglar la infraestructura escolar en todos los edificios que hay. A trav\u00e9s del Fondo para la Atenci\u00f3n de Necesidades Inmediatas (FANI), en un a\u00f1o intervenimos 1.900 edificios escolares. No todos los edificios est\u00e1n como quisi\u00e9ramos, pero est\u00e1n mucho mejor\u201d.<br><br>\u201cEl desaf\u00edo es que todas las aulas y todos los espacios de las escuelas puedan tener aire acondicionado y una calefacci\u00f3n correcta para que se pueda ense\u00f1ar como se merece cada ni\u00f1o, cada ni\u00f1a y cada adolescente, pero tambi\u00e9n cada docente y cada maestro que le pone esfuerzo y el cuerpo a esta situaci\u00f3n todos los d\u00edas\u201d, finaliz\u00f3 Pullaro.<br><br><img decoding=\"async\" alt=\"\" src=\"https:\/\/ci3.googleusercontent.com\/meips\/ADKq_NZERV-9P4FHFUk7emh0SJGPOKEbmh0wT77G1pXrunw9as5G1yXMo164g002bs61dls6E5Hpot2npVJZHODWWkvjrLnJrrdhJpEoQjPxQKlQwbyUXL1Nr3rntRr6AXUMU9h59nf7YJ46yM9gVNE=s0-d-e1-ft#https:\/\/www.santafe.gov.ar\/noticias\/recursos\/fotos\/2025\/03\/2025-03-19NID_282558O_3.jpeg\"><\/p>\n\n\n\n<p><strong>Inversi\u00f3n hist\u00f3rica en infraestructura escolar<\/strong><br>Por su parte, el ministro de Educaci\u00f3n, Jos\u00e9 Goity, explic\u00f3 que \u201cestas acciones son posibles gracias a la decisi\u00f3n pol\u00edtica de priorizar la educaci\u00f3n. Hay una inversi\u00f3n hist\u00f3rica e in\u00e9dita en infraestructura escolar. Esto es gracias al gobernador, que puso un norte y orden\u00f3 los recursos para que ese norte pueda ser transitado\u201d.<br><br>Por \u00faltimo, el ministro agradeci\u00f3 \u201ca los equipos docentes y directivos que han hecho un esfuerzo muy grande por sostener la educaci\u00f3n de calidad y los aprendizajes en no siempre las mejores condiciones\u201d.<\/p>\n\n\n\n<p><strong>458 aulas nuevas en un a\u00f1o<\/strong><br>Por otro lado, la secretaria general del Ministerio de Educaci\u00f3n, Mar\u00eda Mart\u00edn, afirm\u00f3 que \u201cla prioridad del Gobierno de la Provincia en educaci\u00f3n se manifiesta en actividades como estas a partir de la decisi\u00f3n pol\u00edtica, la administraci\u00f3n eficiente de recursos y la asignaci\u00f3n que hace el gobernador\u201d.<br><br>\u201cCon estos convenios, hoy tenemos 458 aulas en marcha en 180 localidades de la provincia, con una inversi\u00f3n que supera los $ 24.000 millones. Esto demuestra que el programa est\u00e1 funcionando. Esto hace posible que estemos haciendo una inversi\u00f3n in\u00e9dita en infraestructura escolar\u201d, finaliz\u00f3 Mart\u00edn.<br><br><img decoding=\"async\" alt=\"\" src=\"https:\/\/ci3.googleusercontent.com\/meips\/ADKq_NZSmCzVbMIIEFnYTM4UAq6e0MizQ6ZCiRHqwThN4N5BfeetJDUr3PPJtPUXrRly12Xhww0uVSTLHkeUk0ExRM5G3qP2lV2z5seHKtnRo8IJLQ3Ke5Quaz0dfh56QvyYP3Vi-BcI2h5bMkrI1A8=s0-d-e1-ft#https:\/\/www.santafe.gov.ar\/noticias\/recursos\/fotos\/2025\/03\/2025-03-19NID_282558O_2.jpeg\"><\/p>\n\n\n\n<p><strong>Cantidad aulas por departamento<\/strong><br>En esta oportunidad se firmaron convenios para construir 5 aulas en el departamento 9 de Julio, 4 en Belgrano, 4 en Caseros, 4 en Castellanos, 1 en Constituci\u00f3n, 5 en Garay, 4 en General L\u00f3pez, 4 en General Obligado, 4 en Iriondo, 5 en La Capital, 5 en Las Colonias, 2 en Rosario, 3 en San Javier, 4 en San Jer\u00f3nimo, 5 en San Justo, 1 en San Lorenzo, 5 en San Mart\u00edn y 7 en Vera.<br><br><img decoding=\"async\" alt=\"\" src=\"https:\/\/ci3.googleusercontent.com\/meips\/ADKq_NZv55h_wLyA83pN8rjkzdR3358PnrhOSymeoaQkzRemPnJBC8-tSwo1TZgYtuN6MNd3pHl4Oyh49HCouz-4zy0NsEh5f_XaD34LKntp3AlXv5AHq62lTKz0PAOQebxaRfWyRHAsGg4BoiRdAII=s0-d-e1-ft#https:\/\/www.santafe.gov.ar\/noticias\/recursos\/fotos\/2025\/03\/2025-03-19NID_282558O_1.jpeg\"><\/p>\n\n\n\n<p><strong>N\u00fameros<\/strong><br>El Programa 1000 Aulas busca mejorar la infraestructura escolar para posibilitar que los aprendizajes se desarrollen en contextos adecuados para el alumno. Desde su lanzamiento hasta hoy, el Gobierno Provincial ya firm\u00f3 458 convenios con gobierno locales para la ejecuci\u00f3n de nuevas aulas, lo que significa que en 15 meses se cumpli\u00f3 el objetivo que se proyectaba en 2 a\u00f1os.<br><br>Adem\u00e1s, en el marco del programa de Infraestructura Escolar, en los \u00faltimos 15 d\u00edas se inauguraron 15 nuevos establecimientos escolares; y se repararon 1.900 edificios.<br><br>De la actividad, llevada a cabo en el Sal\u00f3n Blanco de Casa de Gobierno, participaron tambi\u00e9n el ministro de Gobierno e Innovaci\u00f3n P\u00fablica, Fabi\u00e1n Bastia; los senadores por los departamentos Belgrano, Pablo Verdecchia, Constituci\u00f3n, Germ\u00e1n Giacomino, General L\u00f3pez, Leticia Di Gregorio, General Obligado, Orfilio Marc\u00f3n, Iriondo, Hugo Rasetto, La Capital, Julio Garibaldi, 9 de Julio, Ra\u00fal Gramajo, Garay, Germ\u00e1n Baumgartner, San Javier, Oscar Dolzani, San Justo, Rodrigo Borla, y San Mart\u00edn, Esteban Motta; las secretarias de Gesti\u00f3n Territorial y Educativa, Daiana Gallo Ambrosis, y de Gesti\u00f3n de Recursos, Florencia Gonz\u00e1lez; las diputadas provinciales Silvana Dist\u00e9fano y Jimena Senn; entre otras autoridades.<\/p>\n","protected":false},"excerpt":{"rendered":"<p>Pullaro: \u201cMejorar las condiciones de infraestructura de todas las escuelas es una pol\u00edtica de Estado\u201d<\/p>\n","protected":false},"author":1,"featured_media":45700,"comment_status":"open","ping_status":"open","sticky":false,"template":"","format":"image","meta":{"_jetpack_memberships_contains_paid_content":false,"footnotes":"","jetpack_publicize_message":"","jetpack_publicize_feature_enabled":true,"jetpack_social_post_already_shared":true,"jetpack_social_options":{"image_generator_settings":{"template":"highway","default_image_id":0,"enabled":false},"version":2}},"categories":[6,5,1,2,7,3],"tags":[19,5030,8964,3618,2705,2846],"class_list":["post-45699","post","type-post","status-publish","format-image","has-post-thumbnail","hentry","category-cultura-entretenimiento","category-deportes","category-diario-armstrong","category-locales","category-politica","category-region","tag-de","tag-diario-armstrong","tag-escuelas-2","tag-estado","tag-infraestructura","tag-pullaro","post_format-post-format-image"],"jetpack_publicize_connections":[],"jetpack_featured_media_url":"https:\/\/armstrongyregion.com.ar\/diario\/wp-content\/uploads\/2025\/03\/AULAS-GDOR-NOTA.jpg","jetpack_shortlink":"https:\/\/wp.me\/p62QDO-bT5","jetpack_sharing_enabled":true,"amp_enabled":true,"_links":{"self":[{"href":"https:\/\/armstrongyregion.com.ar\/diario\/wp-json\/wp\/v2\/posts\/45699","targetHints":{"allow":["GET"]}}],"collection":[{"href":"https:\/\/armstrongyregion.com.ar\/diario\/wp-json\/wp\/v2\/posts"}],"about":[{"href":"https:\/\/armstrongyregion.com.ar\/diario\/wp-json\/wp\/v2\/types\/post"}],"author":[{"embeddable":true,"href":"https:\/\/armstrongyregion.com.ar\/diario\/wp-json\/wp\/v2\/users\/1"}],"replies":[{"embeddable":true,"href":"https:\/\/armstrongyregion.com.ar\/diario\/wp-json\/wp\/v2\/comments?post=45699"}],"version-history":[{"count":1,"href":"https:\/\/armstrongyregion.com.ar\/diario\/wp-json\/wp\/v2\/posts\/45699\/revisions"}],"predecessor-version":[{"id":45701,"href":"https:\/\/armstrongyregion.com.ar\/diario\/wp-json\/wp\/v2\/posts\/45699\/revisions\/45701"}],"wp:featuredmedia":[{"embeddable":true,"href":"https:\/\/armstrongyregion.com.ar\/diario\/wp-json\/wp\/v2\/media\/45700"}],"wp:attachment":[{"href":"https:\/\/armstrongyregion.com.ar\/diario\/wp-json\/wp\/v2\/media?parent=45699"}],"wp:term":[{"taxonomy":"category","embeddable":true,"href":"https:\/\/armstrongyregion.com.ar\/diario\/wp-json\/wp\/v2\/categories?post=45699"},{"taxonomy":"post_tag","embeddable":true,"href":"https:\/\/armstrongyregion.com.ar\/diario\/wp-json\/wp\/v2\/tags?post=45699"}],"curies":[{"name":"wp","href":"https:\/\/api.w.org\/{rel}","templated":true}]}}