{"id":45686,"date":"2025-03-19T22:14:09","date_gmt":"2025-03-19T22:14:09","guid":{"rendered":"https:\/\/armstrongyregion.com.ar\/diario\/?p=45686"},"modified":"2025-03-19T22:14:11","modified_gmt":"2025-03-19T22:14:11","slug":"claudia-giaccone-y-dirigentes-santafesinos-de-hacemos-se-reunieron-con-schiaretti-en-cordoba","status":"publish","type":"post","link":"https:\/\/armstrongyregion.com.ar\/diario\/claudia-giaccone-y-dirigentes-santafesinos-de-hacemos-se-reunieron-con-schiaretti-en-cordoba\/","title":{"rendered":"Claudia Giaccone y dirigentes santafesinos de \u00abHacemos\u00bb se reunieron con Schiaretti en C\u00f3rdoba."},"content":{"rendered":"\n<figure class=\"wp-block-image size-large\"><img loading=\"lazy\" decoding=\"async\" width=\"640\" height=\"428\" src=\"http:\/\/armstrongyregion.com.ar\/diario\/wp-content\/uploads\/2025\/03\/GIACCONE-19-3-2025-640x428.jpg\" alt=\"\" class=\"wp-image-45687\" srcset=\"https:\/\/armstrongyregion.com.ar\/diario\/wp-content\/uploads\/2025\/03\/GIACCONE-19-3-2025-640x428.jpg 640w, https:\/\/armstrongyregion.com.ar\/diario\/wp-content\/uploads\/2025\/03\/GIACCONE-19-3-2025-300x200.jpg 300w, https:\/\/armstrongyregion.com.ar\/diario\/wp-content\/uploads\/2025\/03\/GIACCONE-19-3-2025.jpg 645w\" sizes=\"auto, (max-width: 640px) 100vw, 640px\" \/><\/figure>\n\n\n\n<h2 class=\"wp-block-heading\">La reuni\u00f3n fue una oportunidad para dialogar sobre los nuevos desaf\u00edos y el accionar del espacio pol\u00edtico en la provincia de Santa Fe.<\/h2>\n\n\n\n<p>En la ciudad de C\u00f3rdoba, Claudia Giaccone y un equipo de dirigentes santafesinos de Hacemos mantuvieron un encuentro con el exgobernador de C\u00f3rdoba, Juan Schiaretti.\u00a0<\/p>\n\n\n\n<p>En este contexto, conversamos con Claudia Giaccone, presidenta del partido Hacemos en Santa Fe y Subsecretaria de la Regi\u00f3n Centro, y con Agust\u00edn Ponzio, vicepresidente del partido en la provincia. Ambos son candidatos a Convencionales Reformadores en las elecciones del 13 de abril.<\/p>\n\n\n\n<p>(Periodista &#8211; P-) &#8211; Claudia, \u00bfcu\u00e1les fueron los principales temas abordados en el encuentro con Juan Schiaretti?<\/p>\n\n\n\n<p>&nbsp;Claudia Giaccone (CG)-&nbsp;<em>Fue una reuni\u00f3n sumamente productiva. Hablamos sobre los desaf\u00edos nacionales y el futuro de nuestro espacio en Santa Fe, formando parte de la coalici\u00f3n \u00abUnidos\u00bb. Trabajamos con un fuerte enfoque en el federalismo y el desarrollo productivo, y la experiencia de C\u00f3rdoba nos sirve de inspiraci\u00f3n para proyectar acciones concretas en nuestra provincia.<\/em><\/p>\n\n\n\n<p>P &#8211; Se menciona el modelo de gesti\u00f3n cordob\u00e9s. \u00bfCu\u00e1les son los aspectos m\u00e1s relevantes que creen que pueden aplicarse en Santa Fe?&nbsp;<\/p>\n\n\n\n<p>CG &#8211;&nbsp;<em>C\u00f3rdoba ha logrado un equilibrio interesante entre el sector estatal y el privado, fomentando el desarrollo econ\u00f3mico y el bienestar social. En Santa Fe queremos fortalecer ese mismo modelo, apostando por la obra p\u00fablica, la producci\u00f3n y el crecimiento regional.<\/em><\/p>\n\n\n\n<p><img loading=\"lazy\" decoding=\"async\" alt=\"Schia CG Eze2\" height=\"262\" src=\"https:\/\/lasrosasdigital.com.ar\/download\/multimedia.miniatura.82a592aedecd6218.bWluaWF0dXJhLndlYnA%3D.webp\" width=\"350\">P &#8211; En la reuni\u00f3n participaron tambi\u00e9n referentes provinciales. \u00bfC\u00f3mo est\u00e1 trabajando Hacemos en Santa Fe?<\/p>\n\n\n\n<p>CB &#8211;&nbsp;<em>Estamos realizando un gran esfuerzo territorial. Contamos con candidatos comprometidos, como Silvio Oliva en Las Garzas, Jorge Paladini en Los Molinos y Ezequiel De Benedetti en Las Parejas. Todos ellos trabajan por el bienestar de sus comunidades y representan la diversidad y fortaleza de nuestro espacio en Santa Fe.<\/em><\/p>\n\n\n\n<p>&nbsp;P &#8211; Agust\u00edn, \u00bfqu\u00e9 significa para ustedes ser candidatos a Convencionales Reformadores en este momento pol\u00edtico?<\/p>\n\n\n\n<p>&nbsp;Agust\u00edn Ponzio (AP) &#8211;&nbsp;<em>Es una gran responsabilidad y una oportunidad hist\u00f3rica. Queremos impulsar cambios que fortalezcan nuestra provincia dentro de un proyecto verdaderamente federal. Nuestro compromiso es con el desarrollo, la producci\u00f3n y la generaci\u00f3n de empleo.<\/em><\/p>\n\n\n\n<p>&nbsp;P &#8211; Desde su perspectiva, \u00bfcu\u00e1les son los principales desaf\u00edos que enfrenta Santa Fe hoy?<\/p>\n\n\n\n<p>AP &#8211;&nbsp;<em>Santa Fe necesita potenciar su infraestructura y su matriz productiva. Es fundamental garantizar condiciones favorables para la inversi\u00f3n y el crecimiento de nuestras econom\u00edas regionales. Queremos una provincia m\u00e1s integrada y con m\u00e1s oportunidades para todos.<\/em><\/p>\n\n\n\n<p>P &#8211; Finalmente, \u00bfqu\u00e9 mensaje le dar\u00edan a los santafesinos de cara a las pr\u00f3ximas elecciones?<\/p>\n\n\n\n<p>CG &#8211;&nbsp;<em>Que seguimos trabajando con convicci\u00f3n y compromiso. Nuestra provincia tiene un potencial enorme y creemos que, con un modelo de gesti\u00f3n eficiente y federal, podemos llevarla al lugar que merece.&nbsp;<\/em><\/p>\n\n\n\n<p>P &#8211; \u00bfAlgo que desee agregar?<\/p>\n\n\n\n<p>CG &#8211;\u00a0<em>Quiero hacer especial hincapi\u00e9 en la dedicaci\u00f3n de nuestros referentes y candidatos que encarnan el compromiso y las expectativas de nuestros ciudadanos santafesinos. Y por supuesto agradecer a Juan Schiaretti por su recepci\u00f3n y tiempo dedicado, tanto como a Juan Carlos Mazzei, representante de C\u00f3rdoba en la Regi\u00f3n Centro, presente en la reuni\u00f3n.<\/em><\/p>\n\n\n\n<p>Fuente: Las Rosa Digital.<\/p>\n","protected":false},"excerpt":{"rendered":"<p>Claudia Giaccone y dirigentes santafesinos de \u00abHacemos\u00bb se reunieron con Schiaretti en C\u00f3rdoba.<\/p>\n","protected":false},"author":1,"featured_media":45687,"comment_status":"open","ping_status":"open","sticky":false,"template":"","format":"image","meta":{"_jetpack_memberships_contains_paid_content":false,"footnotes":"","jetpack_publicize_message":"","jetpack_publicize_feature_enabled":true,"jetpack_social_post_already_shared":true,"jetpack_social_options":{"image_generator_settings":{"template":"highway","default_image_id":0,"enabled":false},"version":2}},"categories":[8,1,2,7,3],"tags":[1319,100,10764,19,5030,980,15,10314,858,9591,10958,86,13],"class_list":["post-45686","post","type-post","status-publish","format-image","has-post-thumbnail","hentry","category-deliberando","category-diario-armstrong","category-locales","category-politica","category-region","tag-claudia-giaccone","tag-con","tag-cordoba-3","tag-de","tag-diario-armstrong","tag-dirigentes","tag-en","tag-hacemos","tag-reunieron","tag-santafesinos-2","tag-schiaretti","tag-se","tag-y","post_format-post-format-image"],"jetpack_publicize_connections":[],"jetpack_featured_media_url":"https:\/\/armstrongyregion.com.ar\/diario\/wp-content\/uploads\/2025\/03\/GIACCONE-19-3-2025.jpg","jetpack_shortlink":"https:\/\/wp.me\/p62QDO-bSS","jetpack_sharing_enabled":true,"amp_enabled":true,"_links":{"self":[{"href":"https:\/\/armstrongyregion.com.ar\/diario\/wp-json\/wp\/v2\/posts\/45686","targetHints":{"allow":["GET"]}}],"collection":[{"href":"https:\/\/armstrongyregion.com.ar\/diario\/wp-json\/wp\/v2\/posts"}],"about":[{"href":"https:\/\/armstrongyregion.com.ar\/diario\/wp-json\/wp\/v2\/types\/post"}],"author":[{"embeddable":true,"href":"https:\/\/armstrongyregion.com.ar\/diario\/wp-json\/wp\/v2\/users\/1"}],"replies":[{"embeddable":true,"href":"https:\/\/armstrongyregion.com.ar\/diario\/wp-json\/wp\/v2\/comments?post=45686"}],"version-history":[{"count":1,"href":"https:\/\/armstrongyregion.com.ar\/diario\/wp-json\/wp\/v2\/posts\/45686\/revisions"}],"predecessor-version":[{"id":45688,"href":"https:\/\/armstrongyregion.com.ar\/diario\/wp-json\/wp\/v2\/posts\/45686\/revisions\/45688"}],"wp:featuredmedia":[{"embeddable":true,"href":"https:\/\/armstrongyregion.com.ar\/diario\/wp-json\/wp\/v2\/media\/45687"}],"wp:attachment":[{"href":"https:\/\/armstrongyregion.com.ar\/diario\/wp-json\/wp\/v2\/media?parent=45686"}],"wp:term":[{"taxonomy":"category","embeddable":true,"href":"https:\/\/armstrongyregion.com.ar\/diario\/wp-json\/wp\/v2\/categories?post=45686"},{"taxonomy":"post_tag","embeddable":true,"href":"https:\/\/armstrongyregion.com.ar\/diario\/wp-json\/wp\/v2\/tags?post=45686"}],"curies":[{"name":"wp","href":"https:\/\/api.w.org\/{rel}","templated":true}]}}