{"id":45683,"date":"2025-03-19T12:58:20","date_gmt":"2025-03-19T12:58:20","guid":{"rendered":"https:\/\/armstrongyregion.com.ar\/diario\/?p=45683"},"modified":"2025-03-19T12:58:22","modified_gmt":"2025-03-19T12:58:22","slug":"declaraciones-del-concejal-jesus-urquia-en-el-concejo-deliberante","status":"publish","type":"post","link":"https:\/\/armstrongyregion.com.ar\/diario\/declaraciones-del-concejal-jesus-urquia-en-el-concejo-deliberante\/","title":{"rendered":"Declaraciones del Concejal Jes\u00fas Urqu\u00eda en el Concejo Deliberante."},"content":{"rendered":"\n<figure class=\"wp-block-image size-full\"><img loading=\"lazy\" decoding=\"async\" width=\"536\" height=\"474\" src=\"http:\/\/armstrongyregion.com.ar\/diario\/wp-content\/uploads\/2025\/03\/jesus-urquia-2025.jpg\" alt=\"\" class=\"wp-image-45684\" srcset=\"https:\/\/armstrongyregion.com.ar\/diario\/wp-content\/uploads\/2025\/03\/jesus-urquia-2025.jpg 536w, https:\/\/armstrongyregion.com.ar\/diario\/wp-content\/uploads\/2025\/03\/jesus-urquia-2025-300x265.jpg 300w\" sizes=\"auto, (max-width: 536px) 100vw, 536px\" \/><\/figure>\n\n\n\n<p><strong>Sesi\u00f3n Ordinaria: Importantes Proyectos para la Ciudad.<\/strong><\/p>\n\n\n\n<p> En la sesi\u00f3n de anoche, el concejal Jes\u00fas Urqu\u00eda comparti\u00f3 sus impresiones al t\u00e9rmino de la sesi\u00f3n ordinaria, donde se abordaron temas cruciales para el bienestar de la comunidad.<\/p>\n\n\n\n<p> <strong>Obras de Cloacas: Avances Significativos.<\/strong><\/p>\n\n\n\n<p> Urqu\u00eda comenz\u00f3 mencionando la reciente sesi\u00f3n extraordinaria donde se aprobaron tres proyectos relacionados con la red de cloacas.<\/p>\n\n\n\n<p> Destac\u00f3 la extensi\u00f3n de los piletones y la necesidad de actualizar su funcionamiento, as\u00ed como la creaci\u00f3n de una estaci\u00f3n de bombeo en el barrio sur de la ciudad. <strong>\u00abEstas obras son hist\u00f3ricas para nuestra comunidad\u00bb<\/strong>, afirm\u00f3, subrayando que son demandas que los vecinos han solicitado durante mucho tiempo. <strong>\u00abEs un servicio indispensable para la vida de nuestros vecinos\u00bb<\/strong>, agreg\u00f3.<\/p>\n\n\n\n<p> El concejal enfatiz\u00f3 la importancia de trabajar en conjunto para destrabar estos proyectos, resaltando que desde el consejo se han solicitado estas obras en m\u00faltiples ocasiones.<strong> \u00abHoy, con la aprobaci\u00f3n de estos proyectos, podemos comenzar a llevar el tendido de red cloacal al sur de la ciudad\u00bb,<\/strong> concluy\u00f3. <\/p>\n\n\n\n<p><strong>Compromiso con la Comunidad<\/strong>.<\/p>\n\n\n\n<p> Urqu\u00eda tambi\u00e9n hizo referencia a dos ordenanzas discutidas en la sesi\u00f3n, relacionadas con la implementaci\u00f3n de tableros electr\u00f3nicos en la ciudad. <strong>\u00abEs fundamental dar respuestas r\u00e1pidas a las necesidades de los vecinos\u00bb,<\/strong> afirm\u00f3, al tiempo que subray\u00f3 la importancia de un trabajo legislativo serio y responsable. <\/p>\n\n\n\n<p><strong>Proyectos en Marcha.<\/strong><\/p>\n\n\n\n<p> El concejal inform\u00f3 que su bloque present\u00f3 tres temas en la sesi\u00f3n, entre ellos, un relevamiento de pozos ciegos, que busca garantizar la seguridad y prevenci\u00f3n en la infraestructura existente. Tambi\u00e9n se habl\u00f3 de la creaci\u00f3n de una cabina sanitaria, que permitir\u00e1 un control m\u00e1s riguroso de los alimentos que ingresan a la ciudad, aline\u00e1ndose con las normativas exigidas en otras localidades. <strong>\u00abQueremos poner a nuestros productores en igualdad de condiciones, asegurando que los alimentos que llegan a nuestros hogares est\u00e9n debidamente controlados\u00bb<\/strong>, explic\u00f3 Urqu\u00eda. <\/p>\n\n\n\n<p><strong>Campa\u00f1as de Concientizaci\u00f3n.<\/strong><\/p>\n\n\n\n<p>Por \u00faltimo, Urqu\u00eda destac\u00f3 la relevancia de las campa\u00f1as de concientizaci\u00f3n, especialmente aquellas dirigidas a la colaboraci\u00f3n con los bomberos voluntarios. Reconoci\u00f3 el arduo trabajo que realizan y la necesidad de mantener los corredores de emergencia despejados.<strong> \u00abCada segundo cuenta en una emergencia\u00bb, resalt\u00f3, llamando a la comunidad a colaborar y ser parte de este esfuerzo. El concejal concluy\u00f3 sus declaraciones reafirmando su compromiso con la comunidad y la importancia de seguir trabajando por el bienestar de todos los ciudadanos<\/strong><\/p>\n","protected":false},"excerpt":{"rendered":"<p>Declaraciones del Concejal Jes\u00fas Urqu\u00eda en el Concejo Deliberante. <\/p>\n","protected":false},"author":1,"featured_media":45684,"comment_status":"open","ping_status":"open","sticky":false,"template":"","format":"image","meta":{"_jetpack_memberships_contains_paid_content":false,"footnotes":"","jetpack_publicize_message":"","jetpack_publicize_feature_enabled":true,"jetpack_social_post_already_shared":true,"jetpack_social_options":{"image_generator_settings":{"template":"highway","default_image_id":0,"enabled":false},"version":2}},"categories":[8,1,2,7,3],"tags":[20,673,9934,3688,5030,11140],"class_list":["post-45683","post","type-post","status-publish","format-image","has-post-thumbnail","hentry","category-deliberando","category-diario-armstrong","category-locales","category-politica","category-region","tag-armstrong","tag-concejal","tag-concejo-deliberante","tag-declaraciones","tag-diario-armstrong","tag-jesus-urquia-2","post_format-post-format-image"],"jetpack_publicize_connections":[],"jetpack_featured_media_url":"https:\/\/armstrongyregion.com.ar\/diario\/wp-content\/uploads\/2025\/03\/jesus-urquia-2025.jpg","jetpack_shortlink":"https:\/\/wp.me\/p62QDO-bSP","jetpack_sharing_enabled":true,"amp_enabled":true,"_links":{"self":[{"href":"https:\/\/armstrongyregion.com.ar\/diario\/wp-json\/wp\/v2\/posts\/45683","targetHints":{"allow":["GET"]}}],"collection":[{"href":"https:\/\/armstrongyregion.com.ar\/diario\/wp-json\/wp\/v2\/posts"}],"about":[{"href":"https:\/\/armstrongyregion.com.ar\/diario\/wp-json\/wp\/v2\/types\/post"}],"author":[{"embeddable":true,"href":"https:\/\/armstrongyregion.com.ar\/diario\/wp-json\/wp\/v2\/users\/1"}],"replies":[{"embeddable":true,"href":"https:\/\/armstrongyregion.com.ar\/diario\/wp-json\/wp\/v2\/comments?post=45683"}],"version-history":[{"count":1,"href":"https:\/\/armstrongyregion.com.ar\/diario\/wp-json\/wp\/v2\/posts\/45683\/revisions"}],"predecessor-version":[{"id":45685,"href":"https:\/\/armstrongyregion.com.ar\/diario\/wp-json\/wp\/v2\/posts\/45683\/revisions\/45685"}],"wp:featuredmedia":[{"embeddable":true,"href":"https:\/\/armstrongyregion.com.ar\/diario\/wp-json\/wp\/v2\/media\/45684"}],"wp:attachment":[{"href":"https:\/\/armstrongyregion.com.ar\/diario\/wp-json\/wp\/v2\/media?parent=45683"}],"wp:term":[{"taxonomy":"category","embeddable":true,"href":"https:\/\/armstrongyregion.com.ar\/diario\/wp-json\/wp\/v2\/categories?post=45683"},{"taxonomy":"post_tag","embeddable":true,"href":"https:\/\/armstrongyregion.com.ar\/diario\/wp-json\/wp\/v2\/tags?post=45683"}],"curies":[{"name":"wp","href":"https:\/\/api.w.org\/{rel}","templated":true}]}}