{"id":45679,"date":"2025-03-18T21:23:35","date_gmt":"2025-03-18T21:23:35","guid":{"rendered":"https:\/\/armstrongyregion.com.ar\/diario\/?p=45679"},"modified":"2025-03-18T21:23:39","modified_gmt":"2025-03-18T21:23:39","slug":"se-fortalece-el-sistema-de-salud-departamental","status":"publish","type":"post","link":"https:\/\/armstrongyregion.com.ar\/diario\/se-fortalece-el-sistema-de-salud-departamental\/","title":{"rendered":"Se fortalece el sistema de salud departamental."},"content":{"rendered":"\n<figure class=\"wp-block-image size-full\"><img loading=\"lazy\" decoding=\"async\" width=\"640\" height=\"480\" src=\"http:\/\/armstrongyregion.com.ar\/diario\/wp-content\/uploads\/2025\/03\/AMBULANCIAS-18-3-25-.jpg\" alt=\"\" class=\"wp-image-45681\" srcset=\"https:\/\/armstrongyregion.com.ar\/diario\/wp-content\/uploads\/2025\/03\/AMBULANCIAS-18-3-25-.jpg 640w, https:\/\/armstrongyregion.com.ar\/diario\/wp-content\/uploads\/2025\/03\/AMBULANCIAS-18-3-25--300x225.jpg 300w\" sizes=\"auto, (max-width: 640px) 100vw, 640px\" \/><\/figure>\n\n\n\n<p>El sistema de salud del Departamento Belgrano contar\u00e1 con 5 nuevas unidades m\u00f3viles para mejorar la asistencia y atenci\u00f3n. Se trata de una gesti\u00f3n del Senador Pablo Verdecchia, conjunta con el Gobierno Provincial, en el marco de una inversi\u00f3n hist\u00f3rica para el sistema de salud, con la adquisici\u00f3n y distribuci\u00f3n de 174 nuevas unidades m\u00f3viles. <\/p>\n\n\n\n<p>El acto de entrega se dar\u00e1 el jueves 20 en la ciudad de Rosario y luego ser\u00e1n distribuidas en nuestro departamento. Se trata espec\u00edficamente de tres ambulancias, un minibus y una unidad de traslado, todas cero kil\u00f3metro, las cuales llegar\u00e1n al departamento Belgrano para fortalecer el sistema de salud. <\/p>\n\n\n\n<p>El Senador Verdecchia dijo<strong> \u201cEs hist\u00f3rico para nuestra provincia y para nuestro departamento, estas unidades no pueden pensarse simplemente como una inversi\u00f3n, sino que son acciones que salvan vidas, que mejoran la calidad de vida, dando un mejor acceso a la salud para nuestros habitantes. Nos pone muy contentos ver el resultado del trabajo y la gesti\u00f3n materializada en algo tan importante como estas nuevas unidades cero kil\u00f3metro por lo que le agradecemos profundamente al Gobernador Maximiliano Pullaro y a la Ministra de Salud Silvia Ciancio\u201d<\/strong>.<\/p>\n","protected":false},"excerpt":{"rendered":"<p>Se fortalece el sistema de salud departamental.<\/p>\n","protected":false},"author":1,"featured_media":45681,"comment_status":"open","ping_status":"open","sticky":false,"template":"","format":"image","meta":{"_jetpack_memberships_contains_paid_content":false,"footnotes":"","jetpack_publicize_message":"","jetpack_publicize_feature_enabled":true,"jetpack_social_post_already_shared":true,"jetpack_social_options":{"image_generator_settings":{"template":"highway","default_image_id":0,"enabled":false},"version":2}},"categories":[8,1,2,7,4,3],"tags":[8606,19,11547,5030,16,8797,8777,1190,86,2335],"class_list":["post-45679","post","type-post","status-publish","format-image","has-post-thumbnail","hentry","category-deliberando","category-diario-armstrong","category-locales","category-politica","category-prevencion-salud","category-region","tag-belgrano-2","tag-de","tag-depertamento","tag-diario-armstrong","tag-el","tag-fortalece","tag-lic-graciela-de-la-casa","tag-salud","tag-se","tag-sistema","post_format-post-format-image"],"jetpack_publicize_connections":[],"jetpack_featured_media_url":"https:\/\/armstrongyregion.com.ar\/diario\/wp-content\/uploads\/2025\/03\/AMBULANCIAS-18-3-25-.jpg","jetpack_shortlink":"https:\/\/wp.me\/p62QDO-bSL","jetpack_sharing_enabled":true,"amp_enabled":true,"_links":{"self":[{"href":"https:\/\/armstrongyregion.com.ar\/diario\/wp-json\/wp\/v2\/posts\/45679","targetHints":{"allow":["GET"]}}],"collection":[{"href":"https:\/\/armstrongyregion.com.ar\/diario\/wp-json\/wp\/v2\/posts"}],"about":[{"href":"https:\/\/armstrongyregion.com.ar\/diario\/wp-json\/wp\/v2\/types\/post"}],"author":[{"embeddable":true,"href":"https:\/\/armstrongyregion.com.ar\/diario\/wp-json\/wp\/v2\/users\/1"}],"replies":[{"embeddable":true,"href":"https:\/\/armstrongyregion.com.ar\/diario\/wp-json\/wp\/v2\/comments?post=45679"}],"version-history":[{"count":1,"href":"https:\/\/armstrongyregion.com.ar\/diario\/wp-json\/wp\/v2\/posts\/45679\/revisions"}],"predecessor-version":[{"id":45682,"href":"https:\/\/armstrongyregion.com.ar\/diario\/wp-json\/wp\/v2\/posts\/45679\/revisions\/45682"}],"wp:featuredmedia":[{"embeddable":true,"href":"https:\/\/armstrongyregion.com.ar\/diario\/wp-json\/wp\/v2\/media\/45681"}],"wp:attachment":[{"href":"https:\/\/armstrongyregion.com.ar\/diario\/wp-json\/wp\/v2\/media?parent=45679"}],"wp:term":[{"taxonomy":"category","embeddable":true,"href":"https:\/\/armstrongyregion.com.ar\/diario\/wp-json\/wp\/v2\/categories?post=45679"},{"taxonomy":"post_tag","embeddable":true,"href":"https:\/\/armstrongyregion.com.ar\/diario\/wp-json\/wp\/v2\/tags?post=45679"}],"curies":[{"name":"wp","href":"https:\/\/api.w.org\/{rel}","templated":true}]}}