{"id":45673,"date":"2025-03-18T21:10:26","date_gmt":"2025-03-18T21:10:26","guid":{"rendered":"https:\/\/armstrongyregion.com.ar\/diario\/?p=45673"},"modified":"2025-03-18T21:10:28","modified_gmt":"2025-03-18T21:10:28","slug":"armstrong-el-conservatorio-municipal-de-musica-inicio-sus-clases","status":"publish","type":"post","link":"https:\/\/armstrongyregion.com.ar\/diario\/armstrong-el-conservatorio-municipal-de-musica-inicio-sus-clases\/","title":{"rendered":"Armstrong. El Conservatorio Municipal de M\u00fasica inici\u00f3 sus clases."},"content":{"rendered":"\n<figure class=\"wp-block-image size-full\"><img loading=\"lazy\" decoding=\"async\" width=\"640\" height=\"427\" src=\"http:\/\/armstrongyregion.com.ar\/diario\/wp-content\/uploads\/2025\/03\/CONSERVATORIO-1-.jpg\" alt=\"\" class=\"wp-image-45674\" srcset=\"https:\/\/armstrongyregion.com.ar\/diario\/wp-content\/uploads\/2025\/03\/CONSERVATORIO-1-.jpg 640w, https:\/\/armstrongyregion.com.ar\/diario\/wp-content\/uploads\/2025\/03\/CONSERVATORIO-1--300x200.jpg 300w\" sizes=\"auto, (max-width: 640px) 100vw, 640px\" \/><\/figure>\n\n\n\n<p>Con un acto en sus instalaciones, el jueves 13 de marzo inici\u00f3 sus clases acad\u00e9micas el Conservatorio<br>Municipal de M\u00fasica con la presencia del Intendente Guillermo Luzzi, la secretaria de Educaci\u00f3n y<br>Desarrollo Integral Rosana Siri, alumnos y p\u00fabico en general.<\/p>\n\n\n\n<figure class=\"wp-block-image size-full\"><img loading=\"lazy\" decoding=\"async\" width=\"640\" height=\"427\" src=\"http:\/\/armstrongyregion.com.ar\/diario\/wp-content\/uploads\/2025\/03\/CONSERVATORIO-2-.jpg\" alt=\"\" class=\"wp-image-45675\" srcset=\"https:\/\/armstrongyregion.com.ar\/diario\/wp-content\/uploads\/2025\/03\/CONSERVATORIO-2-.jpg 640w, https:\/\/armstrongyregion.com.ar\/diario\/wp-content\/uploads\/2025\/03\/CONSERVATORIO-2--300x200.jpg 300w\" sizes=\"auto, (max-width: 640px) 100vw, 640px\" \/><\/figure>\n\n\n\n<p><br>En la oportunidad se presentaron las diferentes c\u00e1tedras que ofrece este espacio cultural, y sus<br>profesores a cargo:<\/p>\n\n\n\n<ul class=\"wp-block-list\">\n<li>Viol\u00edn. Prof. Ayel\u00e9n Bastida<\/li>\n\n\n\n<li>Piano: Prof. Alejo Castro<\/li>\n\n\n\n<li>Canto\/Iniciaci\u00f3n Musical: Prof. Julieta G\u00f3mez<\/li>\n\n\n\n<li>Trompeta y tromb\u00f3n\/Acorde\u00f3n: Prof. Cristian Gualtieri<\/li>\n\n\n\n<li>Guitarra Cl\u00e1sica: Prof. Cristian Guzm\u00e1n<\/li>\n\n\n\n<li>Bater\u00eda y Percusi\u00f3n\/Lenguaje Musical: Prof. Valent\u00edn M\u00e1rquez<\/li>\n\n\n\n<li>Guitarra El\u00e9ctrica\/Guitarra Cl\u00e1sica\/Bajo: Prof. Joaqu\u00edn Mart\u00ednez<\/li>\n\n\n\n<li>Clarinete y Flauta Traversa: Prof. Graciela Ort\u00edz<\/li>\n\n\n\n<li>Saxo: Prof. Federico Sigrist<\/li>\n\n\n\n<li>Violonchelo: Prof. Mart\u00edn Trist\u00e1n<br>Los elencos estables son Ensamble Folcl\u00f3rico, Orquesta Infanto Juvenil, Ensamble de Vientos, Coro<br>de Ni\u00f1os y Coro de Adultos.<br>El contenido curricular de cada Departamento que conforma el Conservatorio es dise\u00f1ado con cada<br>profesor, basado en normas y est\u00e1ndares de calidad de otros conservatorios de m\u00fasica del mundo.<br>Informes e inscripci\u00f3n en su secretar\u00eda, de lunes a viernes de 15 a 21 hs., \u00f3 escribiendo al 3471-<br>579905.<\/li>\n<\/ul>\n","protected":false},"excerpt":{"rendered":"<p>Armstrong. El Conservatorio Municipal de M\u00fasica inici\u00f3 sus clases.<\/p>\n","protected":false},"author":1,"featured_media":45674,"comment_status":"open","ping_status":"open","sticky":false,"template":"","format":"image","meta":{"_jetpack_memberships_contains_paid_content":false,"footnotes":"","jetpack_publicize_message":"","jetpack_publicize_feature_enabled":true,"jetpack_social_post_already_shared":true,"jetpack_social_options":{"image_generator_settings":{"template":"highway","default_image_id":0,"enabled":false},"version":2}},"categories":[6,8,1,2,7,3],"tags":[20,1027,3660,5030,8777,10992,127],"class_list":["post-45673","post","type-post","status-publish","format-image","has-post-thumbnail","hentry","category-cultura-entretenimiento","category-deliberando","category-diario-armstrong","category-locales","category-politica","category-region","tag-armstrong","tag-clases","tag-conservatorio","tag-diario-armstrong","tag-lic-graciela-de-la-casa","tag-municipa","tag-sus","post_format-post-format-image"],"jetpack_publicize_connections":[],"jetpack_featured_media_url":"https:\/\/armstrongyregion.com.ar\/diario\/wp-content\/uploads\/2025\/03\/CONSERVATORIO-1-.jpg","jetpack_shortlink":"https:\/\/wp.me\/p62QDO-bSF","jetpack_sharing_enabled":true,"amp_enabled":true,"_links":{"self":[{"href":"https:\/\/armstrongyregion.com.ar\/diario\/wp-json\/wp\/v2\/posts\/45673","targetHints":{"allow":["GET"]}}],"collection":[{"href":"https:\/\/armstrongyregion.com.ar\/diario\/wp-json\/wp\/v2\/posts"}],"about":[{"href":"https:\/\/armstrongyregion.com.ar\/diario\/wp-json\/wp\/v2\/types\/post"}],"author":[{"embeddable":true,"href":"https:\/\/armstrongyregion.com.ar\/diario\/wp-json\/wp\/v2\/users\/1"}],"replies":[{"embeddable":true,"href":"https:\/\/armstrongyregion.com.ar\/diario\/wp-json\/wp\/v2\/comments?post=45673"}],"version-history":[{"count":1,"href":"https:\/\/armstrongyregion.com.ar\/diario\/wp-json\/wp\/v2\/posts\/45673\/revisions"}],"predecessor-version":[{"id":45676,"href":"https:\/\/armstrongyregion.com.ar\/diario\/wp-json\/wp\/v2\/posts\/45673\/revisions\/45676"}],"wp:featuredmedia":[{"embeddable":true,"href":"https:\/\/armstrongyregion.com.ar\/diario\/wp-json\/wp\/v2\/media\/45674"}],"wp:attachment":[{"href":"https:\/\/armstrongyregion.com.ar\/diario\/wp-json\/wp\/v2\/media?parent=45673"}],"wp:term":[{"taxonomy":"category","embeddable":true,"href":"https:\/\/armstrongyregion.com.ar\/diario\/wp-json\/wp\/v2\/categories?post=45673"},{"taxonomy":"post_tag","embeddable":true,"href":"https:\/\/armstrongyregion.com.ar\/diario\/wp-json\/wp\/v2\/tags?post=45673"}],"curies":[{"name":"wp","href":"https:\/\/api.w.org\/{rel}","templated":true}]}}