{"id":45667,"date":"2025-03-18T01:20:54","date_gmt":"2025-03-18T01:20:54","guid":{"rendered":"https:\/\/armstrongyregion.com.ar\/diario\/?p=45667"},"modified":"2025-03-18T01:20:55","modified_gmt":"2025-03-18T01:20:55","slug":"convocatoria-asamblea-general-ordinaria-ccir-de-armstrong","status":"publish","type":"post","link":"https:\/\/armstrongyregion.com.ar\/diario\/convocatoria-asamblea-general-ordinaria-ccir-de-armstrong\/","title":{"rendered":"Convocatoria Asamblea General Ordinaria CCIR de Armstrong."},"content":{"rendered":"\n<figure class=\"wp-block-image size-full\"><img loading=\"lazy\" decoding=\"async\" width=\"640\" height=\"480\" src=\"http:\/\/armstrongyregion.com.ar\/diario\/wp-content\/uploads\/2025\/03\/CCIR-2025.jpg\" alt=\"\" class=\"wp-image-45668\" srcset=\"https:\/\/armstrongyregion.com.ar\/diario\/wp-content\/uploads\/2025\/03\/CCIR-2025.jpg 640w, https:\/\/armstrongyregion.com.ar\/diario\/wp-content\/uploads\/2025\/03\/CCIR-2025-300x225.jpg 300w\" sizes=\"auto, (max-width: 640px) 100vw, 640px\" \/><\/figure>\n\n\n\n<p>El Centro Comercial, Industrial y Rural de Armstrong informa a sus asociados que en<\/p>\n\n\n\n<p>reuni\u00f3n de Consejo Directivo, en cumplimiento de normas estatutarias, ha resuelto<\/p>\n\n\n\n<p>convocar a ASAMBLEA GENERAL ORDINARIA de la instituci\u00f3n, fijando su fecha para el<\/p>\n\n\n\n<p>d\u00eda Mi\u00e9rcoles 23 de Abril de 2025 a las 18:00 hs, la cual tendr\u00e1 lugar en su sede de calle<\/p>\n\n\n\n<p>Rold\u00e1n 1627 de la ciudad de Armstrong.<\/p>\n\n\n\n<p>Durante su desarrollo se tratara lo siguiente:<\/p>\n\n\n\n<p>ORDEN DEL DIA<\/p>\n\n\n\n<p>1\u00b0 Designaci\u00f3n de dos asociados para que conjuntamente con el Presidente y Secretario<\/p>\n\n\n\n<p>suscriban el acta de Asamblea.<\/p>\n\n\n\n<p>2\u00b0 Lectura del Acta de Asamblea Anterior.<\/p>\n\n\n\n<p>3\u00b0- Lectura y consideraci\u00f3n de la Memoria Anual, Balance General e Informe del S\u00edndico,<\/p>\n\n\n\n<p>correspondientes a los ejercicios N\u00b0 35 cerrado al 31 de Diciembre de 2024.<\/p>\n\n\n\n<p>4\u00b0- Renovaci\u00f3n del Consejo Directivo:<\/p>\n\n\n\n<p>a) Designaci\u00f3n de un (1) Presidente.<\/p>\n\n\n\n<p>b) Elecci\u00f3n de cinco (5) Vocales Titulares.<\/p>\n\n\n\n<p>c) Elecci\u00f3n de cuatro (4) Vocales Suplentes.<\/p>\n\n\n\n<p>d) Elecci\u00f3n de un (1) S\u00edndico Titular y un (1) S\u00edndico Suplente.<\/p>\n\n\n\n<p>No habiendo qu\u00f3rum a la hora fijada, la asamblea sesionara v\u00e1lidamente 1 hora despu\u00e9s<\/p>\n\n\n\n<p>con los miembros presentes.<\/p>\n\n\n\n<p>Sin otro particular y esperando contar con su presencia, lo saludamos atentamente.<\/p>\n\n\n\n<p>Hern\u00e1n Franceschina- Presidente.     Marcela Silvi- Secretaria-<\/p>\n","protected":false},"excerpt":{"rendered":"<p>Convocatoria Asamblea General Ordinaria CCIR de Armstrong.<\/p>\n","protected":false},"author":1,"featured_media":45668,"comment_status":"open","ping_status":"open","sticky":false,"template":"","format":"image","meta":{"_jetpack_memberships_contains_paid_content":false,"footnotes":"","jetpack_publicize_message":"","jetpack_publicize_feature_enabled":true,"jetpack_social_post_already_shared":true,"jetpack_social_options":{"image_generator_settings":{"template":"highway","default_image_id":0,"enabled":false},"version":2}},"categories":[8,1,2,7,3],"tags":[1346,8930,451,1347,9092],"class_list":["post-45667","post","type-post","status-publish","format-image","has-post-thumbnail","hentry","category-deliberando","category-diario-armstrong","category-locales","category-politica","category-region","tag-asamblea","tag-ccir-de-armstrong","tag-convocatoria","tag-general","tag-ordinaria-2","post_format-post-format-image"],"jetpack_publicize_connections":[],"jetpack_featured_media_url":"https:\/\/armstrongyregion.com.ar\/diario\/wp-content\/uploads\/2025\/03\/CCIR-2025.jpg","jetpack_shortlink":"https:\/\/wp.me\/p62QDO-bSz","jetpack_sharing_enabled":true,"amp_enabled":true,"_links":{"self":[{"href":"https:\/\/armstrongyregion.com.ar\/diario\/wp-json\/wp\/v2\/posts\/45667","targetHints":{"allow":["GET"]}}],"collection":[{"href":"https:\/\/armstrongyregion.com.ar\/diario\/wp-json\/wp\/v2\/posts"}],"about":[{"href":"https:\/\/armstrongyregion.com.ar\/diario\/wp-json\/wp\/v2\/types\/post"}],"author":[{"embeddable":true,"href":"https:\/\/armstrongyregion.com.ar\/diario\/wp-json\/wp\/v2\/users\/1"}],"replies":[{"embeddable":true,"href":"https:\/\/armstrongyregion.com.ar\/diario\/wp-json\/wp\/v2\/comments?post=45667"}],"version-history":[{"count":1,"href":"https:\/\/armstrongyregion.com.ar\/diario\/wp-json\/wp\/v2\/posts\/45667\/revisions"}],"predecessor-version":[{"id":45669,"href":"https:\/\/armstrongyregion.com.ar\/diario\/wp-json\/wp\/v2\/posts\/45667\/revisions\/45669"}],"wp:featuredmedia":[{"embeddable":true,"href":"https:\/\/armstrongyregion.com.ar\/diario\/wp-json\/wp\/v2\/media\/45668"}],"wp:attachment":[{"href":"https:\/\/armstrongyregion.com.ar\/diario\/wp-json\/wp\/v2\/media?parent=45667"}],"wp:term":[{"taxonomy":"category","embeddable":true,"href":"https:\/\/armstrongyregion.com.ar\/diario\/wp-json\/wp\/v2\/categories?post=45667"},{"taxonomy":"post_tag","embeddable":true,"href":"https:\/\/armstrongyregion.com.ar\/diario\/wp-json\/wp\/v2\/tags?post=45667"}],"curies":[{"name":"wp","href":"https:\/\/api.w.org\/{rel}","templated":true}]}}