{"id":45656,"date":"2025-03-17T02:57:38","date_gmt":"2025-03-17T02:57:38","guid":{"rendered":"https:\/\/armstrongyregion.com.ar\/diario\/?p=45656"},"modified":"2025-03-17T02:57:40","modified_gmt":"2025-03-17T02:57:40","slug":"comienza-la-semana-con-dos-dias-de-paro-universitario-y-un-debate-en-el-cruce-de-peatonales","status":"publish","type":"post","link":"https:\/\/armstrongyregion.com.ar\/diario\/comienza-la-semana-con-dos-dias-de-paro-universitario-y-un-debate-en-el-cruce-de-peatonales\/","title":{"rendered":"Comienza la semana con dos d\u00edas de paro universitario y un debate en el cruce de peatonales."},"content":{"rendered":"\n<figure class=\"wp-block-image size-large\"><img loading=\"lazy\" decoding=\"async\" width=\"640\" height=\"360\" src=\"http:\/\/armstrongyregion.com.ar\/diario\/wp-content\/uploads\/2025\/03\/coad_paro_2_x1x-1.jpg_1756841869-1-640x360.jpg\" alt=\"\" class=\"wp-image-45658\" srcset=\"https:\/\/armstrongyregion.com.ar\/diario\/wp-content\/uploads\/2025\/03\/coad_paro_2_x1x-1.jpg_1756841869-1-640x360.jpg 640w, https:\/\/armstrongyregion.com.ar\/diario\/wp-content\/uploads\/2025\/03\/coad_paro_2_x1x-1.jpg_1756841869-1-300x169.jpg 300w, https:\/\/armstrongyregion.com.ar\/diario\/wp-content\/uploads\/2025\/03\/coad_paro_2_x1x-1.jpg_1756841869-1-768x432.jpg 768w, https:\/\/armstrongyregion.com.ar\/diario\/wp-content\/uploads\/2025\/03\/coad_paro_2_x1x-1.jpg_1756841869-1.jpg 800w\" sizes=\"auto, (max-width: 640px) 100vw, 640px\" \/><\/figure>\n\n\n\n<h2 class=\"wp-block-heading\">Docentes de la\u00a0UNR no dar\u00e1n clases este lunes 17 y martes 18 en sinton\u00eda con la medida de fuerza que se realizar\u00e1 en todas las universidades del pa\u00eds.<\/h2>\n\n\n\n<p><strong>Esta semana habr\u00e1 un cese de actividad universitaria en el pa\u00eds<\/strong>, y desde la Asociaci\u00f3n Gremial de Docentes e Investigadores de la UNR\u00a0(Coad) recordaron que\u00a0<strong>as\u00ed ser\u00e1 tambi\u00e9n en las facultades y dependencias de la Universidad Nacional de Rosario.<\/strong><\/p>\n\n\n\n<p>La medida de fuerza es \u00aben respuesta a la falta de di\u00e1logo con el Gobierno nacional y la ca\u00edda abrupta del poder adquisitivo\u00bb, expresaron desde Coad. Y en ese marco, desde el gremio docente&nbsp;<strong>convocan a un encuentro ciudadano que se realizar\u00e1 el martes a las 17 en el cruce de peatonales.<\/strong><\/p>\n\n\n\n<p>Se trata de un debate entre el conjunto de la comunidad educativa de la UNR, la ciudadan\u00eda, sindicatos, movimientos sociales y organizaciones de la sociedad civil.<\/p>\n\n\n\n<p>Desde Coad describieron algunos de los interrogantes a debatir: \u201c\u00bfCu\u00e1l es el rol social, cultural y pol\u00edtico que tiene y deber\u00eda tener la universidad p\u00fablica? \u00bfC\u00f3mo se vincula la universidad con las organizaciones de la sociedad civil y con las problem\u00e1ticas de la ciudadan\u00eda? \u00bfPor qu\u00e9 y c\u00f3mo debemos defender entre todos la universidad p\u00fablica argentina?\u201d<\/p>\n\n\n\n<p>Sobre la situaci\u00f3n de los docentes, precisaron que los bajos salarios est\u00e1 provocando un \u00e9xodo de profesores. \u201cLa docencia queda como un primer escal\u00f3n para alguien que reci\u00e9n se recibe sin experiencia y ni bien puede se va, esto tiene un impacto acad\u00e9mico a muy corto plazo\u201d, lamentaron.<\/p>\n\n\n\n<p>\u201cEn 2024 la ca\u00edda fue del 70%. Esa situaci\u00f3n no s\u00f3lo no mejor\u00f3, sino que en materia salarial sigue empeorando. Porque eso hizo que caiga nuestra calidad de vida y que nos cueste much\u00edsimo llegar a fin de mes. Pero adem\u00e1s tambi\u00e9n impacta en las obras sociales universitarias que se financian con un porcentaje de los salarios. Cada vez se retiran m\u00e1s prestaciones\u201d, sostuvo el secretario General de Coad Federico Gayoso.<\/p>\n\n\n\n<p>Por fuera de la situaci\u00f3n particular de los docentes, desde Coad advirtieron tambi\u00e9n que este panorama tambi\u00e9n empezar\u00e1 a afectar la calidad acad\u00e9mica.<\/p>\n\n\n\n<h2 class=\"wp-block-heading\"><\/h2>\n","protected":false},"excerpt":{"rendered":"<p>Comienza la semana con dos d\u00edas de paro universitario y un debate en el cruce de peatonales.<\/p>\n","protected":false},"author":1,"featured_media":45657,"comment_status":"open","ping_status":"open","sticky":false,"template":"","format":"image","meta":{"_jetpack_memberships_contains_paid_content":false,"footnotes":"","jetpack_publicize_message":"","jetpack_publicize_feature_enabled":true,"jetpack_social_post_already_shared":true,"jetpack_social_options":{"image_generator_settings":{"template":"highway","default_image_id":0,"enabled":false},"version":2}},"categories":[8,1,2,7,3],"tags":[11540,100,19,5030,11542,831,11541,1026,1460],"class_list":["post-45656","post","type-post","status-publish","format-image","has-post-thumbnail","hentry","category-deliberando","category-diario-armstrong","category-locales","category-politica","category-region","tag-comiena","tag-con","tag-de","tag-diario-armstrong","tag-dias-2","tag-dos","tag-la-semana","tag-paro","tag-universitario","post_format-post-format-image"],"jetpack_publicize_connections":[],"jetpack_featured_media_url":"https:\/\/armstrongyregion.com.ar\/diario\/wp-content\/uploads\/2025\/03\/coad_paro_2_x1x.jpg_1756841869.jpg","jetpack_shortlink":"https:\/\/wp.me\/p62QDO-bSo","jetpack_sharing_enabled":true,"amp_enabled":true,"_links":{"self":[{"href":"https:\/\/armstrongyregion.com.ar\/diario\/wp-json\/wp\/v2\/posts\/45656","targetHints":{"allow":["GET"]}}],"collection":[{"href":"https:\/\/armstrongyregion.com.ar\/diario\/wp-json\/wp\/v2\/posts"}],"about":[{"href":"https:\/\/armstrongyregion.com.ar\/diario\/wp-json\/wp\/v2\/types\/post"}],"author":[{"embeddable":true,"href":"https:\/\/armstrongyregion.com.ar\/diario\/wp-json\/wp\/v2\/users\/1"}],"replies":[{"embeddable":true,"href":"https:\/\/armstrongyregion.com.ar\/diario\/wp-json\/wp\/v2\/comments?post=45656"}],"version-history":[{"count":1,"href":"https:\/\/armstrongyregion.com.ar\/diario\/wp-json\/wp\/v2\/posts\/45656\/revisions"}],"predecessor-version":[{"id":45659,"href":"https:\/\/armstrongyregion.com.ar\/diario\/wp-json\/wp\/v2\/posts\/45656\/revisions\/45659"}],"wp:featuredmedia":[{"embeddable":true,"href":"https:\/\/armstrongyregion.com.ar\/diario\/wp-json\/wp\/v2\/media\/45657"}],"wp:attachment":[{"href":"https:\/\/armstrongyregion.com.ar\/diario\/wp-json\/wp\/v2\/media?parent=45656"}],"wp:term":[{"taxonomy":"category","embeddable":true,"href":"https:\/\/armstrongyregion.com.ar\/diario\/wp-json\/wp\/v2\/categories?post=45656"},{"taxonomy":"post_tag","embeddable":true,"href":"https:\/\/armstrongyregion.com.ar\/diario\/wp-json\/wp\/v2\/tags?post=45656"}],"curies":[{"name":"wp","href":"https:\/\/api.w.org\/{rel}","templated":true}]}}