{"id":45652,"date":"2025-03-17T02:21:27","date_gmt":"2025-03-17T02:21:27","guid":{"rendered":"https:\/\/armstrongyregion.com.ar\/diario\/?p=45652"},"modified":"2025-03-17T02:21:29","modified_gmt":"2025-03-17T02:21:29","slug":"armstrong-convocatoria-a-grupos-de-danzas","status":"publish","type":"post","link":"https:\/\/armstrongyregion.com.ar\/diario\/armstrong-convocatoria-a-grupos-de-danzas\/","title":{"rendered":"Armstrong. Convocatoria a grupos de danzas."},"content":{"rendered":"\n<figure class=\"wp-block-image size-large\"><img loading=\"lazy\" decoding=\"async\" width=\"640\" height=\"427\" src=\"http:\/\/armstrongyregion.com.ar\/diario\/wp-content\/uploads\/2025\/03\/GRUPO-DANZA-1--640x427.jpg\" alt=\"\" class=\"wp-image-45653\" srcset=\"https:\/\/armstrongyregion.com.ar\/diario\/wp-content\/uploads\/2025\/03\/GRUPO-DANZA-1--640x427.jpg 640w, https:\/\/armstrongyregion.com.ar\/diario\/wp-content\/uploads\/2025\/03\/GRUPO-DANZA-1--300x200.jpg 300w, https:\/\/armstrongyregion.com.ar\/diario\/wp-content\/uploads\/2025\/03\/GRUPO-DANZA-1-.jpg 735w\" sizes=\"auto, (max-width: 640px) 100vw, 640px\" \/><\/figure>\n\n\n\n<p>El jueves 13 de marzo en el sal\u00f3n San Mart\u00edn de la Municipalidad de Armstrong, el Intendente<br>Guillermo Luzzi acompa\u00f1ado por la secretaria de Educaci\u00f3n y Desarrollo Integral Rosana Siri<br>recibieron a los responsables y representantes de los grupos de danzas folcl\u00f3ricas argentinas y<br>latinoamericanas de la ciudad.<\/p>\n\n\n\n<figure class=\"wp-block-image size-large\"><img loading=\"lazy\" decoding=\"async\" width=\"640\" height=\"427\" src=\"http:\/\/armstrongyregion.com.ar\/diario\/wp-content\/uploads\/2025\/03\/GRUPO-DANZA-2-640x427.jpg\" alt=\"\" class=\"wp-image-45654\" srcset=\"https:\/\/armstrongyregion.com.ar\/diario\/wp-content\/uploads\/2025\/03\/GRUPO-DANZA-2-640x427.jpg 640w, https:\/\/armstrongyregion.com.ar\/diario\/wp-content\/uploads\/2025\/03\/GRUPO-DANZA-2-300x200.jpg 300w, https:\/\/armstrongyregion.com.ar\/diario\/wp-content\/uploads\/2025\/03\/GRUPO-DANZA-2.jpg 688w\" sizes=\"auto, (max-width: 640px) 100vw, 640px\" \/><\/figure>\n\n\n\n<p><br>El objetivo de la convocatoria fue mantener una charla para compartir qu\u00e9 actividades tienen<br>programadas para el a\u00f1o, fechas de actividades propias, c\u00f3mo tienen organizados los grupos, desde<br>qu\u00e9 edades asisten, entre otros temas.<br>En la oportunidad el municipio entreg\u00f3 un aporte de dinero como incentivo al inicio anual de las<br>actividades, el cual ser\u00e1 utilizado en lo que cada uno disponga.<br>Algunos de ellos trabajan s\u00f3lo con adultos, otros desde la adolescencia, y otros reciben a personas<br>desde los 4 a\u00f1os hasta adultos mayores. Cada uno de los grupos con su particularidad.<br>Fundaci\u00f3n Bemba Color\u00e1 dirigida por el Prof. Mauricio Verstraete, Warmi a cargo de la Prof. Soledad<br>G\u00f3mez que desarrolla sus clases en Club Norte, el grupo Francisco Maldonado a cargo de Nuny<br>Maldonado en Club Mickey, la Prof. Ang\u00e9lica Pasquali con Mis Ra\u00edces Bailan en Club Hurac\u00e1n, en<br>Club Estudiantes las clases de Aires de Tradici\u00f3n con la Prof. Glenda Pieve, el C.T. El Tropero con sus<br>ballets infantil y juvenil dirigidos por los Prof. Alejandra Cabrera y Franco Ariza, y Peregrinas, el<br>grupo de adultos dirigido por la Prof. Mercedes Bylo.<br>Las autoridades manifestaron que \u201cla reuni\u00f3n fue muy rica porque todos valoramos el escucharnos,<br>considerando que cada uno est\u00e1 funcionando en un lugar diferente o estrat\u00e9gico de la ciudad<br>valorizando esa riqueza social y cultural, con la propuesta de profundizarlo, y trabajar tambi\u00e9n con<br>las escuelas, por ejemplo\u201d.<\/p>\n","protected":false},"excerpt":{"rendered":"<p>Armstrong. Convocatoria a grupos de danzas.<\/p>\n","protected":false},"author":1,"featured_media":45653,"comment_status":"open","ping_status":"open","sticky":false,"template":"","format":"image","meta":{"_jetpack_memberships_contains_paid_content":false,"footnotes":"","jetpack_publicize_message":"","jetpack_publicize_feature_enabled":true,"jetpack_social_post_already_shared":true,"jetpack_social_options":{"image_generator_settings":{"template":"highway","default_image_id":0,"enabled":false},"version":2}},"categories":[8,1,2,7,3],"tags":[20,11539,11500,19,5030,665],"class_list":["post-45652","post","type-post","status-publish","format-image","has-post-thumbnail","hentry","category-deliberando","category-diario-armstrong","category-locales","category-politica","category-region","tag-armstrong","tag-convocatoria-a","tag-danas","tag-de","tag-diario-armstrong","tag-grupos","post_format-post-format-image"],"jetpack_publicize_connections":[],"jetpack_featured_media_url":"https:\/\/armstrongyregion.com.ar\/diario\/wp-content\/uploads\/2025\/03\/GRUPO-DANZA-1-.jpg","jetpack_shortlink":"https:\/\/wp.me\/p62QDO-bSk","jetpack_sharing_enabled":true,"amp_enabled":true,"_links":{"self":[{"href":"https:\/\/armstrongyregion.com.ar\/diario\/wp-json\/wp\/v2\/posts\/45652","targetHints":{"allow":["GET"]}}],"collection":[{"href":"https:\/\/armstrongyregion.com.ar\/diario\/wp-json\/wp\/v2\/posts"}],"about":[{"href":"https:\/\/armstrongyregion.com.ar\/diario\/wp-json\/wp\/v2\/types\/post"}],"author":[{"embeddable":true,"href":"https:\/\/armstrongyregion.com.ar\/diario\/wp-json\/wp\/v2\/users\/1"}],"replies":[{"embeddable":true,"href":"https:\/\/armstrongyregion.com.ar\/diario\/wp-json\/wp\/v2\/comments?post=45652"}],"version-history":[{"count":1,"href":"https:\/\/armstrongyregion.com.ar\/diario\/wp-json\/wp\/v2\/posts\/45652\/revisions"}],"predecessor-version":[{"id":45655,"href":"https:\/\/armstrongyregion.com.ar\/diario\/wp-json\/wp\/v2\/posts\/45652\/revisions\/45655"}],"wp:featuredmedia":[{"embeddable":true,"href":"https:\/\/armstrongyregion.com.ar\/diario\/wp-json\/wp\/v2\/media\/45653"}],"wp:attachment":[{"href":"https:\/\/armstrongyregion.com.ar\/diario\/wp-json\/wp\/v2\/media?parent=45652"}],"wp:term":[{"taxonomy":"category","embeddable":true,"href":"https:\/\/armstrongyregion.com.ar\/diario\/wp-json\/wp\/v2\/categories?post=45652"},{"taxonomy":"post_tag","embeddable":true,"href":"https:\/\/armstrongyregion.com.ar\/diario\/wp-json\/wp\/v2\/tags?post=45652"}],"curies":[{"name":"wp","href":"https:\/\/api.w.org\/{rel}","templated":true}]}}