{"id":45649,"date":"2025-03-17T02:17:50","date_gmt":"2025-03-17T02:17:50","guid":{"rendered":"https:\/\/armstrongyregion.com.ar\/diario\/?p=45649"},"modified":"2025-03-17T02:17:52","modified_gmt":"2025-03-17T02:17:52","slug":"caminos-productivos-provincia-culmino-los-trabajos-en-el-distrito-villa-eloisa","status":"publish","type":"post","link":"https:\/\/armstrongyregion.com.ar\/diario\/caminos-productivos-provincia-culmino-los-trabajos-en-el-distrito-villa-eloisa\/","title":{"rendered":"Caminos Productivos: Provincia culmin\u00f3 los trabajos en el distrito Villa Elo\u00edsa."},"content":{"rendered":"\n<figure class=\"wp-block-image size-full\"><img loading=\"lazy\" decoding=\"async\" width=\"570\" height=\"320\" src=\"http:\/\/armstrongyregion.com.ar\/diario\/wp-content\/uploads\/2025\/03\/PULLARO-178-.jpg\" alt=\"\" class=\"wp-image-45650\" srcset=\"https:\/\/armstrongyregion.com.ar\/diario\/wp-content\/uploads\/2025\/03\/PULLARO-178-.jpg 570w, https:\/\/armstrongyregion.com.ar\/diario\/wp-content\/uploads\/2025\/03\/PULLARO-178--300x168.jpg 300w\" sizes=\"auto, (max-width: 570px) 100vw, 570px\" \/><\/figure>\n\n\n\n<h2 class=\"wp-block-heading\">Con una inversi\u00f3n de m\u00e1s de $ 250 millones, se hicieron 7.940,59 metros de traza que benefician la conectividad de dos edificios escolares y 20 productores. \u201cEs un orgullo poder darle a la ruralidad la posibilidad y el derecho a transitar\u201d, sostuvo el gobernador.\u00a0<\/h2>\n\n\n\n<p>El gobernador de la Provincia de Santa Fe, Maximiliano Pullaro, recorri\u00f3 el camino productivo ubicado en el distrito Villa Eloisa, en el departamento Iriondo. La Ruta Provincial 91 all\u00ed se transforma en el camino comunal 91 y llega hasta la costa del r\u00edo, y comunica el paraje con Estaci\u00f3n San Ricardo. El camino productivo tiene una traza de 7.940,59 metros y ya se encuentra finalizada.<\/p>\n\n\n\n<p>Esta inversi\u00f3n provincial, de $ 279.995.036,49, beneficia a dos edificios escolares de 16 alumnos y tres empleados y a 20 productores de 957 hect\u00e1reas agr\u00edcolas, 806,5 hect\u00e1reas ganaderas, 624 cabezas de ganado bovino y 2 feedlots.<\/p>\n\n\n\n<p>En la oportunidad, Pullaro sostuvo que \u201cestamos muy contentos de estar ac\u00e1, era uno de los proyectos que hab\u00edamos pensado junto al presidente comunal. Nuestro objetivo es llegar a los diferentes establecimientos rurales y en este caso estamos llegando fundamentalmente a los tambos, d\u00e1ndole a la ruralidad la posibilidad y el derecho a transitar\u201d.<\/p>\n\n\n\n<p>El gobernador, que estuvo acompa\u00f1ado por el senador Hugo Rasetto, remarc\u00f3 que en Villa Eloisa \u201chabilitamos casi ocho kil\u00f3metros de ripio con una inversi\u00f3n de m\u00e1s de 270 millones de pesos que invertimos desde el gobierno provincial y la comuna tambi\u00e9n hizo lo suyo, transformando una de las avenidas m\u00e1s importantes del pueblo\u201d.<\/p>\n\n\n\n<figure class=\"wp-block-image\"><img decoding=\"async\" src=\"https:\/\/ci3.googleusercontent.com\/meips\/ADKq_NZ203Qvi7NB7HDKACvYHmb1YADgJnT39wsqhP_gAByXKnF2WWbvRIwJvrMdZ0mBa726eepZtDuhHo6cId2He_IdAvHub5KixHo1-FqGDjGsgmtT-xBJWGkBdT5Cbz4j2_4uIPwfla0qdr9txmo=s0-d-e1-ft#https:\/\/www.santafe.gob.ar\/noticias\/recursos\/fotos\/2025\/03\/2025-03-16NID_282525O_2.jpeg\" alt=\"\"\/><\/figure>\n\n\n\n<p><strong>Conectar zonas rurales<\/strong><\/p>\n\n\n\n<p>En ese sentido, el ministro de Desarrollo Productivo, Gustavo Puccini, sostuvo que \u201ccon un presupuesto total de m\u00e1s de 12.664.000.000 pesos destinados a 292 kil\u00f3metros, Caminos Productivos apunta a mejorar la transitabilidad de los caminos que conectan las zonas rurales con rutas, autopistas y ciudades para mejorar la competitividad de distintas actividades econ\u00f3micas\u201d.<\/p>\n\n\n\n<p>\u201cNuestra responsabilidad es continuar trabajando intensamente, dotando de infraestructura a las regiones que m\u00e1s lo necesitan para potenciar su producci\u00f3n. En eso trabajamos desde antes de asumir. La clave de nuestra gesti\u00f3n es la cercan\u00eda y el di\u00e1logo para potenciar miradas y construir en equipo. No hay mayor sabidur\u00eda y conocimiento pr\u00e1ctico de las necesidades, que aquellos que nos brindan quienes transitan d\u00eda a d\u00eda los mismos caminos para llegar a su escuela o a su trabajo. Ellos saben m\u00e1s que nadie las carencias y los desaf\u00edos que hay que cubrir. Escucharlos es nuestro insumo fundamental\u201d, sostuvo Puccini.<\/p>\n\n\n\n<figure class=\"wp-block-image\"><img decoding=\"async\" src=\"https:\/\/ci3.googleusercontent.com\/meips\/ADKq_NYy5FN8ezEWnrrTmr1Cb7lpJYDDsgPiwy8AxvIcsfc8INUAo33ot0iTnsFMniTRiRomPGaNXZCPEKWZTQAzWaEhhQLkveUbYdWw03-tG07OS52O7_Lf8rBXcuLTppmGKENz1IZg9CMl_J5xlJc=s0-d-e1-ft#https:\/\/www.santafe.gob.ar\/noticias\/recursos\/fotos\/2025\/03\/2025-03-16NID_282525O_3.jpeg\" alt=\"\"\/><\/figure>\n\n\n\n<p>Por \u00faltimo, el presidente comunal de Villa Elo\u00edsa, Mauricio Tartaglini, agradeci\u00f3 al gobernador \u201cpor la cercan\u00eda y el compromiso con Villa Eloisa donde necesitamos herramientas como estas para trabajar, para que las docentes lleguen a dar clases, para acompa\u00f1ar al productor agropecuario que es una de las claves de nuestro pueblo\u201d.&nbsp;<\/p>\n\n\n\n<p><strong>Programa Caminos Productivos<\/strong><\/p>\n\n\n\n<p>El programa Caminos Productivos, del Ministerio de Desarrollo Productivo, apunta a mejorar la transitabilidad de los caminos que conectan las zonas rurales con rutas, autopistas y ciudades para mejorar la competitividad de las distintas actividades econ\u00f3micas. Adem\u00e1s, impacta en la calidad de vida de los trabajadores rurales, docentes, alumnos y vecinos que viven a la vera de las trazas por donde la producci\u00f3n.<\/p>\n\n\n\n<figure class=\"wp-block-image\"><img decoding=\"async\" src=\"https:\/\/ci3.googleusercontent.com\/meips\/ADKq_NbN7jrtrstW4_9dx47AX2E0xNFIuAyGYBGGPBAzN8aRDwcUW3Qznqzi3YEbczDvSSIaaS9v6ZHhtJ7a04RUqfGinY_ujHlGtPy94CkPtiuZnJiVxwxekmPl3_5XLalVQ6770bH2H6Nhi5UViCg=s0-d-e1-ft#https:\/\/www.santafe.gob.ar\/noticias\/recursos\/fotos\/2025\/03\/2025-03-16NID_282525O_4.jpeg\" alt=\"\"\/><\/figure>\n","protected":false},"excerpt":{"rendered":"<p>Caminos Productivos: Provincia culmin\u00f3 los trabajos en el distrito Villa Elo\u00edsa.<\/p>\n","protected":false},"author":1,"featured_media":45650,"comment_status":"open","ping_status":"open","sticky":false,"template":"","format":"image","meta":{"_jetpack_memberships_contains_paid_content":false,"footnotes":"","jetpack_publicize_message":"","jetpack_publicize_feature_enabled":true,"jetpack_social_post_already_shared":true,"jetpack_social_options":{"image_generator_settings":{"template":"highway","default_image_id":0,"enabled":false},"version":2}},"categories":[8,1,2,7,3],"tags":[11538,8783,5030,1072,8640,422,9371],"class_list":["post-45649","post","type-post","status-publish","format-image","has-post-thumbnail","hentry","category-deliberando","category-diario-armstrong","category-locales","category-politica","category-region","tag-caminos-productivos","tag-culmino","tag-diario-armstrong","tag-distrito","tag-provincia-2","tag-trabajos","tag-villa-eloisa","post_format-post-format-image"],"jetpack_publicize_connections":[],"jetpack_featured_media_url":"https:\/\/armstrongyregion.com.ar\/diario\/wp-content\/uploads\/2025\/03\/PULLARO-178-.jpg","jetpack_shortlink":"https:\/\/wp.me\/p62QDO-bSh","jetpack_sharing_enabled":true,"amp_enabled":true,"_links":{"self":[{"href":"https:\/\/armstrongyregion.com.ar\/diario\/wp-json\/wp\/v2\/posts\/45649","targetHints":{"allow":["GET"]}}],"collection":[{"href":"https:\/\/armstrongyregion.com.ar\/diario\/wp-json\/wp\/v2\/posts"}],"about":[{"href":"https:\/\/armstrongyregion.com.ar\/diario\/wp-json\/wp\/v2\/types\/post"}],"author":[{"embeddable":true,"href":"https:\/\/armstrongyregion.com.ar\/diario\/wp-json\/wp\/v2\/users\/1"}],"replies":[{"embeddable":true,"href":"https:\/\/armstrongyregion.com.ar\/diario\/wp-json\/wp\/v2\/comments?post=45649"}],"version-history":[{"count":1,"href":"https:\/\/armstrongyregion.com.ar\/diario\/wp-json\/wp\/v2\/posts\/45649\/revisions"}],"predecessor-version":[{"id":45651,"href":"https:\/\/armstrongyregion.com.ar\/diario\/wp-json\/wp\/v2\/posts\/45649\/revisions\/45651"}],"wp:featuredmedia":[{"embeddable":true,"href":"https:\/\/armstrongyregion.com.ar\/diario\/wp-json\/wp\/v2\/media\/45650"}],"wp:attachment":[{"href":"https:\/\/armstrongyregion.com.ar\/diario\/wp-json\/wp\/v2\/media?parent=45649"}],"wp:term":[{"taxonomy":"category","embeddable":true,"href":"https:\/\/armstrongyregion.com.ar\/diario\/wp-json\/wp\/v2\/categories?post=45649"},{"taxonomy":"post_tag","embeddable":true,"href":"https:\/\/armstrongyregion.com.ar\/diario\/wp-json\/wp\/v2\/tags?post=45649"}],"curies":[{"name":"wp","href":"https:\/\/api.w.org\/{rel}","templated":true}]}}