{"id":45643,"date":"2025-03-14T00:58:54","date_gmt":"2025-03-14T00:58:54","guid":{"rendered":"https:\/\/armstrongyregion.com.ar\/diario\/?p=45643"},"modified":"2025-03-14T02:28:53","modified_gmt":"2025-03-14T02:28:53","slug":"inicio-de-sesiones-ordinarias-2025-resumen-de-gestion-y-nuevos-proyectos","status":"publish","type":"post","link":"https:\/\/armstrongyregion.com.ar\/diario\/inicio-de-sesiones-ordinarias-2025-resumen-de-gestion-y-nuevos-proyectos\/","title":{"rendered":"Inicio de sesiones ordinarias 2025: res\u00famen de gesti\u00f3n y nuevos proyectos."},"content":{"rendered":"\n<figure class=\"wp-block-image size-large\"><img loading=\"lazy\" decoding=\"async\" width=\"640\" height=\"426\" src=\"http:\/\/armstrongyregion.com.ar\/diario\/wp-content\/uploads\/2025\/03\/CONCEJO-ROSENSE-640x426.jpg\" alt=\"\" class=\"wp-image-45644\" srcset=\"https:\/\/armstrongyregion.com.ar\/diario\/wp-content\/uploads\/2025\/03\/CONCEJO-ROSENSE-640x426.jpg 640w, https:\/\/armstrongyregion.com.ar\/diario\/wp-content\/uploads\/2025\/03\/CONCEJO-ROSENSE-300x200.jpg 300w, https:\/\/armstrongyregion.com.ar\/diario\/wp-content\/uploads\/2025\/03\/CONCEJO-ROSENSE.jpg 645w\" sizes=\"auto, (max-width: 640px) 100vw, 640px\" \/><\/figure>\n\n\n\n<h2 class=\"wp-block-heading\">El Concejo Municipal dio inicio a las sesiones ordinarias con la presencia del intendente Javier Meyer. El actual presidente del cuerpo legislativo, N\u00e9stor Aquino, inicia su \u00faltimo a\u00f1o como edil.<\/h2>\n\n\n\n<p>El Concejo Municipal de Las Rosas inici\u00f3 formalmente las sesiones ordinarias del 2025 el primer lunes h\u00e1bil de marzo, con la participaci\u00f3n del intendente Javier Meyer. Durante la sesi\u00f3n, se destacaron los logros del 2024 y los proyectos planificados para este a\u00f1o, poniendo especial \u00e9nfasis en obras p\u00fablicas, cuestiones ambientales y la problem\u00e1tica de animales sueltos en la ciudad.<\/p>\n\n\n\n<h3 class=\"wp-block-heading\">Obras y proyectos para 2025<\/h3>\n\n\n\n<p>En su discurso, el intendente Meyer repas\u00f3 la colaboraci\u00f3n entre el Ejecutivo y el Concejo en 2024 y adelant\u00f3 la continuidad de obras clave en 2025. Entre ellas, destac\u00f3 mejoras en luminarias y pavimentaci\u00f3n, as\u00ed como la profundizaci\u00f3n de pol\u00edticas ambientales.&nbsp;<em>\u201cEstamos muy bien en materia financiera, lo que nos permite seguir adelante con estos proyectos prioritarios\u201d,&nbsp;<\/em>se\u00f1al\u00f3.<\/p>\n\n\n\n<blockquote class=\"wp-block-quote is-layout-flow wp-block-quote-is-layout-flow\">\n<p><strong>Uno de los proyectos inminentes es la instalaci\u00f3n de nuevas luminarias en la calle Paso de los Andes, lo que contribuir\u00e1 a la seguridad y el bienestar de los vecinos.<\/strong><\/p>\n<\/blockquote>\n\n\n\n<h3 class=\"wp-block-heading\">Control de animales sueltos y maltrato<\/h3>\n\n\n\n<p>Uno de los puntos m\u00e1s relevantes tratados fue la preocupaci\u00f3n por la cantidad de animales sueltos en la v\u00eda p\u00fablica, especialmente perros y caballos. Se anunci\u00f3 la aplicaci\u00f3n de sanciones m\u00e1s estrictas para quienes abandonen o maltraten animales.<em>&nbsp;\u201cLamentablemente, tenemos que endurecer las multas para que la gente tome conciencia\u201d,&nbsp;<\/em>expres\u00f3 el Presidente del Concejo, quien adem\u00e1s destac\u00f3 que los caballos no deber\u00edan estar en el ejido urbano.<\/p>\n\n\n\n<h3 class=\"wp-block-heading\">Minutas aprobadas y nuevas iniciativas<\/h3>\n\n\n\n<p>Durante la sesi\u00f3n, se aprobaron por unanimidad dos minutas de comunicaci\u00f3n:<br>&#8211; La colocaci\u00f3n de una baranda de seguridad en las rampas de acceso del Centro de Jubilados y Pensionados Provinciales.<br>&#8211; La creaci\u00f3n de lactarios en lugares de trabajo, para brindar espacios adecuados para madres lactantes.<\/p>\n\n\n\n<h3 class=\"wp-block-heading\">Ultimo a\u00f1o del Concejal Aquino<\/h3>\n\n\n\n<p><em>\u00abEs mi \u00faltimo a\u00f1o como ya creo que la mayor\u00eda sabe, no me presento este a\u00f1o para renovar la banca. Pero como bien dijo Javier voy a seguir colaborando en la gesti\u00f3n, en el lugar que me toque\u00bb,&nbsp;<\/em>expres\u00f3 Aquino.<em>&nbsp;\u00abHa sido una responsabilidad muy grande que me han dado los rosenses, espero haberla cumplido, he intentado hacer eso\u00bb.<\/em><\/p>\n\n\n\n<blockquote class=\"wp-block-quote is-layout-flow wp-block-quote-is-layout-flow\">\n<p><strong>Aquino: <em>\u00abSiempre voy a tener un agradecimiento hacia los vecinos y obviamente hacia Javier que fue el que inici\u00f3 en esta carrera pol\u00edtica\u00bb.<\/em><\/strong><\/p>\n\n\n\n<p>Fuente: Las Rosas Digital.<\/p>\n<\/blockquote>\n","protected":false},"excerpt":{"rendered":"<p>El Concejo Municipal dio inicio a las sesiones ordinarias con la presencia del intendente Javier Meyer. El actual presidente del cuerpo legislativo, N\u00e9stor Aquino, inicia su \u00faltimo a\u00f1o como edil. El Concejo Municipal de Las Rosas inici\u00f3 formalmente las sesiones ordinarias del 2025 el primer lunes h\u00e1bil de marzo, con la participaci\u00f3n del intendente Javier <a href=\"https:\/\/armstrongyregion.com.ar\/diario\/inicio-de-sesiones-ordinarias-2025-resumen-de-gestion-y-nuevos-proyectos\/\" title=\"Read more\" >&#8230;<\/a><\/p>\n","protected":false},"author":1,"featured_media":45644,"comment_status":"open","ping_status":"open","sticky":false,"template":"","format":"image","meta":{"_jetpack_memberships_contains_paid_content":false,"footnotes":"","jetpack_publicize_message":"","jetpack_publicize_feature_enabled":true,"jetpack_social_post_already_shared":true,"jetpack_social_options":{"image_generator_settings":{"template":"highway","default_image_id":0,"enabled":false},"version":2}},"categories":[8,1,2,7,3],"tags":[19,5030,1297,174,8883,11537,1256,2903,1022],"class_list":["post-45643","post","type-post","status-publish","format-image","has-post-thumbnail","hentry","category-deliberando","category-diario-armstrong","category-locales","category-politica","category-region","tag-de","tag-diario-armstrong","tag-gestion","tag-inicio","tag-las-rosas-2","tag-nuevos-proyectos","tag-ordinarias","tag-resumen","tag-sesiones","post_format-post-format-image"],"jetpack_publicize_connections":[],"jetpack_featured_media_url":"https:\/\/armstrongyregion.com.ar\/diario\/wp-content\/uploads\/2025\/03\/CONCEJO-ROSENSE.jpg","jetpack_shortlink":"https:\/\/wp.me\/p62QDO-bSb","jetpack_sharing_enabled":true,"amp_enabled":true,"_links":{"self":[{"href":"https:\/\/armstrongyregion.com.ar\/diario\/wp-json\/wp\/v2\/posts\/45643","targetHints":{"allow":["GET"]}}],"collection":[{"href":"https:\/\/armstrongyregion.com.ar\/diario\/wp-json\/wp\/v2\/posts"}],"about":[{"href":"https:\/\/armstrongyregion.com.ar\/diario\/wp-json\/wp\/v2\/types\/post"}],"author":[{"embeddable":true,"href":"https:\/\/armstrongyregion.com.ar\/diario\/wp-json\/wp\/v2\/users\/1"}],"replies":[{"embeddable":true,"href":"https:\/\/armstrongyregion.com.ar\/diario\/wp-json\/wp\/v2\/comments?post=45643"}],"version-history":[{"count":2,"href":"https:\/\/armstrongyregion.com.ar\/diario\/wp-json\/wp\/v2\/posts\/45643\/revisions"}],"predecessor-version":[{"id":45646,"href":"https:\/\/armstrongyregion.com.ar\/diario\/wp-json\/wp\/v2\/posts\/45643\/revisions\/45646"}],"wp:featuredmedia":[{"embeddable":true,"href":"https:\/\/armstrongyregion.com.ar\/diario\/wp-json\/wp\/v2\/media\/45644"}],"wp:attachment":[{"href":"https:\/\/armstrongyregion.com.ar\/diario\/wp-json\/wp\/v2\/media?parent=45643"}],"wp:term":[{"taxonomy":"category","embeddable":true,"href":"https:\/\/armstrongyregion.com.ar\/diario\/wp-json\/wp\/v2\/categories?post=45643"},{"taxonomy":"post_tag","embeddable":true,"href":"https:\/\/armstrongyregion.com.ar\/diario\/wp-json\/wp\/v2\/tags?post=45643"}],"curies":[{"name":"wp","href":"https:\/\/api.w.org\/{rel}","templated":true}]}}