{"id":45640,"date":"2025-03-14T00:40:28","date_gmt":"2025-03-14T00:40:28","guid":{"rendered":"https:\/\/armstrongyregion.com.ar\/diario\/?p=45640"},"modified":"2025-03-14T00:40:30","modified_gmt":"2025-03-14T00:40:30","slug":"armstrong-otro-domingo-de-musica-y-feria-en-el-bracito-fuerte","status":"publish","type":"post","link":"https:\/\/armstrongyregion.com.ar\/diario\/armstrong-otro-domingo-de-musica-y-feria-en-el-bracito-fuerte\/","title":{"rendered":"Armstrong. Otro domingo de M\u00fasica y Feria en el Bracito Fuerte."},"content":{"rendered":"\n<figure class=\"wp-block-image size-large\"><img loading=\"lazy\" decoding=\"async\" width=\"384\" height=\"480\" src=\"http:\/\/armstrongyregion.com.ar\/diario\/wp-content\/uploads\/2025\/03\/MUSICA-Y-FERIA-384x480.jpg\" alt=\"\" class=\"wp-image-45641\" srcset=\"https:\/\/armstrongyregion.com.ar\/diario\/wp-content\/uploads\/2025\/03\/MUSICA-Y-FERIA-384x480.jpg 384w, https:\/\/armstrongyregion.com.ar\/diario\/wp-content\/uploads\/2025\/03\/MUSICA-Y-FERIA-240x300.jpg 240w, https:\/\/armstrongyregion.com.ar\/diario\/wp-content\/uploads\/2025\/03\/MUSICA-Y-FERIA.jpg 589w\" sizes=\"auto, (max-width: 384px) 100vw, 384px\" \/><\/figure>\n\n\n\n<p>La Municipalidad de Armstrong invita a participar de otro domingo de m\u00fasica y feria en el Bracito<br>Fuerte, este 16 de marzo desde las 18 hs.<br>En esta oportunidad podremos disfrutar de la m\u00fasica y el humor de Gangaritos, las canciones de<br>Celeste Galvano, Juan Mart\u00edn Alvaristo \u201cLa nueva voz de la cumbia\u201d, y Dar\u00edo y La Nueva con su<br>tributo a Walter Olmos.<br>Los tradicionales juegos de este parque recreativo y la calesita \u201cEl Profe\u201d estar\u00e1n esperando a los<br>m\u00e1s peque\u00f1os.<br>Feria Sabores y Colores Locales, y emprendedores regionales. Servicio de buffet.<\/p>\n","protected":false},"excerpt":{"rendered":"<p>Armstrong. Otro domingo de M\u00fasica y Feria en el Bracito Fuerte.<\/p>\n","protected":false},"author":1,"featured_media":45641,"comment_status":"open","ping_status":"open","sticky":false,"template":"","format":"image","meta":{"_jetpack_memberships_contains_paid_content":false,"footnotes":"","jetpack_publicize_message":"","jetpack_publicize_feature_enabled":true,"jetpack_social_post_already_shared":true,"jetpack_social_options":{"image_generator_settings":{"template":"highway","default_image_id":0,"enabled":false},"version":2}},"categories":[8,1,2,7,3],"tags":[],"class_list":["post-45640","post","type-post","status-publish","format-image","has-post-thumbnail","hentry","category-deliberando","category-diario-armstrong","category-locales","category-politica","category-region","post_format-post-format-image"],"jetpack_publicize_connections":[],"jetpack_featured_media_url":"https:\/\/armstrongyregion.com.ar\/diario\/wp-content\/uploads\/2025\/03\/MUSICA-Y-FERIA.jpg","jetpack_shortlink":"https:\/\/wp.me\/p62QDO-bS8","jetpack_sharing_enabled":true,"amp_enabled":true,"_links":{"self":[{"href":"https:\/\/armstrongyregion.com.ar\/diario\/wp-json\/wp\/v2\/posts\/45640","targetHints":{"allow":["GET"]}}],"collection":[{"href":"https:\/\/armstrongyregion.com.ar\/diario\/wp-json\/wp\/v2\/posts"}],"about":[{"href":"https:\/\/armstrongyregion.com.ar\/diario\/wp-json\/wp\/v2\/types\/post"}],"author":[{"embeddable":true,"href":"https:\/\/armstrongyregion.com.ar\/diario\/wp-json\/wp\/v2\/users\/1"}],"replies":[{"embeddable":true,"href":"https:\/\/armstrongyregion.com.ar\/diario\/wp-json\/wp\/v2\/comments?post=45640"}],"version-history":[{"count":1,"href":"https:\/\/armstrongyregion.com.ar\/diario\/wp-json\/wp\/v2\/posts\/45640\/revisions"}],"predecessor-version":[{"id":45642,"href":"https:\/\/armstrongyregion.com.ar\/diario\/wp-json\/wp\/v2\/posts\/45640\/revisions\/45642"}],"wp:featuredmedia":[{"embeddable":true,"href":"https:\/\/armstrongyregion.com.ar\/diario\/wp-json\/wp\/v2\/media\/45641"}],"wp:attachment":[{"href":"https:\/\/armstrongyregion.com.ar\/diario\/wp-json\/wp\/v2\/media?parent=45640"}],"wp:term":[{"taxonomy":"category","embeddable":true,"href":"https:\/\/armstrongyregion.com.ar\/diario\/wp-json\/wp\/v2\/categories?post=45640"},{"taxonomy":"post_tag","embeddable":true,"href":"https:\/\/armstrongyregion.com.ar\/diario\/wp-json\/wp\/v2\/tags?post=45640"}],"curies":[{"name":"wp","href":"https:\/\/api.w.org\/{rel}","templated":true}]}}