{"id":45636,"date":"2025-03-14T00:30:10","date_gmt":"2025-03-14T00:30:10","guid":{"rendered":"https:\/\/armstrongyregion.com.ar\/diario\/?p=45636"},"modified":"2025-03-14T00:30:12","modified_gmt":"2025-03-14T00:30:12","slug":"canada-de-gomez-provincia-invirtio-220-000-dolares-en-un-mamografo-de-alta-resolucion-digital-para-el-hospital-san-jose","status":"publish","type":"post","link":"https:\/\/armstrongyregion.com.ar\/diario\/canada-de-gomez-provincia-invirtio-220-000-dolares-en-un-mamografo-de-alta-resolucion-digital-para-el-hospital-san-jose\/","title":{"rendered":"Ca\u00f1ada de G\u00f3mez: Provincia invirti\u00f3 220.000 d\u00f3lares en un mam\u00f3grafo de alta resoluci\u00f3n digital para el Hospital San Jos\u00e9."},"content":{"rendered":"\n<figure class=\"wp-block-image size-large\"><img loading=\"lazy\" decoding=\"async\" width=\"638\" height=\"480\" src=\"http:\/\/armstrongyregion.com.ar\/diario\/wp-content\/uploads\/2025\/03\/MAMOGRAFO-CANADA-638x480.jpg\" alt=\"\" class=\"wp-image-45637\" srcset=\"https:\/\/armstrongyregion.com.ar\/diario\/wp-content\/uploads\/2025\/03\/MAMOGRAFO-CANADA-638x480.jpg 638w, https:\/\/armstrongyregion.com.ar\/diario\/wp-content\/uploads\/2025\/03\/MAMOGRAFO-CANADA-300x226.jpg 300w, https:\/\/armstrongyregion.com.ar\/diario\/wp-content\/uploads\/2025\/03\/MAMOGRAFO-CANADA-768x578.jpg 768w, https:\/\/armstrongyregion.com.ar\/diario\/wp-content\/uploads\/2025\/03\/MAMOGRAFO-CANADA.jpg 800w\" sizes=\"auto, (max-width: 638px) 100vw, 638px\" \/><\/figure>\n\n\n\n<h2 class=\"wp-block-heading\">El equipamiento de \u00faltima generaci\u00f3n, que se present\u00f3 ayer en la localidad de Departamento Iriondo, renueva el servicio de Mamograf\u00eda del efector, para mejorar el acceso al diagn\u00f3stico y al tratamiento oportuno del c\u00e1ncer de mama.<\/h2>\n\n\n\n<figure class=\"wp-block-image size-large\"><img loading=\"lazy\" decoding=\"async\" width=\"638\" height=\"480\" src=\"http:\/\/armstrongyregion.com.ar\/diario\/wp-content\/uploads\/2025\/03\/MAMOGRAFO-CHICAS--638x480.jpg\" alt=\"\" class=\"wp-image-45638\" srcset=\"https:\/\/armstrongyregion.com.ar\/diario\/wp-content\/uploads\/2025\/03\/MAMOGRAFO-CHICAS--638x480.jpg 638w, https:\/\/armstrongyregion.com.ar\/diario\/wp-content\/uploads\/2025\/03\/MAMOGRAFO-CHICAS--300x226.jpg 300w, https:\/\/armstrongyregion.com.ar\/diario\/wp-content\/uploads\/2025\/03\/MAMOGRAFO-CHICAS--768x578.jpg 768w, https:\/\/armstrongyregion.com.ar\/diario\/wp-content\/uploads\/2025\/03\/MAMOGRAFO-CHICAS-.jpg 800w\" sizes=\"auto, (max-width: 638px) 100vw, 638px\" \/><\/figure>\n\n\n\n<p>La provincia de Santa Fe, a trav\u00e9s del Ministerio de Salud, adquiri\u00f3 un mam\u00f3grafo de \u00faltima generaci\u00f3n para el Hospital San Jos\u00e9 de la ciudad de Ca\u00f1ada de G\u00f3mez. Se trata de un mam\u00f3grafo digital directo, con estaci\u00f3n de trabajo y monitor de 5 MP para informes, que se adquiri\u00f3 por 220.000 d\u00f3lares. El equipamiento ofrece precisi\u00f3n diagn\u00f3stica, mayor eficacia para detectar lesiones en mamas, lo que mejora la detecci\u00f3n temprana de anomal\u00edas. Asimismo, emite menor dosis de radiaci\u00f3n, ofrece una calidad de imagen superior, cuida el ambiente ya que no usa qu\u00edmicos para revelar im\u00e1genes, y las im\u00e1genes digitales pueden ser almacenadas, compartidas y procesadas.<\/p>\n\n\n\n<p>Al respecto la ministra de Salud, Silvia Ciancio, destac\u00f3 que \u201cel gobierno que lidera el gobernador Maximiliano Pullaro toma decisiones a favor de la salud p\u00fablica, en un momento sensible a nivel nacional. En la provincia de Santa Fe seguimos apostando a mejorar la calidad de atenci\u00f3n de los usuarios, para lo que necesitamos trabajar muy ordenadamente y ser muy eficientes, y eso estamos haciendo\u201d.<\/p>\n\n\n\n<p>Siguiendo ese argumento remarc\u00f3 los procesos de compra mediante licitaciones p\u00fablicas para incorporar tecnolog\u00eda sanitaria, medicamentos y realizar obras de infraestructura y agreg\u00f3 que \u201csi tenemos el equipamiento pero no logramos el empoderamiento de la comunidad y del equipo de salud, nos faltar\u00eda lo m\u00e1s importante, por eso los invito a seguir trabajando para constituirse como una red de prevenci\u00f3n en la salud de esta ciudad, pero tambi\u00e9n de la regi\u00f3n, pensando en las localidades m\u00e1s peque\u00f1as\u201d.<\/p>\n\n\n\n<p>Por su parte, el director de la Agencia de Control del C\u00e1ncer, Alejandro Chinelatto, destac\u00f3 la incorporaci\u00f3n del mam\u00f3grafo que facilita el diagn\u00f3stico del c\u00e1ncer de mama, \u201cel m\u00e1s frecuente en las mujeres, que mediante el diagn\u00f3stico precoz permite reducir la necesidad de tratamientos oncol\u00f3gicos, quir\u00fargicos y quiz\u00e1s la radioterapia\u201d. Tambi\u00e9n destac\u00f3 que \u201cya tenemos en la provincia de Santa Fe 31 mam\u00f3grafos y estamos avanzando tambi\u00e9n en unificar los informes para que nuestros profesionales puedan trabajar mucho mejor\u201d.<\/p>\n\n\n\n<p><img decoding=\"async\" alt=\"\" src=\"https:\/\/ci3.googleusercontent.com\/meips\/ADKq_NbL2IQeW3fX1N2czhtUv1WmEAIJwqoAJvUreeReXmfnNI2beswVK0oO3_9gVdtZ-O0zkayDWCFG1H66YOMhJuIOnI32T58msY6GFDr13R1cttGo7jmBcyNWd3bN-1dLDTcnZC8FVoisjN8NPF8=s0-d-e1-ft#https:\/\/www.santafe.gov.ar\/noticias\/recursos\/fotos\/2025\/03\/2025-03-13NID_282495O_2.jpeg\"><br><strong>Ordenar y proyectar, para concretar mejoras<\/strong><\/p>\n\n\n\n<p>Por su parte, el intendente de Ca\u00f1ada de G\u00f3mez, Mat\u00edas Chale, remarc\u00f3 el trabajo conjunto con el gobierno provincial y el senador Hugo Rasetto; y detall\u00f3 las tareas que se realizaron y se proyectan en el entorno del Hospital para ordenar y facilitar el acceso al edificio. En ese marco expres\u00f3 que \u201cel trabajo para ordenar y planificar, que a veces pasa desapercibido, hoy se concreta en algo tangible. Este mam\u00f3grafo representa no solo un avance en tecnolog\u00eda, sino una mejora significativa en el servicio de salud. Antes hab\u00eda limitaciones con las l\u00e1mparas del mam\u00f3grafo, que no brindaban la calidad necesaria para detectar todos los casos, oblig\u00e1ndonos a derivar estudios. Ahora vamos a poder garantizar diagn\u00f3sticos precisos en nuestra ciudad, marcando una gran diferencia\u201d. Y anticip\u00f3 que se cuenta con un proyecto para refaccionar los ba\u00f1os p\u00fablicos del Hospital y hacerlos accesibles a personas con discapacidad, mediante una solicitud al Programa FonRES.<\/p>\n\n\n\n<p>Finalmente, Jorge Zelaya, director del Hospital San Jos\u00e9, destac\u00f3 las caracter\u00edsticas tecnol\u00f3gicas del equipamiento digital, que se suma al trabajo del equipo de salud, que \u201cha duplicado su actividad en la sala oncol\u00f3gica, gracias a la dedicaci\u00f3n de nuestra especialista que trabaja con empat\u00eda, acompa\u00f1ando a los pacientes\u201d.<\/p>\n\n\n\n<p>Adem\u00e1s, se\u00f1al\u00f3 que esta incorporaci\u00f3n se suma a otras mejoras y arreglos que se pudieron realizar en los \u00faltimos 11 meses, desde que asumi\u00f3 la direcci\u00f3n: la incorporaci\u00f3n de un autoanalizador y un contador hematol\u00f3gico en el servicio de Laboratorio, la reparaci\u00f3n de la caldera y los avances en la climatizaci\u00f3n en distintas habitaciones, arreglos en la torre de videolaparoscop\u00eda y la adquisici\u00f3n de un electrobistur\u00ed para cirug\u00edas, entre otras. \u201cAgradezco a la ministra porque todo esto lo pudimos hacer, en menos de un a\u00f1o, nos permiti\u00f3 mejorar la respuesta a los pacientes, pero tambi\u00e9n como ciudadano porque todo lo que logremos va a quedar para los ca\u00f1adenses\u201d, concluy\u00f3 Zelaya.<\/p>\n\n\n\n<p>Tambi\u00e9n participaron del acto el subsecretario de Gesti\u00f3n Territorial Sur, Marcelo Krenz; la directora de la Regi\u00f3n de Salud-Nodo Rosario, Rosa Dutto; los presidentes comunales de Villa Elo\u00edsa, Mauricio Tartaglini, y de Correa, Nahuel Cejas, junto a la directora del SAMCo de esa localidad, Ver\u00f3nica Mosconi; y representantes de LALCEC, entre otros.<\/p>\n","protected":false},"excerpt":{"rendered":"<p>Ca\u00f1ada de G\u00f3mez: Provincia invirti\u00f3 220.000 d\u00f3lares en un mam\u00f3grafo de alta resoluci\u00f3n digital para el Hospital San Jos\u00e9.<\/p>\n","protected":false},"author":1,"featured_media":45637,"comment_status":"open","ping_status":"open","sticky":false,"template":"","format":"image","meta":{"_jetpack_memberships_contains_paid_content":false,"footnotes":"","jetpack_publicize_message":"","jetpack_publicize_feature_enabled":true,"jetpack_social_post_already_shared":true,"jetpack_social_options":{"image_generator_settings":{"template":"highway","default_image_id":0,"enabled":false},"version":2}},"categories":[8,1,2,7,3],"tags":[11534,11535,9737,19,5030,11536,9168,1943,8640,301,192],"class_list":["post-45636","post","type-post","status-publish","format-image","has-post-thumbnail","hentry","category-deliberando","category-diario-armstrong","category-locales","category-politica","category-region","tag-220-000-dolares","tag-alta-2","tag-canada-de-gomez-4","tag-de","tag-diario-armstrong","tag-hospital-san-jose","tag-invirtio","tag-mamografo","tag-provincia-2","tag-resolucion","tag-un","post_format-post-format-image"],"jetpack_publicize_connections":[],"jetpack_featured_media_url":"https:\/\/armstrongyregion.com.ar\/diario\/wp-content\/uploads\/2025\/03\/MAMOGRAFO-CANADA.jpg","jetpack_shortlink":"https:\/\/wp.me\/p62QDO-bS4","jetpack_sharing_enabled":true,"amp_enabled":true,"_links":{"self":[{"href":"https:\/\/armstrongyregion.com.ar\/diario\/wp-json\/wp\/v2\/posts\/45636","targetHints":{"allow":["GET"]}}],"collection":[{"href":"https:\/\/armstrongyregion.com.ar\/diario\/wp-json\/wp\/v2\/posts"}],"about":[{"href":"https:\/\/armstrongyregion.com.ar\/diario\/wp-json\/wp\/v2\/types\/post"}],"author":[{"embeddable":true,"href":"https:\/\/armstrongyregion.com.ar\/diario\/wp-json\/wp\/v2\/users\/1"}],"replies":[{"embeddable":true,"href":"https:\/\/armstrongyregion.com.ar\/diario\/wp-json\/wp\/v2\/comments?post=45636"}],"version-history":[{"count":1,"href":"https:\/\/armstrongyregion.com.ar\/diario\/wp-json\/wp\/v2\/posts\/45636\/revisions"}],"predecessor-version":[{"id":45639,"href":"https:\/\/armstrongyregion.com.ar\/diario\/wp-json\/wp\/v2\/posts\/45636\/revisions\/45639"}],"wp:featuredmedia":[{"embeddable":true,"href":"https:\/\/armstrongyregion.com.ar\/diario\/wp-json\/wp\/v2\/media\/45637"}],"wp:attachment":[{"href":"https:\/\/armstrongyregion.com.ar\/diario\/wp-json\/wp\/v2\/media?parent=45636"}],"wp:term":[{"taxonomy":"category","embeddable":true,"href":"https:\/\/armstrongyregion.com.ar\/diario\/wp-json\/wp\/v2\/categories?post=45636"},{"taxonomy":"post_tag","embeddable":true,"href":"https:\/\/armstrongyregion.com.ar\/diario\/wp-json\/wp\/v2\/tags?post=45636"}],"curies":[{"name":"wp","href":"https:\/\/api.w.org\/{rel}","templated":true}]}}