{"id":45633,"date":"2025-03-14T00:23:09","date_gmt":"2025-03-14T00:23:09","guid":{"rendered":"https:\/\/armstrongyregion.com.ar\/diario\/?p=45633"},"modified":"2025-03-14T00:23:12","modified_gmt":"2025-03-14T00:23:12","slug":"la-corte-suprema-de-santa-fe-hace-lugar-a-un-recurso-de-inconstitucionalidad-en-un-caso-sin-precedentes-para-la-ciudad-de-san-lorenzo","status":"publish","type":"post","link":"https:\/\/armstrongyregion.com.ar\/diario\/la-corte-suprema-de-santa-fe-hace-lugar-a-un-recurso-de-inconstitucionalidad-en-un-caso-sin-precedentes-para-la-ciudad-de-san-lorenzo\/","title":{"rendered":"La Corte Suprema de Santa Fe hace lugar a un recurso de inconstitucionalidad en un caso sin precedentes para la ciudad de San Lorenzo."},"content":{"rendered":"\n<figure class=\"wp-block-image size-full\"><img loading=\"lazy\" decoding=\"async\" width=\"582\" height=\"353\" src=\"http:\/\/armstrongyregion.com.ar\/diario\/wp-content\/uploads\/2025\/03\/RODRIGUEZ.jpg\" alt=\"\" class=\"wp-image-45634\" srcset=\"https:\/\/armstrongyregion.com.ar\/diario\/wp-content\/uploads\/2025\/03\/RODRIGUEZ.jpg 582w, https:\/\/armstrongyregion.com.ar\/diario\/wp-content\/uploads\/2025\/03\/RODRIGUEZ-300x182.jpg 300w\" sizes=\"auto, (max-width: 582px) 100vw, 582px\" \/><\/figure>\n\n\n\n<p>En un fallo hist\u00f3rico, la Corte Suprema de Justicia de la Provincia de Santa Fe declar\u00f3 procedente un recurso de inconstitucionalidad presentado por los abogados penalistas Jos\u00e9 Alberto Rodr\u00edguez (conocido por su sobrenombre \u201cPipicho\u201d) y Andr\u00e9s Rodr\u00edguez, de San Lorenzo. El caso, litigado en Ca\u00f1ada de G\u00f3mez, involucraba a Luciano Ricardo Toia, quien enfrent\u00f3 m\u00faltiples imputaciones a lo largo del proceso.<\/p>\n\n\n\n<p>Inicialmente, Toia fue acusado de&nbsp;<strong>abuso sexual con acceso carnal agravado<\/strong>, delito por el cual se dispuso su prisi\u00f3n preventiva el 8 de mayo de 2021. Tras el juicio oral, fue&nbsp;<em>absuelto<\/em>&nbsp;de esta acusaci\u00f3n en julio de 2023. Posteriormente, se le imputaron dos hechos de&nbsp;<strong><em>amenazas simples<\/em>&nbsp;y&nbsp;<em>desobediencia judicial reiterada<\/em>.&nbsp;<\/strong>En primera instancia, fue condenado a un a\u00f1o de prisi\u00f3n de ejecuci\u00f3n condicional por estos delitos, pero la&nbsp;<strong>C\u00e1mara de Apelaci\u00f3n modific\u00f3 la sentencia en marzo de 2024, absolvi\u00e9ndolo de las amenazas y confirmando \u00fanicamente la condena por desobediencia judicial, reduciendo la pena a seis meses de prisi\u00f3n condicional.<\/strong><\/p>\n\n\n\n<p>Toia estuvo privado de su libertad durante varios meses, desde el 29 de agosto de 2022 hasta su liberaci\u00f3n tras la sentencia de primera instancia en julio de 2023.&nbsp;<strong>Sin embargo, la Corte Suprema resolvi\u00f3 anular la sentencia impugnada al considerar que la condena por desobediencia judicial se bas\u00f3 en inferencias y no en pruebas concretas, violando el principio de \u201cin dubio pro reo\u201d.<\/strong><\/p>\n\n\n\n<p>En su voto en disidencia, el camarista Beltramone no solo coincidi\u00f3 con la absoluci\u00f3n del delito de desobediencia, sino que tambi\u00e9n critic\u00f3 duramente los excesos en la aplicaci\u00f3n de la prisi\u00f3n preventiva. Destac\u00f3 que Toia estuvo detenido durante\u00a0<em>16 meses<\/em>\u00a0por una investigaci\u00f3n que consider\u00f3 \u201cprecipitada y con pruebas endebles\u201d. Beltramone cuestion\u00f3 la legitimidad de imponer una pena condicional a alguien que ya hab\u00eda sufrido una prolongada privaci\u00f3n de libertad.<\/p>\n\n\n\n<p>Los Dres. Rodr\u00edguez, representantes de Toia, destacaron que este caso \u201c<strong>refleja los excesos en el uso de la prisi\u00f3n preventiva y la importancia de garantizar que las decisiones judiciales se basen en pruebas concretas y no en suposiciones\u201d. Agregaron que \u201cel fallo no solo es un triunfo para la defensa, sino tambi\u00e9n una reflexi\u00f3n necesaria sobre c\u00f3mo el sistema judicial debe equilibrar el poder del Estado con los derechos fundamentales de las personas\u201d.<\/strong><\/p>\n\n\n\n<p>Los letrados agregaron que , \u201ca todas luces, Toia era inocente de las graves acusaciones que se le imputaron. La investigaci\u00f3n estuvo plagada de irregularidades y falta de pruebas contundentes, lo que llev\u00f3 a una persecuci\u00f3n injusta y a una privaci\u00f3n de libertad desproporcionada. Este fallo reivindica no solo a nuestro cliente, sino tambi\u00e9n los principios de justicia y equidad que deben guiar al sistema judicial\u201d.<\/p>\n\n\n\n<p>Actualmente, Toia se encuentra \u201cinjustamente privado de ver a sus hijos, una situaci\u00f3n que ha generado un profundo dolor tanto para \u00e9l como para su familia\u201d, advirtieron los abogados. En el \u00e1mbito de familia, trabajan los Dres. Jorgelina Alejandra Rodr\u00edguez,&nbsp;<em>Jos\u00e9 Fernando Rodr\u00edguez<\/em>&nbsp;y la&nbsp;<em>Dra. Laura Cosenza<\/em>, quienes forman parte del equipo legal que busca revertir esta situaci\u00f3n. Los abogados afirmaron que \u201charemos todo lo posible para restablecer el v\u00ednculo familiar y garantizar que se respeten los derechos de nuestro cliente como padre. Este caso no solo es una lucha por la justicia penal, sino tambi\u00e9n por la restituci\u00f3n de los lazos familiares que han sido injustamente afectados\u201d.<\/p>\n\n\n\n<p>Este fallo, emitido el 6 de marzo de 2025, marca un hito para el foro local de San Lorenzo, ya que, seg\u00fan los registros disponibles, es la primera vez que la Corte Suprema provincial hace lugar a un recurso de esta naturaleza presentado por abogados de la ciudad. El fallo refuerza la importancia del debido proceso y la garant\u00eda de defensa en juicio. La causa fue remitida para un nuevo pronunciamiento, consolidando un resultado que, tras a\u00f1os de proceso y m\u00faltiples imputaciones, termin\u00f3 beneficiando al justiciable.<\/p>\n\n\n\n<p><a href=\"https:\/\/pregon.me\/author\/anabela\/\">Anabela Tramontini<\/a>\/\/ La Voz de San Lorenzo.<\/p>\n","protected":false},"excerpt":{"rendered":"<p>La Corte Suprema de Santa Fe hace lugar a un recurso de inconstitucionalidad en un caso sin precedentes para la ciudad de San Lorenzo.<\/p>\n","protected":false},"author":1,"featured_media":45634,"comment_status":"open","ping_status":"open","sticky":false,"template":"","format":"image","meta":{"_jetpack_memberships_contains_paid_content":false,"footnotes":"","jetpack_publicize_message":"","jetpack_publicize_feature_enabled":true,"jetpack_social_post_already_shared":true,"jetpack_social_options":{"image_generator_settings":{"template":"highway","default_image_id":0,"enabled":false},"version":2}},"categories":[6,8,1,2,7,3],"tags":[4110,19,5030,11532,11531,3381,11481],"class_list":["post-45633","post","type-post","status-publish","format-image","has-post-thumbnail","hentry","category-cultura-entretenimiento","category-deliberando","category-diario-armstrong","category-locales","category-politica","category-region","tag-corte","tag-de","tag-diario-armstrong","tag-estudio-juridico","tag-san-loreno","tag-santa-fe","tag-suprema","post_format-post-format-image"],"jetpack_publicize_connections":[],"jetpack_featured_media_url":"https:\/\/armstrongyregion.com.ar\/diario\/wp-content\/uploads\/2025\/03\/RODRIGUEZ.jpg","jetpack_shortlink":"https:\/\/wp.me\/p62QDO-bS1","jetpack_sharing_enabled":true,"amp_enabled":true,"_links":{"self":[{"href":"https:\/\/armstrongyregion.com.ar\/diario\/wp-json\/wp\/v2\/posts\/45633","targetHints":{"allow":["GET"]}}],"collection":[{"href":"https:\/\/armstrongyregion.com.ar\/diario\/wp-json\/wp\/v2\/posts"}],"about":[{"href":"https:\/\/armstrongyregion.com.ar\/diario\/wp-json\/wp\/v2\/types\/post"}],"author":[{"embeddable":true,"href":"https:\/\/armstrongyregion.com.ar\/diario\/wp-json\/wp\/v2\/users\/1"}],"replies":[{"embeddable":true,"href":"https:\/\/armstrongyregion.com.ar\/diario\/wp-json\/wp\/v2\/comments?post=45633"}],"version-history":[{"count":1,"href":"https:\/\/armstrongyregion.com.ar\/diario\/wp-json\/wp\/v2\/posts\/45633\/revisions"}],"predecessor-version":[{"id":45635,"href":"https:\/\/armstrongyregion.com.ar\/diario\/wp-json\/wp\/v2\/posts\/45633\/revisions\/45635"}],"wp:featuredmedia":[{"embeddable":true,"href":"https:\/\/armstrongyregion.com.ar\/diario\/wp-json\/wp\/v2\/media\/45634"}],"wp:attachment":[{"href":"https:\/\/armstrongyregion.com.ar\/diario\/wp-json\/wp\/v2\/media?parent=45633"}],"wp:term":[{"taxonomy":"category","embeddable":true,"href":"https:\/\/armstrongyregion.com.ar\/diario\/wp-json\/wp\/v2\/categories?post=45633"},{"taxonomy":"post_tag","embeddable":true,"href":"https:\/\/armstrongyregion.com.ar\/diario\/wp-json\/wp\/v2\/tags?post=45633"}],"curies":[{"name":"wp","href":"https:\/\/api.w.org\/{rel}","templated":true}]}}