{"id":45628,"date":"2025-03-13T02:25:02","date_gmt":"2025-03-13T02:25:02","guid":{"rendered":"https:\/\/armstrongyregion.com.ar\/diario\/?p=45628"},"modified":"2025-03-13T02:25:04","modified_gmt":"2025-03-13T02:25:04","slug":"carla-revigliono-destaca-el-mensaje-del-intendente-y-la-importancia-de-la-reforma-constitucional","status":"publish","type":"post","link":"https:\/\/armstrongyregion.com.ar\/diario\/carla-revigliono-destaca-el-mensaje-del-intendente-y-la-importancia-de-la-reforma-constitucional\/","title":{"rendered":"Carla Revigliono destaca el mensaje del intendente y la importancia de la reforma constitucional."},"content":{"rendered":"\n<figure class=\"wp-block-image size-large\"><img loading=\"lazy\" decoding=\"async\" width=\"522\" height=\"480\" src=\"http:\/\/armstrongyregion.com.ar\/diario\/wp-content\/uploads\/2025\/03\/CARLA-REVIGLIONO-25-522x480.jpg\" alt=\"\" class=\"wp-image-45629\" srcset=\"https:\/\/armstrongyregion.com.ar\/diario\/wp-content\/uploads\/2025\/03\/CARLA-REVIGLIONO-25-522x480.jpg 522w, https:\/\/armstrongyregion.com.ar\/diario\/wp-content\/uploads\/2025\/03\/CARLA-REVIGLIONO-25-300x276.jpg 300w, https:\/\/armstrongyregion.com.ar\/diario\/wp-content\/uploads\/2025\/03\/CARLA-REVIGLIONO-25.jpg 645w\" sizes=\"auto, (max-width: 522px) 100vw, 522px\" \/><\/figure>\n\n\n\n<p>La concejal Carla Revigliono, del bloque Unidos, ofreci\u00f3 sus impresiones sobre la sesi\u00f3n de apertura del Concejo Deliberante de Armstrong, calificando el mensaje del intendente como \u00abmuy amplio\u00bb, destacando la claridad con la que se presentaron los logros del a\u00f1o anterior y los objetivos para 2025.<\/p>\n\n\n\n<p><strong> La concejal enfatiz\u00f3 la importancia de continuar trabajando en conjunto con los vecinos, escuchando sus necesidades y buscando soluciones a trav\u00e9s de proyectos concretos. La edila hizo hincapi\u00e9 en el contexto hist\u00f3rico de este a\u00f1o, marcado por la reforma constitucional provincial. Celebr\u00f3 la candidatura del senador Pablo Verdecchia para encabezar este proceso, considerando la reforma como un hecho de trascendencia hist\u00f3rica que beneficiar\u00e1 a todos los santafesinos. <\/strong><\/p>\n\n\n\n<p>Expres\u00f3 su confianza en que la reforma se llevar\u00e1 adelante, atendiendo las necesidades de la provincia. En cuanto a la labor del Concejo Deliberante, afirm\u00f3 que continuar\u00e1n trabajando en equipo, escuchando a la comunidad y respondiendo a las necesidades de los vecinos. <strong>Reiter\u00f3 el compromiso del bloque Unidos de seguir trabajando por el bienestar de nuestra ciudad.<\/strong><\/p>\n","protected":false},"excerpt":{"rendered":"<p>Carla Revigliono destaca el mensaje del intendente y la importancia de la reforma constitucional.<\/p>\n","protected":false},"author":1,"featured_media":45629,"comment_status":"open","ping_status":"open","sticky":false,"template":"","format":"image","meta":{"_jetpack_memberships_contains_paid_content":false,"footnotes":"","jetpack_publicize_message":"","jetpack_publicize_feature_enabled":true,"jetpack_social_post_already_shared":true,"jetpack_social_options":{"image_generator_settings":{"template":"highway","default_image_id":0,"enabled":false},"version":2}},"categories":[8,1,2,7,3],"tags":[9425,19,2112,5030,11530,8777,11007],"class_list":["post-45628","post","type-post","status-publish","format-image","has-post-thumbnail","hentry","category-deliberando","category-diario-armstrong","category-locales","category-politica","category-region","tag-carla-revigliono","tag-de","tag-destaca","tag-diario-armstrong","tag-la-importancia","tag-lic-graciela-de-la-casa","tag-reforma-constitucional","post_format-post-format-image"],"jetpack_publicize_connections":[],"jetpack_featured_media_url":"https:\/\/armstrongyregion.com.ar\/diario\/wp-content\/uploads\/2025\/03\/CARLA-REVIGLIONO-25.jpg","jetpack_shortlink":"https:\/\/wp.me\/p62QDO-bRW","jetpack_sharing_enabled":true,"amp_enabled":true,"_links":{"self":[{"href":"https:\/\/armstrongyregion.com.ar\/diario\/wp-json\/wp\/v2\/posts\/45628","targetHints":{"allow":["GET"]}}],"collection":[{"href":"https:\/\/armstrongyregion.com.ar\/diario\/wp-json\/wp\/v2\/posts"}],"about":[{"href":"https:\/\/armstrongyregion.com.ar\/diario\/wp-json\/wp\/v2\/types\/post"}],"author":[{"embeddable":true,"href":"https:\/\/armstrongyregion.com.ar\/diario\/wp-json\/wp\/v2\/users\/1"}],"replies":[{"embeddable":true,"href":"https:\/\/armstrongyregion.com.ar\/diario\/wp-json\/wp\/v2\/comments?post=45628"}],"version-history":[{"count":1,"href":"https:\/\/armstrongyregion.com.ar\/diario\/wp-json\/wp\/v2\/posts\/45628\/revisions"}],"predecessor-version":[{"id":45630,"href":"https:\/\/armstrongyregion.com.ar\/diario\/wp-json\/wp\/v2\/posts\/45628\/revisions\/45630"}],"wp:featuredmedia":[{"embeddable":true,"href":"https:\/\/armstrongyregion.com.ar\/diario\/wp-json\/wp\/v2\/media\/45629"}],"wp:attachment":[{"href":"https:\/\/armstrongyregion.com.ar\/diario\/wp-json\/wp\/v2\/media?parent=45628"}],"wp:term":[{"taxonomy":"category","embeddable":true,"href":"https:\/\/armstrongyregion.com.ar\/diario\/wp-json\/wp\/v2\/categories?post=45628"},{"taxonomy":"post_tag","embeddable":true,"href":"https:\/\/armstrongyregion.com.ar\/diario\/wp-json\/wp\/v2\/tags?post=45628"}],"curies":[{"name":"wp","href":"https:\/\/api.w.org\/{rel}","templated":true}]}}