{"id":45623,"date":"2025-03-13T01:28:08","date_gmt":"2025-03-13T01:28:08","guid":{"rendered":"https:\/\/armstrongyregion.com.ar\/diario\/?p=45623"},"modified":"2025-03-13T01:28:10","modified_gmt":"2025-03-13T01:28:10","slug":"un-ano-legislativo-prometedor-con-foco-en-obras-y-reforma-constitucional","status":"publish","type":"post","link":"https:\/\/armstrongyregion.com.ar\/diario\/un-ano-legislativo-prometedor-con-foco-en-obras-y-reforma-constitucional\/","title":{"rendered":"Un a\u00f1o legislativo prometedor con foco en obras y reforma constitucional."},"content":{"rendered":"\n<figure class=\"wp-block-image size-full\"><img loading=\"lazy\" decoding=\"async\" width=\"378\" height=\"504\" src=\"http:\/\/armstrongyregion.com.ar\/diario\/wp-content\/uploads\/2024\/05\/NOELIA-GARCIA-4-5-24-.jpg\" alt=\"\" class=\"wp-image-42679\" srcset=\"https:\/\/armstrongyregion.com.ar\/diario\/wp-content\/uploads\/2024\/05\/NOELIA-GARCIA-4-5-24-.jpg 378w, https:\/\/armstrongyregion.com.ar\/diario\/wp-content\/uploads\/2024\/05\/NOELIA-GARCIA-4-5-24--225x300.jpg 225w\" sizes=\"auto, (max-width: 378px) 100vw, 378px\" \/><\/figure>\n\n\n\n<p><strong>La concejal Noelia Garc\u00eda, del bloque Unidos, se mostr\u00f3 optimista tras la apertura de sesiones del Concejo Deliberante de Armstrong.<\/strong><\/p>\n\n\n\n<p><strong> El mensaje del intendente, seg\u00fan Garc\u00eda, reflej\u00f3 la fortaleza de la ciudad y la planificaci\u00f3n para el 2025, destacando la implementaci\u00f3n de cloacas en la zona sur como un logro significativo que pone fin a una deuda hist\u00f3rica con los ciudadanos.<\/strong><\/p>\n\n\n\n<p> La concejala resalt\u00f3 la importancia del a\u00f1o electoral, con la renovaci\u00f3n de tres bancas en el Concejo y la reforma constitucional provincial en abril. Expres\u00f3 el apoyo del bloque Unidos al gobernador Maximiliano Pullaro y al senador Pablo Verdecchia en este proceso de reforma, destacando el compromiso con la transparencia y la rendici\u00f3n de cuentas. <\/p>\n\n\n\n<p>La edila anticip\u00f3 un a\u00f1o legislativo intenso, con la planificaci\u00f3n de proyectos hasta junio, y se refiri\u00f3 a la presentaci\u00f3n de m\u00faltiples listas electorales como una muestra de la vitalidad democr\u00e1tica de Armstrong. <strong>Garc\u00eda espera una campa\u00f1a electoral responsable y adulta, enfocada en propuestas y alejada de las chicanas pol\u00edticas.<\/strong><\/p>\n\n\n\n<p><strong> La apertura de sesiones en Armstrong marca el inicio de un a\u00f1o legislativo crucial, con la reforma constitucional y las elecciones locales como ejes principales. El bloque Unidos se muestra preparado para afrontar estos desaf\u00edos con un plan de trabajo ambicioso y un compromiso con la transparencia.<\/strong><\/p>\n","protected":false},"excerpt":{"rendered":"<p>Un a\u00f1o legislativo prometedor con foco en obras y reforma constitucional.<\/p>\n","protected":false},"author":1,"featured_media":45598,"comment_status":"open","ping_status":"open","sticky":false,"template":"","format":"image","meta":{"_jetpack_memberships_contains_paid_content":false,"footnotes":"","jetpack_publicize_message":"","jetpack_publicize_feature_enabled":true,"jetpack_social_post_already_shared":true,"jetpack_social_options":{"image_generator_settings":{"template":"highway","default_image_id":0,"enabled":false},"version":2}},"categories":[8,1,2,7,3],"tags":[154,100,11526,5030,15,11525,1118,10108,10544,635,11524,4080],"class_list":["post-45623","post","type-post","status-publish","format-image","has-post-thumbnail","hentry","category-deliberando","category-diario-armstrong","category-locales","category-politica","category-region","tag-ano","tag-con","tag-constitucional","tag-diario-armstrong","tag-en","tag-foco","tag-legislativo","tag-lic-graciela-de-la-casa-3","tag-noelia-garcia","tag-obra","tag-prometedor","tag-reforma","post_format-post-format-image"],"jetpack_publicize_connections":[],"jetpack_featured_media_url":"https:\/\/armstrongyregion.com.ar\/diario\/wp-content\/uploads\/2025\/03\/CONCEJO-APERTURA-25.jpg","jetpack_shortlink":"https:\/\/wp.me\/p62QDO-bRR","jetpack_sharing_enabled":true,"amp_enabled":true,"_links":{"self":[{"href":"https:\/\/armstrongyregion.com.ar\/diario\/wp-json\/wp\/v2\/posts\/45623","targetHints":{"allow":["GET"]}}],"collection":[{"href":"https:\/\/armstrongyregion.com.ar\/diario\/wp-json\/wp\/v2\/posts"}],"about":[{"href":"https:\/\/armstrongyregion.com.ar\/diario\/wp-json\/wp\/v2\/types\/post"}],"author":[{"embeddable":true,"href":"https:\/\/armstrongyregion.com.ar\/diario\/wp-json\/wp\/v2\/users\/1"}],"replies":[{"embeddable":true,"href":"https:\/\/armstrongyregion.com.ar\/diario\/wp-json\/wp\/v2\/comments?post=45623"}],"version-history":[{"count":1,"href":"https:\/\/armstrongyregion.com.ar\/diario\/wp-json\/wp\/v2\/posts\/45623\/revisions"}],"predecessor-version":[{"id":45624,"href":"https:\/\/armstrongyregion.com.ar\/diario\/wp-json\/wp\/v2\/posts\/45623\/revisions\/45624"}],"wp:featuredmedia":[{"embeddable":true,"href":"https:\/\/armstrongyregion.com.ar\/diario\/wp-json\/wp\/v2\/media\/45598"}],"wp:attachment":[{"href":"https:\/\/armstrongyregion.com.ar\/diario\/wp-json\/wp\/v2\/media?parent=45623"}],"wp:term":[{"taxonomy":"category","embeddable":true,"href":"https:\/\/armstrongyregion.com.ar\/diario\/wp-json\/wp\/v2\/categories?post=45623"},{"taxonomy":"post_tag","embeddable":true,"href":"https:\/\/armstrongyregion.com.ar\/diario\/wp-json\/wp\/v2\/tags?post=45623"}],"curies":[{"name":"wp","href":"https:\/\/api.w.org\/{rel}","templated":true}]}}