{"id":45603,"date":"2025-03-12T16:55:22","date_gmt":"2025-03-12T16:55:22","guid":{"rendered":"https:\/\/armstrongyregion.com.ar\/diario\/?p=45603"},"modified":"2025-03-12T17:25:19","modified_gmt":"2025-03-12T17:25:19","slug":"el-senador-verdecchia-destaca-la-gestion-municipal-de-armstrong-en-la-apertura-de-sesiones-del-concejo-deliberante","status":"publish","type":"post","link":"https:\/\/armstrongyregion.com.ar\/diario\/el-senador-verdecchia-destaca-la-gestion-municipal-de-armstrong-en-la-apertura-de-sesiones-del-concejo-deliberante\/","title":{"rendered":"El Senador Verdecchia destaca la gesti\u00f3n municipal de Armstrong en la apertura de sesiones del Concejo Deliberante."},"content":{"rendered":"\n<p><\/p>\n\n\n\n<figure class=\"wp-block-image size-large\"><img loading=\"lazy\" decoding=\"async\" width=\"640\" height=\"427\" src=\"http:\/\/armstrongyregion.com.ar\/diario\/wp-content\/uploads\/2025\/03\/Dr.-Pablo-Verdecchia-Senador--640x427.jpg\" alt=\"\" class=\"wp-image-45606\" srcset=\"https:\/\/armstrongyregion.com.ar\/diario\/wp-content\/uploads\/2025\/03\/Dr.-Pablo-Verdecchia-Senador--640x427.jpg 640w, https:\/\/armstrongyregion.com.ar\/diario\/wp-content\/uploads\/2025\/03\/Dr.-Pablo-Verdecchia-Senador--300x200.jpg 300w, https:\/\/armstrongyregion.com.ar\/diario\/wp-content\/uploads\/2025\/03\/Dr.-Pablo-Verdecchia-Senador--768x512.jpg 768w, https:\/\/armstrongyregion.com.ar\/diario\/wp-content\/uploads\/2025\/03\/Dr.-Pablo-Verdecchia-Senador-.jpg 1040w\" sizes=\"auto, (max-width: 640px) 100vw, 640px\" \/><\/figure>\n\n\n\n<p> El senador Dr. Pablo Verdecchia, en declaraciones posteriores, a la sesi\u00f3n inaugural del concejo deliberante,  elogi\u00f3 la gesti\u00f3n municipal y destac\u00f3 la colaboraci\u00f3n entre los gobiernos local y provincial.<\/p>\n\n\n\n<figure class=\"wp-block-image size-large\"><img loading=\"lazy\" decoding=\"async\" width=\"640\" height=\"480\" src=\"http:\/\/armstrongyregion.com.ar\/diario\/wp-content\/uploads\/2025\/03\/senador-Verdecchia-1-640x480.jpg\" alt=\"\" class=\"wp-image-45607\" srcset=\"https:\/\/armstrongyregion.com.ar\/diario\/wp-content\/uploads\/2025\/03\/senador-Verdecchia-1-640x480.jpg 640w, https:\/\/armstrongyregion.com.ar\/diario\/wp-content\/uploads\/2025\/03\/senador-Verdecchia-1-300x225.jpg 300w, https:\/\/armstrongyregion.com.ar\/diario\/wp-content\/uploads\/2025\/03\/senador-Verdecchia-1.jpg 714w\" sizes=\"auto, (max-width: 640px) 100vw, 640px\" \/><\/figure>\n\n\n\n<p><strong>Verdecchia resalt\u00f3 el discurso del intendente Guillermo Luzzi, calific\u00e1ndolo de \u00abexcelente\u00bb y manifestando su orgullo por la capacidad de trabajo y proyecci\u00f3n del municipio. El senador hizo hincapi\u00e9 en el trabajo realizado durante 2024, destacando la ejecuci\u00f3n de obras p\u00fablicas y la planificaci\u00f3n para 2025. Se\u00f1al\u00f3 la importancia de la colaboraci\u00f3n entre los diferentes niveles de gobierno en la gesti\u00f3n de proyectos. <\/strong>El legislador mencion\u00f3 la realizaci\u00f3n de licitaciones para obras p\u00fablicas, incluyendo la de cloacas, prevista para la \u00faltima semana de abril. <\/p>\n\n\n\n<p><strong>Verdecchia destac\u00f3 la importancia de cumplir con los compromisos asumidos, contrastando con experiencias previas donde convenios con el gobierno nacional quedaron inconclusos. Enfatiz\u00f3 la necesidad de transparencia y credibilidad en la gesti\u00f3n p\u00fablica. En relaci\u00f3n a la gesti\u00f3n provincial, Verdecchia elogi\u00f3 la forma de trabajar del gobernador Maximiliano Pullaro, destacando el orden administrativo, la eficiente administraci\u00f3n de fondos y la planificaci\u00f3n a largo plazo para el desarrollo de la ciudad. <\/strong><\/p>\n\n\n\n<p>Tambi\u00e9n se\u00f1al\u00f3 la continuidad de pol\u00edticas urbanas implementadas en el pasado, con foco en la educaci\u00f3n, la producci\u00f3n, la seguridad y la obra p\u00fablica.<\/p>\n\n\n\n<p> El senador expres\u00f3 su satisfacci\u00f3n por el trabajo conjunto realizado durante el a\u00f1o, <strong>resaltando la diferencia con gestiones anteriores donde la falta de acompa\u00f1amiento provincial obstaculiz\u00f3 el desarrollo de obras p\u00fablicas.<\/strong> Destac\u00f3 la colaboraci\u00f3n con otras localidades, trabajando en conjunto en proyectos de desarrollo. <\/p>\n\n\n\n<p><strong>En cuanto a la ausencia de oposici\u00f3n en la pr\u00f3xima elecci\u00f3n de intendente, Verdecchia lament\u00f3 la situaci\u00f3n, afirmando que la democracia se fortalece con la participaci\u00f3n de diferentes fuerzas pol\u00edticas. Si bien reconoci\u00f3 que la continuidad de un trabajo exitoso podr\u00eda ser un factor, enfatiz\u00f3 la importancia de la competencia electoral para impulsar mejoras en la gesti\u00f3n. <\/strong><\/p>\n\n\n\n<p>Verdecchia reiter\u00f3 su compromiso de continuar trabajando en conjunto con el municipio y la provincia para el desarrollo de nuestra ciudad. <\/p>\n\n\n\n<p><strong>La apertura de sesiones del Concejo Deliberante de Armstrong sirvi\u00f3 como un escenario para resaltar la colaboraci\u00f3n intergubernamental y la gesti\u00f3n municipal, con el senador Verdecchia destacando el trabajo realizado en su gesti\u00f3n como intendente y la importancia de la transparencia y la planificaci\u00f3n en la administraci\u00f3n p\u00fablica. El evento dej\u00f3 en evidencia la importancia de la colaboraci\u00f3n entre los diferentes niveles de gobierno para el desarrollo de la ciudad.<\/strong><\/p>\n\n\n\n<p> <\/p>\n","protected":false},"excerpt":{"rendered":"<p>El Senador Verdecchia destaca la gesti\u00f3n municipal de Armstrong en la apertura de sesiones del Concejo Deliberante.<\/p>\n","protected":false},"author":1,"featured_media":45604,"comment_status":"open","ping_status":"open","sticky":false,"template":"","format":"image","meta":{"_jetpack_memberships_contains_paid_content":false,"footnotes":"","jetpack_publicize_message":"","jetpack_publicize_feature_enabled":true,"jetpack_social_post_already_shared":true,"jetpack_social_options":{"image_generator_settings":{"template":"highway","default_image_id":0,"enabled":false},"version":2}},"categories":[8,1,2,7,3],"tags":[58,5030,8777,1256,238,1022,205],"class_list":["post-45603","post","type-post","status-publish","format-image","has-post-thumbnail","hentry","category-deliberando","category-diario-armstrong","category-locales","category-politica","category-region","tag-apertura","tag-diario-armstrong","tag-lic-graciela-de-la-casa","tag-ordinarias","tag-senador","tag-sesiones","tag-verdecchia","post_format-post-format-image"],"jetpack_publicize_connections":[],"jetpack_featured_media_url":"https:\/\/armstrongyregion.com.ar\/diario\/wp-content\/uploads\/2025\/03\/senador-Verdecchia.jpg","jetpack_shortlink":"https:\/\/wp.me\/p62QDO-bRx","jetpack_sharing_enabled":true,"amp_enabled":true,"_links":{"self":[{"href":"https:\/\/armstrongyregion.com.ar\/diario\/wp-json\/wp\/v2\/posts\/45603","targetHints":{"allow":["GET"]}}],"collection":[{"href":"https:\/\/armstrongyregion.com.ar\/diario\/wp-json\/wp\/v2\/posts"}],"about":[{"href":"https:\/\/armstrongyregion.com.ar\/diario\/wp-json\/wp\/v2\/types\/post"}],"author":[{"embeddable":true,"href":"https:\/\/armstrongyregion.com.ar\/diario\/wp-json\/wp\/v2\/users\/1"}],"replies":[{"embeddable":true,"href":"https:\/\/armstrongyregion.com.ar\/diario\/wp-json\/wp\/v2\/comments?post=45603"}],"version-history":[{"count":2,"href":"https:\/\/armstrongyregion.com.ar\/diario\/wp-json\/wp\/v2\/posts\/45603\/revisions"}],"predecessor-version":[{"id":45609,"href":"https:\/\/armstrongyregion.com.ar\/diario\/wp-json\/wp\/v2\/posts\/45603\/revisions\/45609"}],"wp:featuredmedia":[{"embeddable":true,"href":"https:\/\/armstrongyregion.com.ar\/diario\/wp-json\/wp\/v2\/media\/45604"}],"wp:attachment":[{"href":"https:\/\/armstrongyregion.com.ar\/diario\/wp-json\/wp\/v2\/media?parent=45603"}],"wp:term":[{"taxonomy":"category","embeddable":true,"href":"https:\/\/armstrongyregion.com.ar\/diario\/wp-json\/wp\/v2\/categories?post=45603"},{"taxonomy":"post_tag","embeddable":true,"href":"https:\/\/armstrongyregion.com.ar\/diario\/wp-json\/wp\/v2\/tags?post=45603"}],"curies":[{"name":"wp","href":"https:\/\/api.w.org\/{rel}","templated":true}]}}