{"id":45600,"date":"2025-03-12T12:55:41","date_gmt":"2025-03-12T12:55:41","guid":{"rendered":"https:\/\/armstrongyregion.com.ar\/diario\/?p=45600"},"modified":"2025-03-12T12:55:43","modified_gmt":"2025-03-12T12:55:43","slug":"el-ano-electoral-que-se-avecina-debe-ser-una-oportunidad-para-fortalecer-la-democracia-y-el-desarrollo-de-armstrong","status":"publish","type":"post","link":"https:\/\/armstrongyregion.com.ar\/diario\/el-ano-electoral-que-se-avecina-debe-ser-una-oportunidad-para-fortalecer-la-democracia-y-el-desarrollo-de-armstrong\/","title":{"rendered":"\u00abEl a\u00f1o electoral que se avecina debe ser una oportunidad para fortalecer la democracia y el desarrollo de Armstrong\u00bb."},"content":{"rendered":"\n<figure class=\"wp-block-image size-full\"><img loading=\"lazy\" decoding=\"async\" width=\"471\" height=\"375\" src=\"http:\/\/armstrongyregion.com.ar\/diario\/wp-content\/uploads\/2023\/04\/Ale-Pertu-04-23-.jpg\" alt=\"\" class=\"wp-image-38132\" srcset=\"https:\/\/armstrongyregion.com.ar\/diario\/wp-content\/uploads\/2023\/04\/Ale-Pertu-04-23-.jpg 471w, https:\/\/armstrongyregion.com.ar\/diario\/wp-content\/uploads\/2023\/04\/Ale-Pertu-04-23--300x239.jpg 300w\" sizes=\"auto, (max-width: 471px) 100vw, 471px\" \/><\/figure>\n\n\n\n<p><strong>El presidente del Concejo Deliberante de Armstrong, profesor Alejandro Pertusati, ofreci\u00f3 sus impresiones tras el discurso del intendente Guillermo Luzzi en la apertura de sesiones ordinarias. <\/strong><\/p>\n\n\n\n<figure class=\"wp-block-image size-large\"><img loading=\"lazy\" decoding=\"async\" width=\"621\" height=\"480\" src=\"http:\/\/armstrongyregion.com.ar\/diario\/wp-content\/uploads\/2025\/03\/PERTU-SESION-ORDINARIA--621x480.jpg\" alt=\"\" class=\"wp-image-45601\" srcset=\"https:\/\/armstrongyregion.com.ar\/diario\/wp-content\/uploads\/2025\/03\/PERTU-SESION-ORDINARIA--621x480.jpg 621w, https:\/\/armstrongyregion.com.ar\/diario\/wp-content\/uploads\/2025\/03\/PERTU-SESION-ORDINARIA--300x232.jpg 300w, https:\/\/armstrongyregion.com.ar\/diario\/wp-content\/uploads\/2025\/03\/PERTU-SESION-ORDINARIA-.jpg 640w\" sizes=\"auto, (max-width: 621px) 100vw, 621px\" \/><\/figure>\n\n\n\n<p>El Pte. del Concejo, destac\u00f3 la amplitud del discurso, que abord\u00f3 temas cruciales para la ciudad. La reforma constitucional provincial fue un punto central en las reflexiones de Pertusati. Consider\u00f3 la reforma como \u00abhist\u00f3rica\u00bb, destacando la necesidad de cambios fundamentales como la modificaci\u00f3n del calendario electoral, la eliminaci\u00f3n de fueros para legisladores y la finalizaci\u00f3n de la reelecci\u00f3n indefinida. Estos puntos, seg\u00fan el presidente del poder legislativo, son claves para la transparencia y el fortalecimiento de la democracia. Tambi\u00e9n hizo hincapi\u00e9 en la importancia de la autonom\u00eda municipal para el desarrollo de las ciudades de la provincia. <\/p>\n\n\n\n<p>El profesor celebr\u00f3 el anuncio de una nueva etapa del proyecto de cloacas, consider\u00e1ndolo una obra \u00abhist\u00f3rica\u00bb que mejorar\u00e1 significativamente la calidad de vida de los vecinos, especialmente en el sur de la ciudad. Se espera que el proyecto sea aprobado en una sesi\u00f3n extraordinaria del concejo.<\/p>\n\n\n\n<p> <strong>El a\u00f1o 2025 se presenta como un a\u00f1o electoral, con renovaci\u00f3n de tres bancas en el concejo. Pertusati expres\u00f3 su deseo de que la campa\u00f1a electoral sea una contienda de ideas y proyectos, apelando a la responsabilidad de todos los actores pol\u00edticos. Critic\u00f3 las pr\u00e1cticas de algunos sectores de la oposici\u00f3n que se dedican a la descalificaci\u00f3n y la confrontaci\u00f3n, en lugar de centrarse en propuestas concretas para la ciudad.<\/strong><\/p>\n\n\n\n<p> El presidente del concejo destac\u00f3 el trabajo en equipo entre el gobierno provincial, el senador departamental, la intendencia y el bloque de concejales. Consider\u00f3 que este trabajo conjunto es fundamental para el crecimiento de Armstrong. La gesti\u00f3n municipal, seg\u00fan el edil, se caracteriza por la eficiencia y la transparencia, elementos clave para lograr el desarrollo de la ciudad. El a\u00f1o electoral que se avecina debe ser una oportunidad para fortalecer la democracia y el desarrollo de Armstrong.<\/p>\n","protected":false},"excerpt":{"rendered":"<p>\u00abEl a\u00f1o electoral que se avecina debe ser una oportunidad para fortalecer la democracia y el desarrollo de Armstrong\u00bb.<\/p>\n","protected":false},"author":1,"featured_media":45601,"comment_status":"open","ping_status":"open","sticky":false,"template":"","format":"image","meta":{"_jetpack_memberships_contains_paid_content":false,"footnotes":"","jetpack_publicize_message":"","jetpack_publicize_feature_enabled":true,"jetpack_social_post_already_shared":true,"jetpack_social_options":{"image_generator_settings":{"template":"highway","default_image_id":0,"enabled":false},"version":2}},"categories":[8,1,2,7,3],"tags":[11518,20,3515,5030,4229,8777,6961],"class_list":["post-45600","post","type-post","status-publish","format-image","has-post-thumbnail","hentry","category-deliberando","category-diario-armstrong","category-locales","category-politica","category-region","tag-ano-electoral","tag-armstrong","tag-democracia","tag-diario-armstrong","tag-fortalecer","tag-lic-graciela-de-la-casa","tag-pertusati","post_format-post-format-image"],"jetpack_publicize_connections":[],"jetpack_featured_media_url":"https:\/\/armstrongyregion.com.ar\/diario\/wp-content\/uploads\/2025\/03\/PERTU-SESION-ORDINARIA-.jpg","jetpack_shortlink":"https:\/\/wp.me\/p62QDO-bRu","jetpack_sharing_enabled":true,"amp_enabled":true,"_links":{"self":[{"href":"https:\/\/armstrongyregion.com.ar\/diario\/wp-json\/wp\/v2\/posts\/45600","targetHints":{"allow":["GET"]}}],"collection":[{"href":"https:\/\/armstrongyregion.com.ar\/diario\/wp-json\/wp\/v2\/posts"}],"about":[{"href":"https:\/\/armstrongyregion.com.ar\/diario\/wp-json\/wp\/v2\/types\/post"}],"author":[{"embeddable":true,"href":"https:\/\/armstrongyregion.com.ar\/diario\/wp-json\/wp\/v2\/users\/1"}],"replies":[{"embeddable":true,"href":"https:\/\/armstrongyregion.com.ar\/diario\/wp-json\/wp\/v2\/comments?post=45600"}],"version-history":[{"count":1,"href":"https:\/\/armstrongyregion.com.ar\/diario\/wp-json\/wp\/v2\/posts\/45600\/revisions"}],"predecessor-version":[{"id":45602,"href":"https:\/\/armstrongyregion.com.ar\/diario\/wp-json\/wp\/v2\/posts\/45600\/revisions\/45602"}],"wp:featuredmedia":[{"embeddable":true,"href":"https:\/\/armstrongyregion.com.ar\/diario\/wp-json\/wp\/v2\/media\/45601"}],"wp:attachment":[{"href":"https:\/\/armstrongyregion.com.ar\/diario\/wp-json\/wp\/v2\/media?parent=45600"}],"wp:term":[{"taxonomy":"category","embeddable":true,"href":"https:\/\/armstrongyregion.com.ar\/diario\/wp-json\/wp\/v2\/categories?post=45600"},{"taxonomy":"post_tag","embeddable":true,"href":"https:\/\/armstrongyregion.com.ar\/diario\/wp-json\/wp\/v2\/tags?post=45600"}],"curies":[{"name":"wp","href":"https:\/\/api.w.org\/{rel}","templated":true}]}}