{"id":456,"date":"2015-01-15T00:18:46","date_gmt":"2015-01-15T00:18:46","guid":{"rendered":"https:\/\/armstrongyregion.com.ar\/diario\/?p=456"},"modified":"2015-01-15T00:18:46","modified_gmt":"2015-01-15T00:18:46","slug":"inolvidable-encuentro-cultural-en-el-latinoamericano-2015%e2%80%8f","status":"publish","type":"post","link":"https:\/\/armstrongyregion.com.ar\/diario\/inolvidable-encuentro-cultural-en-el-latinoamericano-2015%e2%80%8f\/","title":{"rendered":"Inolvidable encuentro cultural en El Latinoamericano 2015\u200f."},"content":{"rendered":"<p><a href=\"http:\/\/armstrongyregion.com.ar\/diario\/wp-content\/uploads\/2015\/01\/latinoamericanocorrea2015.jpg\"><img loading=\"lazy\" decoding=\"async\" class=\"alignnone size-medium wp-image-458\" src=\"http:\/\/armstrongyregion.com.ar\/diario\/wp-content\/uploads\/2015\/01\/latinoamericanocorrea2015-300x225.jpg\" alt=\"latinoamericanocorrea2015\" width=\"300\" height=\"225\" srcset=\"https:\/\/armstrongyregion.com.ar\/diario\/wp-content\/uploads\/2015\/01\/latinoamericanocorrea2015-300x225.jpg 300w, https:\/\/armstrongyregion.com.ar\/diario\/wp-content\/uploads\/2015\/01\/latinoamericanocorrea2015.jpg 400w\" sizes=\"auto, (max-width: 300px) 100vw, 300px\" \/><\/a>M\u00e1s de 2500 personas disfrutaron de las tres noches del Latinoamericano Correa 2015, el encuentro de m\u00fasica y danza que en su tercera edici\u00f3n convoc\u00f3 a delegaciones de Brasil y Paraguay, compartiendo escenario con artistas de la localidad y la regi\u00f3n. La actividad, que se llev\u00f3 a cabo en el Centro Cultural Villa \u00c1ngela, fue organizada por la Comuna de Correa a trav\u00e9s de su Concejo de Cultura y Educaci\u00f3n.<\/p>\n<p>\u201cBienvenidos un a\u00f1o m\u00e1s a este festival que tiene el objetivo de hermanar pueblos del mundo a trav\u00e9s del canto, la m\u00fasica y la danza\u201d. Con estas palabras di\u00f3 inicio al espect\u00e1culo Mariano Villarruel, uno de los coordinadores del Concejo de Cultura comunal. Las inclemencias clim\u00e1ticas alteraron el cronograma inicial y finalmente El Latinoamericano se desarroll\u00f3 en tres jornadas: viernes, domingo y lunes.<\/p>\n<p>Al igual que a\u00f1os anteriores, delegaciones latinoamericanas aportaron colorido y bailes t\u00edpicos al encuentro. En este caso, visitaron Correa los grupos Enlazarte de Paraguay y Estancia Da Serra de Brasil, que se presentaron en las tres jornadas del festival que, como ya es tradici\u00f3n, se desarroll\u00f3 con entrada libre y gratuita.<\/p>\n<p>\u201cSeguimos apostando por la cultura y la convivencia. Estos encuentros reafirman la convicci\u00f3n de que hay una enorme potencialidad en nuestro pueblo y eso nos impulsa a seguir trabajando\u201d, destac\u00f3 el presidente comunal Fabi\u00e1n Cejas en la noche del domingo, donde agradeci\u00f3 \u201cel acompa\u00f1amiento del Ministerio de Innovaci\u00f3n y Cultura del Gobierno de Santa Fe, la coordinaci\u00f3n con la Municipalidad de Carcara\u00f1a y el auspicio del Senador Hugo Rasetto\u201d, este \u00faltimo, presente en el festival.<\/p>\n<p>A lo largo de las distintas jornadas se sucedieron en el escenario grupos y solistas de Correa y la regi\u00f3n. Entre ellos, Coral Pueblo, Pe\u00f1a El Amenecer con sus ballets infantil y mayor, Compa\u00f1\u00eda Alma Argentina, Samba Paixao, Lady Styles, Nicol\u00e1s Scrinzi, Sue\u00f1os del Carcara\u00f1a, el Estudio Integral de Artes en Danza del Club A. y B. Campa\u00f1a de Carcara\u00f1a, Quiero Retruco, Rafa Ch\u00e1vez, el Taller Comunal de Baile Cl\u00e1sico, Jos\u00e9 Mar\u00eda Llona, Facundo Arcec, Iv\u00e1n Urcia, Jes\u00fas Vel\u00e1zque, Abel Cardozo y Amado Candia, Ezequiel Pregot y Lucas Dibono.<\/p>\n<p>Visitas a Villa \u00c1ngela y Feria de emprendedores: Durante El Latinoamericano los visitantes pudieron recorrer las instalaciones del Museo Regional y Archivo Hist\u00f3rico de Correa en la restaurada casona de Villa \u00c1ngela, obra de recuperaci\u00f3n patrimonial inaugurada en 2014 y realizada con aportes de la Comuna de Correa y el Gobierno de Santa Fe. Adem\u00e1s, una veintena de emprendedores y artesanos locales montaron una feria con productos de la marca local \u201cEstoy Pensado Para Vos\u201d.<\/p>\n","protected":false},"excerpt":{"rendered":"<p>M\u00e1s de 2500 personas disfrutaron de las tres noches del Latinoamericano Correa 2015, el encuentro de m\u00fasica y danza que en su tercera edici\u00f3n convoc\u00f3 a delegaciones de Brasil y Paraguay, compartiendo escenario con artistas de la localidad y la regi\u00f3n. La actividad, que se llev\u00f3 a cabo en el Centro Cultural Villa \u00c1ngela, fue <a href=\"https:\/\/armstrongyregion.com.ar\/diario\/inolvidable-encuentro-cultural-en-el-latinoamericano-2015%e2%80%8f\/\" title=\"Read more\" >&#8230;<\/a><\/p>\n","protected":false},"author":2,"featured_media":458,"comment_status":"open","ping_status":"open","sticky":false,"template":"","format":"standard","meta":{"_jetpack_memberships_contains_paid_content":false,"footnotes":"","jetpack_publicize_message":"","jetpack_publicize_feature_enabled":true,"jetpack_social_post_already_shared":false,"jetpack_social_options":{"image_generator_settings":{"template":"highway","default_image_id":0,"enabled":false},"version":2}},"categories":[6,1,3],"tags":[306,443,16,15,63,442,305],"class_list":["post-456","post","type-post","status-publish","format-standard","has-post-thumbnail","hentry","category-cultura-entretenimiento","category-diario-armstrong","category-region","tag-306","tag-cultural","tag-el","tag-en","tag-encuentro","tag-inolvidable","tag-latinoamericano"],"jetpack_publicize_connections":[],"jetpack_featured_media_url":"https:\/\/armstrongyregion.com.ar\/diario\/wp-content\/uploads\/2015\/01\/latinoamericanocorrea2015.jpg","jetpack_shortlink":"https:\/\/wp.me\/p62QDO-7m","jetpack_sharing_enabled":true,"amp_enabled":true,"_links":{"self":[{"href":"https:\/\/armstrongyregion.com.ar\/diario\/wp-json\/wp\/v2\/posts\/456","targetHints":{"allow":["GET"]}}],"collection":[{"href":"https:\/\/armstrongyregion.com.ar\/diario\/wp-json\/wp\/v2\/posts"}],"about":[{"href":"https:\/\/armstrongyregion.com.ar\/diario\/wp-json\/wp\/v2\/types\/post"}],"author":[{"embeddable":true,"href":"https:\/\/armstrongyregion.com.ar\/diario\/wp-json\/wp\/v2\/users\/2"}],"replies":[{"embeddable":true,"href":"https:\/\/armstrongyregion.com.ar\/diario\/wp-json\/wp\/v2\/comments?post=456"}],"version-history":[{"count":0,"href":"https:\/\/armstrongyregion.com.ar\/diario\/wp-json\/wp\/v2\/posts\/456\/revisions"}],"wp:featuredmedia":[{"embeddable":true,"href":"https:\/\/armstrongyregion.com.ar\/diario\/wp-json\/wp\/v2\/media\/458"}],"wp:attachment":[{"href":"https:\/\/armstrongyregion.com.ar\/diario\/wp-json\/wp\/v2\/media?parent=456"}],"wp:term":[{"taxonomy":"category","embeddable":true,"href":"https:\/\/armstrongyregion.com.ar\/diario\/wp-json\/wp\/v2\/categories?post=456"},{"taxonomy":"post_tag","embeddable":true,"href":"https:\/\/armstrongyregion.com.ar\/diario\/wp-json\/wp\/v2\/tags?post=456"}],"curies":[{"name":"wp","href":"https:\/\/api.w.org\/{rel}","templated":true}]}}