{"id":45597,"date":"2025-03-12T04:14:40","date_gmt":"2025-03-12T04:14:40","guid":{"rendered":"https:\/\/armstrongyregion.com.ar\/diario\/?p=45597"},"modified":"2025-03-12T04:14:42","modified_gmt":"2025-03-12T04:14:42","slug":"un-ano-de-obras-y-un-llamado-a-la-unidad-en-la-apertura-de-sesiones-ordinarias-en-armstrong","status":"publish","type":"post","link":"https:\/\/armstrongyregion.com.ar\/diario\/un-ano-de-obras-y-un-llamado-a-la-unidad-en-la-apertura-de-sesiones-ordinarias-en-armstrong\/","title":{"rendered":"Un A\u00f1o de Obras y un Llamado a la Unidad en la Apertura de Sesiones Ordinarias en Armstrong."},"content":{"rendered":"\n<figure class=\"wp-block-image size-large\"><img loading=\"lazy\" decoding=\"async\" width=\"640\" height=\"398\" src=\"http:\/\/armstrongyregion.com.ar\/diario\/wp-content\/uploads\/2025\/03\/CONCEJO-APERTURA-25-640x398.jpg\" alt=\"\" class=\"wp-image-45598\" srcset=\"https:\/\/armstrongyregion.com.ar\/diario\/wp-content\/uploads\/2025\/03\/CONCEJO-APERTURA-25-640x398.jpg 640w, https:\/\/armstrongyregion.com.ar\/diario\/wp-content\/uploads\/2025\/03\/CONCEJO-APERTURA-25-300x186.jpg 300w, https:\/\/armstrongyregion.com.ar\/diario\/wp-content\/uploads\/2025\/03\/CONCEJO-APERTURA-25-768x477.jpg 768w, https:\/\/armstrongyregion.com.ar\/diario\/wp-content\/uploads\/2025\/03\/CONCEJO-APERTURA-25.jpg 969w\" sizes=\"auto, (max-width: 640px) 100vw, 640px\" \/><\/figure>\n\n\n\n<p><strong>\u00a0En un a\u00f1o electoral crucial, marcado por elecciones convencionales constituyentes, el intendente Ingeniero Guillermo Luzzi, <strong>inaugur\u00f3 las Sesiones Ordinarias del Concejo Deliberante con la presencia del Senador Dr. Pablo Verdecchia, funcionarios, autoridades y vecinos.<\/strong> Donde present\u00f3 un balance positivo de la gesti\u00f3n municipal y proyect\u00f3 un ambicioso plan de obras p\u00fablicas para este 2025<\/strong>.<\/p>\n\n\n\n<p>En su discurso, cargado de optimismo, hizo un llamado a una campa\u00f1a pol\u00edtica sana, respetuosa y centrada en  propuestas marc\u00f3 el tono de la jornada. El intendente destac\u00f3 su trabajo conjunto con el gobierno provincial y el senador departamental, considerando esta colaboraci\u00f3n fundamental para el \u00e9xito de las iniciativas municipales.<\/p>\n\n\n\n<p> Se enfatiz\u00f3 la importancia de la planificaci\u00f3n estrat\u00e9gica y la ejecuci\u00f3n eficiente de los proyectos, mostrando una gesti\u00f3n transparente y comprometida con el desarrollo de la ciudad. \u00abEl a\u00f1o 2024 fue testigo de un importante despliegue de obras p\u00fablicas, con proyectos que impactaron positivamente en la calidad de vida de los ciudadanos\u00bb. Explic\u00f3 el ejecutivo.<\/p>\n\n\n\n<p>El intendente repas\u00f3 detalladamente cada una de estas obras, destacando su impacto en diferentes \u00e1reas de la ciudad&#8230;<\/p>\n\n\n\n<p><strong>\u00abPara el 2025, se proyecta una agenda a\u00fan m\u00e1s ambiciosa, con la ampliaci\u00f3n de las lagunas de estabilizaci\u00f3n como proyecto estrella. Esta obra, anunciada junto al gobernador en la Fiesta \u00abArmstrong, Tierra M\u00eda\u00bb, se espera que sea licitada en la \u00faltima semana de abril o la primera de mayo. La iniciativa comprende la ampliaci\u00f3n de las lagunas, la instalaci\u00f3n de plantas elevadoras y la construcci\u00f3n de un nuevo troncal de conexiones en el barrio sur, una obra largamente anhelada por la comunidad\u00bb<\/strong>. Dijo el Ingeniero.<\/p>\n\n\n\n<p> M\u00e1s all\u00e1 de la obra p\u00fablica, <strong>el intendente Luzzi hizo hincapi\u00e9 en otros pilares de su gesti\u00f3n. La educaci\u00f3n, la cultura, el deporte y el desarrollo social fueron mencionados como \u00e1reas prioritarias.<\/strong><\/p>\n\n\n\n<p> Se anunci\u00f3 la posibilidad de reducir la carga fiscal para empresas, industrias y comercios, una medida que busca impulsar el crecimiento econ\u00f3mico local. Este plan de reducci\u00f3n de impuestos est\u00e1 en an\u00e1lisis y se presentar\u00e1 pr\u00f3ximamente al concejo deliberante para su aprobaci\u00f3n.<\/p>\n\n\n\n<p> <strong>El a\u00f1o electoral no pas\u00f3 desapercibido. Luzzi sin competencia para la intendencia; si bien no habr\u00e1 oposici\u00f3n para la categor\u00eda de intendente, la campa\u00f1a se enfocar\u00e1 en la presentaci\u00f3n de los logros obtenidos y las proyecciones futuras para convencer a los indecisos y a quienes no lo apoyaron en el pasado. <\/strong><\/p>\n\n\n\n<p><strong>La elecci\u00f3n de convencionales constituyentes, con Pablo Verdecchia como candidato, tambi\u00e9n fue destacada, enfatizando la importancia de la reforma constitucional, particularmente la eliminaci\u00f3n de fueros para legisladores y la limitaci\u00f3n de mandatos. La gesti\u00f3n municipal se presenta como un modelo de trabajo en equipo, con una eficiente coordinaci\u00f3n entre los diferentes sectores y una estrecha colaboraci\u00f3n con el gobierno provincial. Este trabajo conjunto ha permitido el desarrollo de proyectos ambiciosos que benefician a toda la comunidad de Armstrong.<\/strong> <\/p>\n\n\n\n<p>El discurso del intendente armstronense, transmiti\u00f3 un mensaje de confianza y optimismo hacia el futuro. El enfoque en la obra p\u00fablica, la reducci\u00f3n de la carga fiscal y el llamado a una campa\u00f1a pol\u00edtica constructiva, pintan un panorama positivo para el desarrollo de nuestra ciudad en los pr\u00f3ximos a\u00f1os.<\/p>\n\n\n\n<p> <strong>La apertura de sesiones ordinarias se convirti\u00f3 en una plataforma para mostrar los logros alcanzados y proyectar un futuro prometedor para la ciudad. La gesti\u00f3n municipal se compromete a continuar trabajando en beneficio de todos los ciudadanos, con transparencia y eficiencia.<\/strong> <\/p>\n\n\n\n<p><strong>La comunidad espera con ansias la concreci\u00f3n de estos proyectos y el desarrollo de una campa\u00f1a electoral respetuosa y enriquecedora. El futuro de Armstrong se presenta con un horizonte de crecimiento y progreso, deseando que solo no sean propuestas de a\u00f1o electoral.<\/strong><\/p>\n","protected":false},"excerpt":{"rendered":"<p>Un A\u00f1o de Obras y un Llamado a la Unidad en la Apertura de Sesiones en Armstrong.<\/p>\n","protected":false},"author":1,"featured_media":45598,"comment_status":"open","ping_status":"open","sticky":false,"template":"","format":"image","meta":{"_jetpack_memberships_contains_paid_content":false,"footnotes":"","jetpack_publicize_message":"","jetpack_publicize_feature_enabled":true,"jetpack_social_post_already_shared":true,"jetpack_social_options":{"image_generator_settings":{"template":"highway","default_image_id":0,"enabled":false},"version":2}},"categories":[8,1,2,7,3],"tags":[58,868,1115,5030],"class_list":["post-45597","post","type-post","status-publish","format-image","has-post-thumbnail","hentry","category-deliberando","category-diario-armstrong","category-locales","category-politica","category-region","tag-apertura","tag-concejo","tag-deliberante","tag-diario-armstrong","post_format-post-format-image"],"jetpack_publicize_connections":[],"jetpack_featured_media_url":"https:\/\/armstrongyregion.com.ar\/diario\/wp-content\/uploads\/2025\/03\/CONCEJO-APERTURA-25.jpg","jetpack_shortlink":"https:\/\/wp.me\/p62QDO-bRr","jetpack_sharing_enabled":true,"amp_enabled":true,"_links":{"self":[{"href":"https:\/\/armstrongyregion.com.ar\/diario\/wp-json\/wp\/v2\/posts\/45597","targetHints":{"allow":["GET"]}}],"collection":[{"href":"https:\/\/armstrongyregion.com.ar\/diario\/wp-json\/wp\/v2\/posts"}],"about":[{"href":"https:\/\/armstrongyregion.com.ar\/diario\/wp-json\/wp\/v2\/types\/post"}],"author":[{"embeddable":true,"href":"https:\/\/armstrongyregion.com.ar\/diario\/wp-json\/wp\/v2\/users\/1"}],"replies":[{"embeddable":true,"href":"https:\/\/armstrongyregion.com.ar\/diario\/wp-json\/wp\/v2\/comments?post=45597"}],"version-history":[{"count":1,"href":"https:\/\/armstrongyregion.com.ar\/diario\/wp-json\/wp\/v2\/posts\/45597\/revisions"}],"predecessor-version":[{"id":45599,"href":"https:\/\/armstrongyregion.com.ar\/diario\/wp-json\/wp\/v2\/posts\/45597\/revisions\/45599"}],"wp:featuredmedia":[{"embeddable":true,"href":"https:\/\/armstrongyregion.com.ar\/diario\/wp-json\/wp\/v2\/media\/45598"}],"wp:attachment":[{"href":"https:\/\/armstrongyregion.com.ar\/diario\/wp-json\/wp\/v2\/media?parent=45597"}],"wp:term":[{"taxonomy":"category","embeddable":true,"href":"https:\/\/armstrongyregion.com.ar\/diario\/wp-json\/wp\/v2\/categories?post=45597"},{"taxonomy":"post_tag","embeddable":true,"href":"https:\/\/armstrongyregion.com.ar\/diario\/wp-json\/wp\/v2\/tags?post=45597"}],"curies":[{"name":"wp","href":"https:\/\/api.w.org\/{rel}","templated":true}]}}