{"id":45596,"date":"2025-03-12T22:46:28","date_gmt":"2025-03-12T22:46:28","guid":{"rendered":"https:\/\/armstrongyregion.com.ar\/diario\/?p=45596"},"modified":"2025-03-12T22:46:30","modified_gmt":"2025-03-12T22:46:30","slug":"las-rosas-candidatos-de-hacemos-expusieron-sus-miradas-y-propuesta","status":"publish","type":"post","link":"https:\/\/armstrongyregion.com.ar\/diario\/las-rosas-candidatos-de-hacemos-expusieron-sus-miradas-y-propuesta\/","title":{"rendered":"Las Rosas: candidatos de \u00abHacemos\u00bb expusieron sus miradas y propuesta."},"content":{"rendered":"\n<figure class=\"wp-block-image size-full\"><img loading=\"lazy\" decoding=\"async\" width=\"640\" height=\"474\" src=\"http:\/\/armstrongyregion.com.ar\/diario\/wp-content\/uploads\/2025\/03\/giaccone-ponzio.jpg\" alt=\"\" class=\"wp-image-45618\" srcset=\"https:\/\/armstrongyregion.com.ar\/diario\/wp-content\/uploads\/2025\/03\/giaccone-ponzio.jpg 640w, https:\/\/armstrongyregion.com.ar\/diario\/wp-content\/uploads\/2025\/03\/giaccone-ponzio-300x222.jpg 300w\" sizes=\"auto, (max-width: 640px) 100vw, 640px\" \/><\/figure>\n\n\n\n<h2 class=\"wp-block-heading\">Hablaron de la inminente elecci\u00f3n de Convencionales constituyentes, prevista para el 13 de abril, que marcar\u00e1 el primer proceso de reforma de la Constituci\u00f3n en 63 a\u00f1os. Y tambi\u00e9n de proyectos en sus ciudades.<\/h2>\n\n\n\n<figure class=\"wp-block-audio\"><audio controls src=\"http:\/\/armstrongyregion.com.ar\/diario\/wp-content\/uploads\/2025\/03\/AUDIO-2025-03-12-19-34-05.mp3\"><\/audio><\/figure>\n\n\n\n<h3 class=\"wp-block-heading\">Santa Fe en v\u00edsperas de una elecci\u00f3n transformadora<\/h3>\n\n\n\n<p>En \u00abLa ma\u00f1ana en contacto\u00bb, programa de Renacer Regional FM se destac\u00f3 la inminente elecci\u00f3n de convencionales constituyentes, prevista para el 13 de abril, que marcar\u00e1 el primer proceso de reforma de la Constituci\u00f3n en 63 a\u00f1os. Durante la transmisi\u00f3n, candidatos y periodistas abordaron los desaf\u00edos y propuestas que definir\u00e1n el futuro legal y pol\u00edtico de la provincia.<\/p>\n\n\n\n<h3 class=\"wp-block-heading\">&nbsp;Contexto electoral y la urgencia de la reforma<\/h3>\n\n\n\n<p>La reforma constitucional es el tema central de la jornada. Seg\u00fan la entrevistada Claudia Giacone, presidente de \u00abHacemos\u00bb y candidata a Convencional, se acerca una elecci\u00f3n&nbsp;<em>\u00absin precedentes, hist\u00f3rica\u00bb,&nbsp;<\/em>que busca modernizar el marco legal, actualizar derechos y eliminar privilegios pol\u00edticos como las reelecciones indefinidas y los fueros.<\/p>\n\n\n\n<blockquote class=\"wp-block-quote is-layout-flow wp-block-quote-is-layout-flow\">\n<p><strong>\u00abNo vamos a elegir a un diputado o un senador, sino a quienes reformar\u00e1n nuestra constituci\u00f3n para 50 o 60 a\u00f1os,\u00bb afirm\u00f3 Giacone&nbsp;<\/strong><\/p>\n<\/blockquote>\n\n\n\n<p>Esta renovaci\u00f3n surge en un contexto en que la ciudadan\u00eda demanda mayor transparencia y participaci\u00f3n, elementos esenciales para construir una pol\u00edtica moderna y representativa.<\/p>\n\n\n\n<h3 class=\"wp-block-heading\">&nbsp;<br>Propuestas y debates de los candidatos<\/h3>\n\n\n\n<p>El encuentro cont\u00f3 con la participaci\u00f3n de representantes del partido \u00abHacemos\u00bb, integrante de la coalici\u00f3n Unidos para Cambiar Santa Fe, entre ellos Agust\u00edn Ponzio y Ezequiel de Benedetti.<\/p>\n\n\n\n<h3 class=\"wp-block-heading\">Di\u00e1logo y modernizaci\u00f3n<\/h3>\n\n\n\n<p>Agust\u00edn Ponzio, vicepresidente del partido \u00abHacemos\u00bb y tambi\u00e9n candidato a Convencional, enfatiz\u00f3 la necesidad de actualizar la constituci\u00f3n para&nbsp;<em>\u00abacompa\u00f1ar los tiempos que corren\u00bb<\/em>&nbsp;y destac\u00f3 la importancia del di\u00e1logo entre las diferentes corrientes pol\u00edticas. Se mostraron parte adem\u00e1s de una movimiento m\u00e1s grande territorialmente que es conducido por el ex gobernador de C\u00f3rdoba Juan Schiaretti, resaltando el modelo que \u00e9ste puso a su gesti\u00f3n, basado en la eficiencia y la colaboraci\u00f3n p\u00fablico-privada, que inspira su propuesta para consolidar una pol\u00edtica m\u00e1s cercana a las necesidades de la ciudadan\u00eda.<\/p>\n\n\n\n<blockquote class=\"wp-block-quote is-layout-flow wp-block-quote-is-layout-flow\">\n<p><strong>\u00abEl momento para encarar este camino es ahora, y el gobernador est\u00e1 en esa sinton\u00eda,\u00bb declar\u00f3 Ponzio<\/strong><\/p>\n<\/blockquote>\n\n\n\n<h3 class=\"wp-block-heading\">Ezequiel de Benedetti: Renovaci\u00f3n local y compromiso ciudadano<\/h3>\n\n\n\n<p>Por su parte, Ezequiel de Benedetti, precandidato a concejal en Las Parejas, resalt\u00f3 su compromiso con la transformaci\u00f3n de su ciudad, describiendo problemas estructurales como infraestructura deteriorada, falta de iluminaci\u00f3n y pavimento en mal estado.<\/p>\n\n\n\n<blockquote class=\"wp-block-quote is-layout-flow wp-block-quote-is-layout-flow\">\n<p><strong>\u00abQuiero ser un concejal que lleve la voz del vecino, gestionando, y accionar para hacer de Las Parejas una ciudad m\u00e1s limpia, ordenada y habitable,\u00bb expres\u00f3 de Benedetti.<\/strong><\/p>\n<\/blockquote>\n\n\n\n<p>Tambi\u00e9n enfatiz\u00f3 la importancia de integrar a j\u00f3venes l\u00edderes que impulsen cambios reales, generando una mayor participaci\u00f3n ciudadana y renovando la representaci\u00f3n local.<\/p>\n\n\n\n<h3 class=\"wp-block-heading\">Renovaci\u00f3n pol\u00edtica y participaci\u00f3n ciudadana<\/h3>\n\n\n\n<p>La exposici\u00f3n no se centr\u00f3 \u00fanicamente en aspectos t\u00e9cnicos de la reforma, sino tambi\u00e9n en la necesidad de renovar la clase pol\u00edtica. Los candidatos coincidieron en que la participaci\u00f3n activa y el control ciudadano son fundamentales para fortalecer la democracia. Se propuso incorporar mecanismos como la iniciativa popular, refer\u00e9ndums y la revocatoria de mandatos, herramientas que permitir\u00e1n a la sociedad evaluar y ajustar el desempe\u00f1o de sus representantes.<\/p>\n\n\n\n<h3 class=\"wp-block-heading\">&nbsp;Giaccone: Necesidad de formaci\u00f3n y renovaci\u00f3n pol\u00edtica<\/h3>\n\n\n\n<p>Claudia Giacone expres\u00f3 su orgullo por contar con nuevos candidatos en Las Parejas, destacando la importancia de formar l\u00edderes y equipos que impulsen una renovaci\u00f3n en la pol\u00edtica.<br><br>Critic\u00f3 la tendencia de algunos dirigentes a agotarse en s\u00ed mismos, sin generar \u00abhijos pol\u00edticos\u00bb ni construir nuevas generaciones, lo que ha frenado la renovaci\u00f3n y el crecimiento de la clase pol\u00edtica.<br><br>Resalt\u00f3 adem\u00e1s que los j\u00f3venes candidatos que se van integrando no buscan ocupar un cargo por conveniencia, sino que tienen una genuina vocaci\u00f3n de servicio por su localidad, respaldados por un partido s\u00f3lido y un gobernador comprometido con la seguridad y el desarrollo.<\/p>\n\n\n\n<blockquote class=\"wp-block-quote is-layout-flow wp-block-quote-is-layout-flow\">\n<p><strong>\u00abAgust\u00edn, Ezequiel, no les importa dejar lugares c\u00f3modos de vida, sin embargo deciden trabajar para poder darle algo a ese lugar donde ellos viven, donde tienen sus hijos, donde quieren que ellos crezcan\u00bb, expres\u00f3 Giaccone, presidenta de \u00abHacemos\u00bb.<\/strong><\/p>\n<\/blockquote>\n\n\n\n<p>La dirigente subray\u00f3 que Santa Fe est\u00e1 emergiendo como una provincia fuerte, con liderazgo en exportaciones, puertos de importancia mundial y significativas inversiones en obra p\u00fablica, demostrando un claro avance en la modernizaci\u00f3n del Estado.<\/p>\n\n\n\n<p>Finalmente, enfatiz\u00f3 la obligaci\u00f3n de contar con una dirigencia comprometida y de fomentar la participaci\u00f3n ciudadana mediante iniciativas populares, refer\u00e9ndums y mecanismos de revocatoria, elementos esenciales para transformar la pol\u00edtica y beneficiar a la sociedad.<\/p>\n\n\n\n<p>Fuente: Las Rosas Digital.<\/p>\n","protected":false},"excerpt":{"rendered":"<p>Las Rosas: candidatos de \u00abHacemos\u00bb expusieron sus miradas y propuesta.<\/p>\n","protected":false},"author":1,"featured_media":45618,"comment_status":"open","ping_status":"open","sticky":false,"template":"","format":"image","meta":{"_jetpack_memberships_contains_paid_content":false,"footnotes":"","jetpack_publicize_message":"","jetpack_publicize_feature_enabled":true,"jetpack_social_post_already_shared":true,"jetpack_social_options":{"image_generator_settings":{"template":"highway","default_image_id":0,"enabled":false},"version":2}},"categories":[6,8,1,2,7,3],"tags":[765,11521,10314,8883,8777,11522,362],"class_list":["post-45596","post","type-post","status-publish","format-image","has-post-thumbnail","hentry","category-cultura-entretenimiento","category-deliberando","category-diario-armstrong","category-locales","category-politica","category-region","tag-candidatos","tag-expusieron","tag-hacemos","tag-las-rosas-2","tag-lic-graciela-de-la-casa","tag-miradas","tag-propuestas","post_format-post-format-image"],"jetpack_publicize_connections":[],"jetpack_featured_media_url":"https:\/\/armstrongyregion.com.ar\/diario\/wp-content\/uploads\/2025\/03\/giaccone-ponzio.jpg","jetpack_shortlink":"https:\/\/wp.me\/p62QDO-bRq","jetpack_sharing_enabled":true,"amp_enabled":true,"_links":{"self":[{"href":"https:\/\/armstrongyregion.com.ar\/diario\/wp-json\/wp\/v2\/posts\/45596","targetHints":{"allow":["GET"]}}],"collection":[{"href":"https:\/\/armstrongyregion.com.ar\/diario\/wp-json\/wp\/v2\/posts"}],"about":[{"href":"https:\/\/armstrongyregion.com.ar\/diario\/wp-json\/wp\/v2\/types\/post"}],"author":[{"embeddable":true,"href":"https:\/\/armstrongyregion.com.ar\/diario\/wp-json\/wp\/v2\/users\/1"}],"replies":[{"embeddable":true,"href":"https:\/\/armstrongyregion.com.ar\/diario\/wp-json\/wp\/v2\/comments?post=45596"}],"version-history":[{"count":1,"href":"https:\/\/armstrongyregion.com.ar\/diario\/wp-json\/wp\/v2\/posts\/45596\/revisions"}],"predecessor-version":[{"id":45619,"href":"https:\/\/armstrongyregion.com.ar\/diario\/wp-json\/wp\/v2\/posts\/45596\/revisions\/45619"}],"wp:featuredmedia":[{"embeddable":true,"href":"https:\/\/armstrongyregion.com.ar\/diario\/wp-json\/wp\/v2\/media\/45618"}],"wp:attachment":[{"href":"https:\/\/armstrongyregion.com.ar\/diario\/wp-json\/wp\/v2\/media?parent=45596"}],"wp:term":[{"taxonomy":"category","embeddable":true,"href":"https:\/\/armstrongyregion.com.ar\/diario\/wp-json\/wp\/v2\/categories?post=45596"},{"taxonomy":"post_tag","embeddable":true,"href":"https:\/\/armstrongyregion.com.ar\/diario\/wp-json\/wp\/v2\/tags?post=45596"}],"curies":[{"name":"wp","href":"https:\/\/api.w.org\/{rel}","templated":true}]}}