{"id":45589,"date":"2025-03-11T17:46:51","date_gmt":"2025-03-11T17:46:51","guid":{"rendered":"https:\/\/armstrongyregion.com.ar\/diario\/?p=45589"},"modified":"2025-03-11T17:46:53","modified_gmt":"2025-03-11T17:46:53","slug":"pullaro-en-expoagro-venimos-a-demostrar-que-somos-la-capital-del-interior-productivo-de-nuestro-pais","status":"publish","type":"post","link":"https:\/\/armstrongyregion.com.ar\/diario\/pullaro-en-expoagro-venimos-a-demostrar-que-somos-la-capital-del-interior-productivo-de-nuestro-pais\/","title":{"rendered":"Pullaro en Expoagro: \u201cVenimos a demostrar que somos la capital del interior productivo de nuestro pa\u00eds\u201d"},"content":{"rendered":"\n<figure class=\"wp-block-image size-full\"><img loading=\"lazy\" decoding=\"async\" width=\"570\" height=\"320\" src=\"http:\/\/armstrongyregion.com.ar\/diario\/wp-content\/uploads\/2025\/03\/PULLARO-EXPO-25.jpg\" alt=\"\" class=\"wp-image-45590\" srcset=\"https:\/\/armstrongyregion.com.ar\/diario\/wp-content\/uploads\/2025\/03\/PULLARO-EXPO-25.jpg 570w, https:\/\/armstrongyregion.com.ar\/diario\/wp-content\/uploads\/2025\/03\/PULLARO-EXPO-25-300x168.jpg 300w\" sizes=\"auto, (max-width: 570px) 100vw, 570px\" \/><\/figure>\n\n\n\n<h2 class=\"wp-block-heading\">Lo afirm\u00f3 el gobernador en la inauguraci\u00f3n del stand del Gobierno Provincial dentro de la feria agroindustrial. Desde hoy y hasta el viernes, en San Nicol\u00e1s, el Gobierno de Santa Fe propone una completa agenda de presentaciones, lanzamientos y actividades para todos los rubros productivos. Se anunciaron cupos de financiamiento por 140.000 millones de pesos.<\/h2>\n\n\n\n<p>El gobernador Maximiliano Pullaro junto a la vicegobernadora, Gisela Scaglia, encabezaron la apertura del stand del Gobierno de la Provincia de Santa Fe en Expoagro 2025, la feria agroindustrial m\u00e1s importante de Argentina, que se lleva a cabo del 11 al 14 de marzo en el predio ferial y aut\u00f3dromo de San Nicol\u00e1s, Buenos Aires. &nbsp;<\/p>\n\n\n\n<p>La expo contar\u00e1 con una agenda de contenidos imperdibles para los miles de visitantes que se espera la recorran para conocer las novedades e innovaciones que presentar\u00e1n los expositores, capacitaci\u00f3n, eventos, relacionamiento, y todas oportunidades que marcar\u00e1n el a\u00f1o productivo. En una expo 100 % ocupada, habr\u00e1 700 expositores, 70 de los cuales son nuevas empresas; expositores de maquinaria, insumos y servicios para el agro; 12 plots; 14 entidades financieras; 30 agtech, universidades y startup; 7 auditorios con m\u00e1s de 35 actividades por d\u00eda y 10 remates de hacienda.&nbsp;<\/p>\n\n\n\n<p><strong>Santa Fe, interior productivo de Argentina<\/strong><\/p>\n\n\n\n<figure class=\"wp-block-image\"><img decoding=\"async\" src=\"https:\/\/ci3.googleusercontent.com\/meips\/ADKq_NYRqJ-YmjcVLZ1nl7NjTXXtUiA-s-sf1EEblStDj4w9d9-5i2j2qz2nVNnpJqbth8e-EqbvMjBUYL3NHX5WuZlhSLQU8eNtEpMGMsXdQQJqgzrV-_rogROgudr6exBKiM9YC0sZHR-RrOkx6KM=s0-d-e1-ft#https:\/\/www.santafe.gob.ar\/noticias\/recursos\/fotos\/2025\/03\/2025-03-11NID_282471O_2.jpeg\" alt=\"\"\/><\/figure>\n\n\n\n<p>Santa Fe desembarca en la muestra con la premisa de conjugar presentaciones de m\u00e1s de 30 l\u00edneas de cr\u00e9ditos por m\u00e1s de 90.000 millones de pesos, m\u00e1s el fondo de innovaci\u00f3n \u201cCatalizar\u201d y Fondo de Garant\u00edas de Santa Fe (Fogafe), una herramienta transformadora para las Mipymes. Estas iniciativas, entre muchas otras, consolidan a la megamuestra como un escenario clave para lanzar proyectos de alto impacto para la provincia. En total, se facilitan cupos de financiamiento por 140.000 millones de pesos.&nbsp;<\/p>\n\n\n\n<p>En ese contexto, Pullaro afirm\u00f3 estar \u201corgulloso de ser el campo, la industria, la ciencia y la tecnolog\u00eda que aportan conocimiento y valor a Argentina\u201d. \u201cEl Gobierno Provincial est\u00e1 aqu\u00ed con actitud y car\u00e1cter, mostrando que el Estado puede ser administrado de manera eficiente y honesta, para apostar los recursos al fortalecimiento del sistema productivo\u201d, se\u00f1al\u00f3 el gobernador, quien a su vez destac\u00f3 \u201cla articulaci\u00f3n entre el sector p\u00fablico y el sector privado\u201d para llevar adelante herramientas \u201ccon tasas por debajo de la inflaci\u00f3n proyectada, aplicando pol\u00edticas antic\u00edclicas para sostener la econom\u00eda y el empleo\u201d.<\/p>\n\n\n\n<figure class=\"wp-block-image\"><img decoding=\"async\" src=\"https:\/\/ci3.googleusercontent.com\/meips\/ADKq_NaKceYMxFiUIoQ-mPavVR8-1malhP-9vLshYL_6sKNX6JKWZju4CU-S_iwSFVFwK1ygaTFq54PcUb4l-fZ18N_UrYJ0uSPO7heFz3vIjhOlDgEY1Wo2ZUdyS2VoUKqqIQ7HCFYu_eBYKUt7YNU=s0-d-e1-ft#https:\/\/www.santafe.gob.ar\/noticias\/recursos\/fotos\/2025\/03\/2025-03-11NID_282471O_3.jpeg\" alt=\"\"\/><\/figure>\n\n\n\n<p>Sobre el cierre de su discurso, Pullaro remarc\u00f3: \u201cVenimos a demostrar que somos la capital del interior productivo y venimos a demostrar que la \u00fanica manera de crecer es trabajando juntos\u201d por lo cual resalt\u00f3 el trabajo conjunto con las entidades bancarias y \u201clos 140.00 millones de pesos que ponemos a disposici\u00f3n de los santafesinos, haciendo un esfuerzo de alrededor de 15.000 millones de pesos para subsidiar estas tasas\u201d.&nbsp;<\/p>\n\n\n\n<p>Scaglia, por su parte, asegur\u00f3 que Expoagro ser\u00e1 un evento \u201cde mucho potencial, de mostrar lo mejor que tenemos en Santa Fe, de decirle al pa\u00eds que estamos para devolver a Argentina la dignidad del trabajo; que somos un pueblo que invierte en su provincia\u201d, a la vez que augur\u00f3 a las empresas \u201cgrandes inversiones y grandes compras porque cada una de esas operaciones es una fuente m\u00e1s de trabajo en nuestro territorio\u201d.&nbsp;<\/p>\n\n\n\n<p><strong>Convenios<\/strong><\/p>\n\n\n\n<figure class=\"wp-block-image\"><img decoding=\"async\" src=\"https:\/\/ci3.googleusercontent.com\/meips\/ADKq_NbaEVvKDo3AQ3Pz4zlt3UN3m-gtzEq9qk5LFkvypLDxrFQbqxmE6reVlxFWZHJqx3IMm01m3_RUFndKSqtT9wZiTTt5mLBZEwvAYvKGs6Ro__Kf5--wvLWEv8diPwrZFIBgS2gYI4tTo46qLQs=s0-d-e1-ft#https:\/\/www.santafe.gob.ar\/noticias\/recursos\/fotos\/2025\/03\/2025-03-11NID_282471O_4.jpeg\" alt=\"\"\/><\/figure>\n\n\n\n<p>Durante la inauguraci\u00f3n del stand, el Gobierno Provincial firm\u00f3 un convenio con el Banco Municipal, para actividades pautadas desde el plano tur\u00edstico y artesanal, que consiste en la implementaci\u00f3n de un mecanismo de bonificaci\u00f3n de tasas de inter\u00e9s a cargo de la Provincia, aplicable a los beneficios de las l\u00edneas crediticias desarrolladas por el Banco de acuerdo al destino y las caracter\u00edsticas que se detallaron en el convenio. Adem\u00e1s, rubric\u00f3 un convenio con el Banco de Santa Fe compuesto por un paquete de acciones de financiamiento para inversi\u00f3n local.&nbsp;<\/p>\n\n\n\n<p>Por otra parte, el Gobierno de Santa Fe firm\u00f3 un convenio con el Banco Naci\u00f3n con el objetivo de implementar un mecanismo de bonificaci\u00f3n de las tasas de inter\u00e9s a cargo de la Provincia destinado a productores del sector agroindustrial. Asimismo, la Provincia rubric\u00f3 convenios con el CFI.&nbsp;<\/p>\n\n\n\n<p><strong>Presentes<\/strong><\/p>\n\n\n\n<figure class=\"wp-block-image\"><img decoding=\"async\" src=\"https:\/\/ci3.googleusercontent.com\/meips\/ADKq_NYM918Tms7UZcvzGVhmFYyirXTgL-YHJ9pz_43E13yNPPF62FcG66XOoXQagtlKluQg-oy22YGABdmfDZMuH57sMX12s6DeyppZN5oUhpOfhWgc50UZbEZEsIFzPabt2gmpR0Qh7O_zRJIlSD8=s0-d-e1-ft#https:\/\/www.santafe.gob.ar\/noticias\/recursos\/fotos\/2025\/03\/2025-03-11NID_282471O_6.jpeg\" alt=\"\"\/><\/figure>\n\n\n\n<p>Del acto participaron adem\u00e1s, el gobernador de Corrientes, Gustavo Vald\u00e9s; los ministros de Desarrollo Productivo, Gustavo Puccini y de Econom\u00eda, Pablo Olivares; la presidenta de la C\u00e1mara de Diputados y Diputadas, Clara Garc\u00eda; la diputada nacional Germana Figueroa Casas; el secretario general del CFI, Ignacio Lamothe; el presidente de la Bolsa de Comercio de Rosario, Miguel Simioni; el presidente del Banco Municipal de Rosario, Claudio Forneris; el gerente corporativo del Banco de Santa Fe, Hern\u00e1n Viberti; el presidente del Banco Naci\u00f3n, Daniel Tillard; entre otras autoridades.<\/p>\n","protected":false},"excerpt":{"rendered":"<p>Pullaro en Expoagro: \u201cVenimos a demostrar que somos la capital del interior productivo de nuestro pa\u00eds\u201d<\/p>\n","protected":false},"author":1,"featured_media":45590,"comment_status":"open","ping_status":"open","sticky":false,"template":"","format":"image","meta":{"_jetpack_memberships_contains_paid_content":false,"footnotes":"","jetpack_publicize_message":"","jetpack_publicize_feature_enabled":true,"jetpack_social_post_already_shared":true,"jetpack_social_options":{"image_generator_settings":{"template":"highway","default_image_id":0,"enabled":false},"version":2}},"categories":[8,1,2,7,3],"tags":[5030,9082,2846],"class_list":["post-45589","post","type-post","status-publish","format-image","has-post-thumbnail","hentry","category-deliberando","category-diario-armstrong","category-locales","category-politica","category-region","tag-diario-armstrong","tag-expoagro","tag-pullaro","post_format-post-format-image"],"jetpack_publicize_connections":[],"jetpack_featured_media_url":"https:\/\/armstrongyregion.com.ar\/diario\/wp-content\/uploads\/2025\/03\/PULLARO-EXPO-25.jpg","jetpack_shortlink":"https:\/\/wp.me\/p62QDO-bRj","jetpack_sharing_enabled":true,"amp_enabled":true,"_links":{"self":[{"href":"https:\/\/armstrongyregion.com.ar\/diario\/wp-json\/wp\/v2\/posts\/45589","targetHints":{"allow":["GET"]}}],"collection":[{"href":"https:\/\/armstrongyregion.com.ar\/diario\/wp-json\/wp\/v2\/posts"}],"about":[{"href":"https:\/\/armstrongyregion.com.ar\/diario\/wp-json\/wp\/v2\/types\/post"}],"author":[{"embeddable":true,"href":"https:\/\/armstrongyregion.com.ar\/diario\/wp-json\/wp\/v2\/users\/1"}],"replies":[{"embeddable":true,"href":"https:\/\/armstrongyregion.com.ar\/diario\/wp-json\/wp\/v2\/comments?post=45589"}],"version-history":[{"count":1,"href":"https:\/\/armstrongyregion.com.ar\/diario\/wp-json\/wp\/v2\/posts\/45589\/revisions"}],"predecessor-version":[{"id":45591,"href":"https:\/\/armstrongyregion.com.ar\/diario\/wp-json\/wp\/v2\/posts\/45589\/revisions\/45591"}],"wp:featuredmedia":[{"embeddable":true,"href":"https:\/\/armstrongyregion.com.ar\/diario\/wp-json\/wp\/v2\/media\/45590"}],"wp:attachment":[{"href":"https:\/\/armstrongyregion.com.ar\/diario\/wp-json\/wp\/v2\/media?parent=45589"}],"wp:term":[{"taxonomy":"category","embeddable":true,"href":"https:\/\/armstrongyregion.com.ar\/diario\/wp-json\/wp\/v2\/categories?post=45589"},{"taxonomy":"post_tag","embeddable":true,"href":"https:\/\/armstrongyregion.com.ar\/diario\/wp-json\/wp\/v2\/tags?post=45589"}],"curies":[{"name":"wp","href":"https:\/\/api.w.org\/{rel}","templated":true}]}}