{"id":45577,"date":"2025-03-10T23:45:43","date_gmt":"2025-03-10T23:45:43","guid":{"rendered":"https:\/\/armstrongyregion.com.ar\/diario\/?p=45577"},"modified":"2025-03-10T23:45:45","modified_gmt":"2025-03-10T23:45:45","slug":"el-gobierno-provincial-tuvo-un-nuevo-encuentro-paritario-con-gremios-de-salud","status":"publish","type":"post","link":"https:\/\/armstrongyregion.com.ar\/diario\/el-gobierno-provincial-tuvo-un-nuevo-encuentro-paritario-con-gremios-de-salud\/","title":{"rendered":"El Gobierno Provincial tuvo un nuevo encuentro paritario con gremios de Salud."},"content":{"rendered":"\n<figure class=\"wp-block-image size-full\"><img loading=\"lazy\" decoding=\"async\" width=\"570\" height=\"320\" src=\"http:\/\/armstrongyregion.com.ar\/diario\/wp-content\/uploads\/2025\/03\/PARITARIAS-MEDICOS-DADIVAS-.jpg\" alt=\"\" class=\"wp-image-45578\" srcset=\"https:\/\/armstrongyregion.com.ar\/diario\/wp-content\/uploads\/2025\/03\/PARITARIAS-MEDICOS-DADIVAS-.jpg 570w, https:\/\/armstrongyregion.com.ar\/diario\/wp-content\/uploads\/2025\/03\/PARITARIAS-MEDICOS-DADIVAS--300x168.jpg 300w\" sizes=\"auto, (max-width: 570px) 100vw, 570px\" \/><\/figure>\n\n\n\n<p><strong>Se ratific\u00f3 la propuesta que consiste en un incremento del 5 % para el primer trimestre del a\u00f1o 2025, sobre la base de diciembre 2024, abonado en dos etapas: 3,1 % por enero, y 1,9 % por febrero, para alcanzar el 5 %. Producto de la negociaci\u00f3n, el aumento se har\u00e1 extensivo a los profesionales de la salud. El pago se har\u00e1 por planilla complementaria en el mes de marzo.<\/strong><\/p>\n\n\n\n<p>El Gobierno de la Provincia de Santa Fe, a trav\u00e9s del Ministerio de Salud, llev\u00f3 adelante un nuevo encuentro paritario con los gremios representantes del sector sanitario de la provincia. Durante la reuni\u00f3n, que se llev\u00f3 adelante este lunes al mediod\u00eda en la ciudad capital, desde el Gobierno se ratific\u00f3 el ofrecimiento que consiste en un incremento del 5 % para el primer trimestre del a\u00f1o 2025, sobre la base de diciembre 2024, abonado en dos etapas: 3,1 % para enero, y 1,9 % para febrero, para alcanzar el 5 %. El pago se har\u00e1 por planilla complementaria en marzo.<\/p>\n\n\n\n<p>Asimismo, se garantiza que ese incremento porcentual no sea inferior a la suma de bolsillo de $ 50.000, a partir de enero; y de $ 70.000 a partir de febrero, en cargos de 24 horas o m\u00e1s, trasladado dicha garant\u00eda en forma proporcional a cargos menores de 24 horas.<\/p>\n\n\n\n<p>En este sentido, la propuesta se plante\u00f3 para beneficiar a ese sector de los profesionales de la salud, que menos cobran, que percibir\u00e1n 5,29 % en enero y 7,40 % en febrero, en virtud de las sumas garantizadas.<\/p>\n\n\n\n<p>Seg\u00fan reza el acta paritario, la propuesta fue aceptada en disconformidad por los representantes de AMRA.<br>Posterior al encuentro, la subsecretaria de Gesti\u00f3n de Recursos Humanos, Gloria Blarasin manifest\u00f3: \u201cVolvimos a convocar a los gremios porque el resto de representaciones gremiales acept\u00f3 la propuesta que hizo el gobierno provincial y ya se est\u00e1n liquidando las diferencias salariales, no as\u00ed con los representantes de los profesionales de la salud que la hab\u00edan rechazado en primera instancia. Por eso, hoy volvimos a convocarlos en funci\u00f3n de hacerles nuevamente la propuesta para que pudieran evaluarlo y termin\u00f3 acept\u00e1ndose\u201d.&nbsp;<\/p>\n\n\n\n<p>\u201cDurante la reuni\u00f3n tuvimos intercambio de opiniones remarcando los esfuerzos que est\u00e1 haciendo el Gobierno ^Provincial en raz\u00f3n de poner presupuesto para las distintas \u00e1reas de salud, en compra de medicamentos, en infraestructura y reparaciones de efectores. Adem\u00e1s, acordamos con los representantes volver a reunirnos en mesas t\u00e9cnicas y ya tenemos una programada para la semana que viene con la Secretar\u00eda de Log\u00edstica Integrada y Articulaci\u00f3n de Redes (Seliar) y sobre fin de mes, otra mesa t\u00e9cnica para otros temas que tambi\u00e9n son de inter\u00e9s para el sector\u201d, indic\u00f3.<\/p>\n\n\n\n<p>En esa l\u00ednea agreg\u00f3 que \u201cvamos a trabajar para hacer la liquidaci\u00f3n en la semana entrante, para que el personal de salud pueda acceder a este aumento comprometido lo antes posible, teniendo en cuenta que a los trabajadores de los dem\u00e1s gremios ya se les pudo liquidar\u201d.<\/p>\n\n\n\n<p>Del encuentro participaron adem\u00e1s, el ministro de Trabajo, Roald B\u00e1scolo; el secretario General del Ministerio de Salud, Ramiro Dall\u2019 Aglio; la directora provincial de Recursos Humanos de la cartera sanitaria, Ileana Colmann; la subsecretaria de Administraci\u00f3n, Pamela Laorden; y el subsecretario Legal y T\u00e9cnico, Juan Pablo Gutierrez; la directora de Relaciones Laborales del Ministerio de Trabajo, Marisa Castro; la secretaria de Recursos Humanos y Funci\u00f3n P\u00fablica del Ministerio de Econom\u00eda, Malena Azario. Por el gremio AMRA formaron parte de la reuni\u00f3n: Marcelo Beltrame, Pablo Crispo, Luisina Pretto, Pamela Menotti y Sandra Barbieri; en tanto que por Siprus participaron Jer\u00f3nimo Ainsuain, Rodrigo Ram\u00edrez, Leandro Goldsack, Viviana Tomas y Cintia Gambuti.<\/p>\n\n\n\n<p><\/p>\n","protected":false},"excerpt":{"rendered":"<p>El Gobierno Provincial tuvo un nuevo encuentro paritario con gremios de Salud.<\/p>\n","protected":false},"author":1,"featured_media":45578,"comment_status":"open","ping_status":"open","sticky":false,"template":"","format":"image","meta":{"_jetpack_memberships_contains_paid_content":false,"footnotes":"","jetpack_publicize_message":"","jetpack_publicize_feature_enabled":true,"jetpack_social_post_already_shared":true,"jetpack_social_options":{"image_generator_settings":{"template":"highway","default_image_id":0,"enabled":false},"version":2}},"categories":[8,1,2,7,3],"tags":[100,19,5030,63,38,9016,8777,51,11511,928,1190,2408],"class_list":["post-45577","post","type-post","status-publish","format-image","has-post-thumbnail","hentry","category-deliberando","category-diario-armstrong","category-locales","category-politica","category-region","tag-con","tag-de","tag-diario-armstrong","tag-encuentro","tag-gobierno","tag-gremios","tag-lic-graciela-de-la-casa","tag-nuevo","tag-paritario","tag-provincial","tag-salud","tag-tuvo","post_format-post-format-image"],"jetpack_publicize_connections":[],"jetpack_featured_media_url":"https:\/\/armstrongyregion.com.ar\/diario\/wp-content\/uploads\/2025\/03\/PARITARIAS-MEDICOS-DADIVAS-.jpg","jetpack_shortlink":"https:\/\/wp.me\/p62QDO-bR7","jetpack_sharing_enabled":true,"amp_enabled":true,"_links":{"self":[{"href":"https:\/\/armstrongyregion.com.ar\/diario\/wp-json\/wp\/v2\/posts\/45577","targetHints":{"allow":["GET"]}}],"collection":[{"href":"https:\/\/armstrongyregion.com.ar\/diario\/wp-json\/wp\/v2\/posts"}],"about":[{"href":"https:\/\/armstrongyregion.com.ar\/diario\/wp-json\/wp\/v2\/types\/post"}],"author":[{"embeddable":true,"href":"https:\/\/armstrongyregion.com.ar\/diario\/wp-json\/wp\/v2\/users\/1"}],"replies":[{"embeddable":true,"href":"https:\/\/armstrongyregion.com.ar\/diario\/wp-json\/wp\/v2\/comments?post=45577"}],"version-history":[{"count":1,"href":"https:\/\/armstrongyregion.com.ar\/diario\/wp-json\/wp\/v2\/posts\/45577\/revisions"}],"predecessor-version":[{"id":45579,"href":"https:\/\/armstrongyregion.com.ar\/diario\/wp-json\/wp\/v2\/posts\/45577\/revisions\/45579"}],"wp:featuredmedia":[{"embeddable":true,"href":"https:\/\/armstrongyregion.com.ar\/diario\/wp-json\/wp\/v2\/media\/45578"}],"wp:attachment":[{"href":"https:\/\/armstrongyregion.com.ar\/diario\/wp-json\/wp\/v2\/media?parent=45577"}],"wp:term":[{"taxonomy":"category","embeddable":true,"href":"https:\/\/armstrongyregion.com.ar\/diario\/wp-json\/wp\/v2\/categories?post=45577"},{"taxonomy":"post_tag","embeddable":true,"href":"https:\/\/armstrongyregion.com.ar\/diario\/wp-json\/wp\/v2\/tags?post=45577"}],"curies":[{"name":"wp","href":"https:\/\/api.w.org\/{rel}","templated":true}]}}