{"id":45553,"date":"2025-03-09T00:40:45","date_gmt":"2025-03-09T00:40:45","guid":{"rendered":"https:\/\/armstrongyregion.com.ar\/diario\/?p=45553"},"modified":"2025-03-09T00:40:47","modified_gmt":"2025-03-09T00:40:47","slug":"unidos-tiene-el-mejor-equipo-para-trazar-el-futuro-de-santa-fe","status":"publish","type":"post","link":"https:\/\/armstrongyregion.com.ar\/diario\/unidos-tiene-el-mejor-equipo-para-trazar-el-futuro-de-santa-fe\/","title":{"rendered":"\u00abUnidos tiene el mejor equipo para trazar el futuro de Santa Fe\u00bb."},"content":{"rendered":"\n<figure class=\"wp-block-image size-full\"><img loading=\"lazy\" decoding=\"async\" width=\"640\" height=\"377\" src=\"http:\/\/armstrongyregion.com.ar\/diario\/wp-content\/uploads\/2025\/03\/CLARA-GARCIA-.jpg\" alt=\"\" class=\"wp-image-45554\" srcset=\"https:\/\/armstrongyregion.com.ar\/diario\/wp-content\/uploads\/2025\/03\/CLARA-GARCIA-.jpg 640w, https:\/\/armstrongyregion.com.ar\/diario\/wp-content\/uploads\/2025\/03\/CLARA-GARCIA--300x177.jpg 300w\" sizes=\"auto, (max-width: 640px) 100vw, 640px\" \/><\/figure>\n\n\n\n<p><em>Clara Garc\u00eda encabez\u00f3 un multitudinario encuentro en las Toscas junto a Iv\u00e1n S\u00e1nchez, Alejandro Desslin, el senador Orfilio Marc\u00f3n y los diputados Pablo Far\u00edas, Charo Mancini y Sergio Rojas.<\/em><\/p>\n\n\n\n<h2 class=\"wp-block-heading\"><em>La presidenta de la C\u00e1mara de Diputadas y Diputados recorri\u00f3 numerosas localidades de los departamentos Garay, General Obligado y San Javier. Junto a referentes locales visit\u00f3 instituciones, dialog\u00f3 con vecinos y mantuvo reuniones con intendentes y presidentes comunales.<\/em><\/h2>\n\n\n\n<figure class=\"wp-block-table\"><table><tbody><tr><td>La presidenta de la C\u00e1mara de Diputados de la provincia de Santa Fe, Clara Garc\u00eda, realiz\u00f3 una recorrida por municipios y comunas de los departamentos Garay, General Obligado y San Javier, donde tom\u00f3 contacto con referentes locales y territoriales, y particip\u00f3 de diferentes.\u00a0La gira comenz\u00f3 el jueves por Santa Rosa de Calchines (departamento Garay), prosigui\u00f3 por Villa Ana, El Rab\u00f3n y Las Toscas (departamento General Obligado), y continu\u00f3 el viernes por Romang, Colonia Teresa, San Javier y La Brava (departamento San Javier).\u00a0<br>\u201cA Santa Fe hay que conocerla para quererla y, sobre todo, tener la preparaci\u00f3n necesaria para realizar transformaciones de fondo. Tuve la oportunidad de recorrer la provincia con Miguel (Lifschitz) desde antes que fuera gobernador, cuando era senador por el departamento Rosario.<br><br> Hoy el gobernador Maximiliano Pullaro sigue por el mismo camino, que implica estar presente en el territorio, estrechar la mano y mirar a la cara a quienes viven, trabajan, producen en nuestros pueblos y ciudades. Es as\u00ed como la pol\u00edtica logra los mejores resultados y por eso, Unidos tiene el mejor equipo para trazar el futuro de Santa Fe\u00bb, asegur\u00f3 la legisladora en una de las paradas.\u00a0La recorrida por la costa santafesina arranc\u00f3 con una visita a la comuna de Santa Rosa de Calchines, donde el presidente comunal Carlos Yosen brind\u00f3 detalles sobre el trabajo que viene realizando en la localidad y comparti\u00f3 los proyectos de las numerosas obras p\u00fablicas para la localidad.<br><br>\u00a0M\u00e1s tarde, junto con los diputados Pablo Far\u00edas, Charo Mancini y Sergio \u201cChiqui\u201d Rojas, mantuvo una reuni\u00f3n de trabajo en Villa Ana, de la que participaron su presidente comunal, Catalino Coman, y su par de San Antonio de Obligado, Jorge Ale, y dirigentes y referentes de numerosas localidades de los departamentos Vera y General Obligado, junto a quienes analizaron la realidad local y las iniciativas en marcha para la regi\u00f3n.<br><br> Tambi\u00e9n, la dirigente se lleg\u00f3 hasta El Rab\u00f3n donde recorri\u00f3 el museo local junto a Omar Galarza.\u00a0Ya en Las Toscas, encabez\u00f3 un multitudinario encuentro en el Club de los Abuelos junto al concejal Iv\u00e1n S\u00e1nchez: el secretario general del Sindicato del Cuero, Alejandro Delssin: y un entusiasta equipo de trabajo con el que est\u00e1n desarrollando propuestas y proyectos importantes para gobernar y transformar la ciudad. <br><br>\u201cTodos ustedes honran la buena pol\u00edtica. En un momento donde prima la falta de respeto y la agresi\u00f3n, demuestran que pueden trabajar juntos, aunque vengan de distintos recorridos y de diferentes instituciones. Tambi\u00e9n que es posible trabajar por un proyecto colectivo, dar respuestas y hacerlo con transparencia y rendici\u00f3n de cuentas\u201d, afirm\u00f3 durante la actividad en la que tambi\u00e9n se sum\u00f3 el senador departamental Orfilio Marc\u00f3n. <br><br>\u00a0\u00a0\u201cEste va a ser un a\u00f1o de alto voltaje pol\u00edtico y nosotros tenemos en nuestro gobernador una figura de mucha valent\u00eda, que encabezar\u00e1 la lista de convencionales para reformar nuestra constituci\u00f3n despu\u00e9s de 60 a\u00f1os. Tambi\u00e9n son muy importantes las elecciones de cada localidad y por eso acompa\u00f1amos a quienes miran hacia adelante con tanto compromiso y convencimiento\u201d, sostuvo Garc\u00eda, en un alto de la recorrida por el Departamento San Javier.\u00a0Garc\u00eda visit\u00f3 varias instituciones en Romang junto a Marcelo Bressan y mantuvo una reuni\u00f3n de trabajo con el intendente Sergio Ramseyer.<br><br> En Colonia Teresa, junto a Gimena Chamorro recorrieron la escuela Sargento Domingo Pousteau, que va camino a su centenario. M\u00e1s tarde, en San Javier la presidenta de la C\u00e1mara Baja mantuvo un encuentro con Bruno Sellart, dirigentes y referentes del departamento y fue recibida por la intendenta de la ciudad, Maribel Gonz\u00e1lez, junto a quien analiz\u00f3 la marcha de su gesti\u00f3n. Por \u00faltimo, en la localidad de La Brava junto a Juan R\u00edos visitaron la Parroquia del Rosario y analizaron la situaci\u00f3n social y los proyectos para la comuna.<br><br>\u00a0\u201cVamos a seguir por este camino, que se apoya en la escucha, el di\u00e1logo y la b\u00fasqueda de acuerdos para dise\u00f1ar las pol\u00edticas que necesita cada territorio de nuestra provincia y concretar los cambios que esperan sus habitantes\u201d, concluy\u00f3 la legisladora.<\/td><\/tr><\/tbody><\/table><\/figure>\n\n\n\n<figure class=\"wp-block-table\"><table><tbody><tr><td><img decoding=\"async\" src=\"https:\/\/ci3.googleusercontent.com\/meips\/ADKq_NaTKqNTzY29dxLPAoEsyqWE_7B3hx1cAQOitCjndmVRNFqRHIA5FduDydiH4M5yXWSI0yfCjrAKwttrNrV336k2Hz65pstbiLMMIvxlZ4Tw4qd7Ff_xgtqNHY7CGrHqD0heLy1tqc28CW4n2kHbYyPo=s0-d-e1-ft#https:\/\/bmhu9.img.a.d.sendibm1.com\/im\/sh\/aw0UeB2Fc9-k.jpeg?u=1vcqsYC5HMzcSOTnlFmu2ocPRZSrDC\" width=\"461\"><em>Clara Garc\u00eda analiz\u00f3 las importantes obras que se llevan adelante en Santa Rosa de Calchines, con su presidente comunal, Carlos Yossen.<\/em><\/td><\/tr><\/tbody><\/table><\/figure>\n\n\n\n<figure class=\"wp-block-table\"><table><tbody><tr><td><img decoding=\"async\" src=\"https:\/\/ci3.googleusercontent.com\/meips\/ADKq_NbHjoFuFjvq_I1w0HdzUleBeLj9p9LEKVM-B5vz-x1K6ZCpnAWdrOJoQhu9CSjIEvnjJKvyBafjNuUB8jLZ5xMdeMtUgBcAIm0wBgUmOCjycHoVv3dGEGlVklq1vqE3CnrIUzB2NjnmDBZHtsTaaEVF=s0-d-e1-ft#https:\/\/bmhu9.img.a.d.sendibm1.com\/im\/sh\/H01PzLjRXs4X.jpeg?u=1vcqsYC5HMzcSQ8qDXwOMEAL2hOUWE\" width=\"461\"><\/td><\/tr><\/tbody><\/table><\/figure>\n\n\n\n<figure class=\"wp-block-table\"><table><tbody><tr><td><em>En San Javier, Clara Garc\u00eda junto a Bruno Sellart mantuvieron una reuni\u00f3n de trabajo con la intendenta Maribel Gonz\u00e1lez.<\/em><\/td><\/tr><\/tbody><\/table><\/figure>\n","protected":false},"excerpt":{"rendered":"<p>\u00abUnidos tiene el mejor equipo para trazar el futuro de Santa Fe\u00bb<\/p>\n","protected":false},"author":1,"featured_media":45554,"comment_status":"open","ping_status":"open","sticky":false,"template":"","format":"image","meta":{"_jetpack_memberships_contains_paid_content":false,"footnotes":"","jetpack_publicize_message":"","jetpack_publicize_feature_enabled":true,"jetpack_social_post_already_shared":true,"jetpack_social_options":{"image_generator_settings":{"template":"highway","default_image_id":0,"enabled":false},"version":2}},"categories":[6,8,1,2,7,3],"tags":[19,5030,16,2254,8777,11498,81,3381,3017,11499,1448],"class_list":["post-45553","post","type-post","status-publish","format-image","has-post-thumbnail","hentry","category-cultura-entretenimiento","category-deliberando","category-diario-armstrong","category-locales","category-politica","category-region","tag-de","tag-diario-armstrong","tag-el","tag-futuro","tag-lic-graciela-de-la-casa","tag-mejor-equipo","tag-para","tag-santa-fe","tag-tiene","tag-traar","tag-unidos","post_format-post-format-image"],"jetpack_publicize_connections":[],"jetpack_featured_media_url":"https:\/\/armstrongyregion.com.ar\/diario\/wp-content\/uploads\/2025\/03\/CLARA-GARCIA-.jpg","jetpack_shortlink":"https:\/\/wp.me\/p62QDO-bQJ","jetpack_sharing_enabled":true,"amp_enabled":true,"_links":{"self":[{"href":"https:\/\/armstrongyregion.com.ar\/diario\/wp-json\/wp\/v2\/posts\/45553","targetHints":{"allow":["GET"]}}],"collection":[{"href":"https:\/\/armstrongyregion.com.ar\/diario\/wp-json\/wp\/v2\/posts"}],"about":[{"href":"https:\/\/armstrongyregion.com.ar\/diario\/wp-json\/wp\/v2\/types\/post"}],"author":[{"embeddable":true,"href":"https:\/\/armstrongyregion.com.ar\/diario\/wp-json\/wp\/v2\/users\/1"}],"replies":[{"embeddable":true,"href":"https:\/\/armstrongyregion.com.ar\/diario\/wp-json\/wp\/v2\/comments?post=45553"}],"version-history":[{"count":1,"href":"https:\/\/armstrongyregion.com.ar\/diario\/wp-json\/wp\/v2\/posts\/45553\/revisions"}],"predecessor-version":[{"id":45555,"href":"https:\/\/armstrongyregion.com.ar\/diario\/wp-json\/wp\/v2\/posts\/45553\/revisions\/45555"}],"wp:featuredmedia":[{"embeddable":true,"href":"https:\/\/armstrongyregion.com.ar\/diario\/wp-json\/wp\/v2\/media\/45554"}],"wp:attachment":[{"href":"https:\/\/armstrongyregion.com.ar\/diario\/wp-json\/wp\/v2\/media?parent=45553"}],"wp:term":[{"taxonomy":"category","embeddable":true,"href":"https:\/\/armstrongyregion.com.ar\/diario\/wp-json\/wp\/v2\/categories?post=45553"},{"taxonomy":"post_tag","embeddable":true,"href":"https:\/\/armstrongyregion.com.ar\/diario\/wp-json\/wp\/v2\/tags?post=45553"}],"curies":[{"name":"wp","href":"https:\/\/api.w.org\/{rel}","templated":true}]}}