{"id":45547,"date":"2025-03-09T00:26:13","date_gmt":"2025-03-09T00:26:13","guid":{"rendered":"https:\/\/armstrongyregion.com.ar\/diario\/?p=45547"},"modified":"2025-03-09T00:26:16","modified_gmt":"2025-03-09T00:26:16","slug":"armstrong-domingo-de-musica-y-feria","status":"publish","type":"post","link":"https:\/\/armstrongyregion.com.ar\/diario\/armstrong-domingo-de-musica-y-feria\/","title":{"rendered":"Armstrong. Domingo de m\u00fasica y feria."},"content":{"rendered":"\n<figure class=\"wp-block-image size-large\"><img loading=\"lazy\" decoding=\"async\" width=\"384\" height=\"480\" src=\"http:\/\/armstrongyregion.com.ar\/diario\/wp-content\/uploads\/2025\/03\/Musica-y-feria-marzo-2025-384x480.jpg\" alt=\"\" class=\"wp-image-45548\" srcset=\"https:\/\/armstrongyregion.com.ar\/diario\/wp-content\/uploads\/2025\/03\/Musica-y-feria-marzo-2025-384x480.jpg 384w, https:\/\/armstrongyregion.com.ar\/diario\/wp-content\/uploads\/2025\/03\/Musica-y-feria-marzo-2025-240x300.jpg 240w, https:\/\/armstrongyregion.com.ar\/diario\/wp-content\/uploads\/2025\/03\/Musica-y-feria-marzo-2025.jpg 590w\" sizes=\"auto, (max-width: 384px) 100vw, 384px\" \/><\/figure>\n\n\n\n<p><strong>La Municipalidad de Armstrong invita a compartir un atardecer con mucha m\u00fasica en vivo que se realizar\u00e1 el domingo 9 de marzo a partir de las 19 hs. en plaza San Mart\u00edn.<\/strong><br>Se podr\u00e1 disfrutar de los mejores covers internacionales, de cumbia y de cuarteto con la voz de Nanci Bussy, el grupo local Los Rurales, Mil Rosas tributo a La Oreja de Van Gogh, el talentoso Franco Massignani y el cierre para cantar esas canciones que siempre nos gusta volver a escuchar con La Banda M\u00e1gica que vuelve a nuestra ciudad con lo mejor del rock nacional.<br>Servicio de buffet a cargo de Club A. D. Norte. Para los m\u00e1s chicos juegos inflables, caballitos, espacios de expresi\u00f3n, autitos.<br>Feria Sabores y Colores Locales y emprendedores regionales.<br>Tra\u00e9 tu reposera, tu equipo de mate y ven\u00ed a vivir este domingo de m\u00fasica y feria con amigos y familia.<\/p>\n","protected":false},"excerpt":{"rendered":"<p>Armstrong. Domingo de m\u00fasica y feria.<\/p>\n","protected":false},"author":1,"featured_media":45548,"comment_status":"open","ping_status":"open","sticky":false,"template":"","format":"image","meta":{"_jetpack_memberships_contains_paid_content":false,"footnotes":"","jetpack_publicize_message":"","jetpack_publicize_feature_enabled":true,"jetpack_social_post_already_shared":true,"jetpack_social_options":{"image_generator_settings":{"template":"highway","default_image_id":0,"enabled":false},"version":2}},"categories":[8,1,2,7,3],"tags":[20,19,5030,1467,1725,9569,13],"class_list":["post-45547","post","type-post","status-publish","format-image","has-post-thumbnail","hentry","category-deliberando","category-diario-armstrong","category-locales","category-politica","category-region","tag-armstrong","tag-de","tag-diario-armstrong","tag-domingo","tag-feria","tag-musica-2","tag-y","post_format-post-format-image"],"jetpack_publicize_connections":[],"jetpack_featured_media_url":"https:\/\/armstrongyregion.com.ar\/diario\/wp-content\/uploads\/2025\/03\/Musica-y-feria-marzo-2025.jpg","jetpack_shortlink":"https:\/\/wp.me\/p62QDO-bQD","jetpack_sharing_enabled":true,"amp_enabled":true,"_links":{"self":[{"href":"https:\/\/armstrongyregion.com.ar\/diario\/wp-json\/wp\/v2\/posts\/45547","targetHints":{"allow":["GET"]}}],"collection":[{"href":"https:\/\/armstrongyregion.com.ar\/diario\/wp-json\/wp\/v2\/posts"}],"about":[{"href":"https:\/\/armstrongyregion.com.ar\/diario\/wp-json\/wp\/v2\/types\/post"}],"author":[{"embeddable":true,"href":"https:\/\/armstrongyregion.com.ar\/diario\/wp-json\/wp\/v2\/users\/1"}],"replies":[{"embeddable":true,"href":"https:\/\/armstrongyregion.com.ar\/diario\/wp-json\/wp\/v2\/comments?post=45547"}],"version-history":[{"count":1,"href":"https:\/\/armstrongyregion.com.ar\/diario\/wp-json\/wp\/v2\/posts\/45547\/revisions"}],"predecessor-version":[{"id":45549,"href":"https:\/\/armstrongyregion.com.ar\/diario\/wp-json\/wp\/v2\/posts\/45547\/revisions\/45549"}],"wp:featuredmedia":[{"embeddable":true,"href":"https:\/\/armstrongyregion.com.ar\/diario\/wp-json\/wp\/v2\/media\/45548"}],"wp:attachment":[{"href":"https:\/\/armstrongyregion.com.ar\/diario\/wp-json\/wp\/v2\/media?parent=45547"}],"wp:term":[{"taxonomy":"category","embeddable":true,"href":"https:\/\/armstrongyregion.com.ar\/diario\/wp-json\/wp\/v2\/categories?post=45547"},{"taxonomy":"post_tag","embeddable":true,"href":"https:\/\/armstrongyregion.com.ar\/diario\/wp-json\/wp\/v2\/tags?post=45547"}],"curies":[{"name":"wp","href":"https:\/\/api.w.org\/{rel}","templated":true}]}}