{"id":45542,"date":"2025-03-05T00:19:16","date_gmt":"2025-03-05T00:19:16","guid":{"rendered":"https:\/\/armstrongyregion.com.ar\/diario\/?p=45542"},"modified":"2025-03-05T00:20:03","modified_gmt":"2025-03-05T00:20:03","slug":"sofocante-la-termica-paso-los-40-grados-hay-alerta-por-calor-y-se-esperan-tres-dias-agobiantes-antes-del-alivio","status":"publish","type":"post","link":"https:\/\/armstrongyregion.com.ar\/diario\/sofocante-la-termica-paso-los-40-grados-hay-alerta-por-calor-y-se-esperan-tres-dias-agobiantes-antes-del-alivio\/","title":{"rendered":"Sofocante: la t\u00e9rmica pas\u00f3 los 40 grados, hay alerta por calor y se esperan tres d\u00edas agobiantes antes del alivio."},"content":{"rendered":"\n<figure class=\"wp-block-image size-full\"><img loading=\"lazy\" decoding=\"async\" width=\"624\" height=\"351\" src=\"http:\/\/armstrongyregion.com.ar\/diario\/wp-content\/uploads\/2015\/12\/calor.jpg\" alt=\"calor\" class=\"wp-image-5640\" srcset=\"https:\/\/armstrongyregion.com.ar\/diario\/wp-content\/uploads\/2015\/12\/calor.jpg 624w, https:\/\/armstrongyregion.com.ar\/diario\/wp-content\/uploads\/2015\/12\/calor-300x169.jpg 300w\" sizes=\"auto, (max-width: 624px) 100vw, 624px\" \/><\/figure>\n\n\n\n<h2 class=\"wp-block-heading\">El \u00faltimo d\u00eda del fin de semana largo se volvi\u00f3 agobiante en Rosario y la Regi\u00f3n. Entre el mi\u00e9rcoles\u00a0y el viernes habr\u00e1 m\u00ednimas elevadas, 35 grados de m\u00e1xima y viento norte. El s\u00e1bado llegar\u00edan nuevas tormentas y el viento sur har\u00e1 descender los registros t\u00e9rmicos por varias jornadas.<\/h2>\n\n\n\n<p>Sofocante. Este martes 4 de marzo, el \u00faltimo d\u00eda del fin de semana largo por carnaval, se puso&nbsp;<strong>agobiante con mucho calor<\/strong>&nbsp;y humedad despu\u00e9s de varias jornadas de inestabilidad y tormentas.<\/p>\n\n\n\n<p>A las 16, el Servicio Meteorol\u00f3gico Nacional (SMN) indicaba que<strong>&nbsp;la temperatura estaba en 32.9 grados<\/strong>, pero la sensaci\u00f3n t\u00e9rmica alcanz\u00f3 los&nbsp;<strong>41.5 grados por efecto del viento norte y humedad<\/strong>&nbsp;de 65 por ciento.<\/p>\n\n\n\n<p>Luego, a las 18.30, el SMN emiti\u00f3 un&nbsp;<strong>alerta de nivel amarillo por calor extremo<\/strong>&nbsp;que abarca a los departamentos del sur santafesino incluido Rosario. De acuerdo a esa advertencia, las temperaturas \u00abpueden ser peligrosas,&nbsp;sobre todo para los grupos de riesgo, como ni\u00f1os y ni\u00f1as, personas mayores de 65 a\u00f1os, con enfermedades cr\u00f3nicas\u00bb.<\/p>\n\n\n\n<p>Para colmo, los pr\u00f3ximos tres d\u00edas no dar\u00e1n respiro: se esperan\u00a0<strong>m\u00ednimas elevadas de entre 24 y 26 grados y m\u00e1ximas de 35 grados para mi\u00e9rcoles, jueves y viernes<\/strong>\u00a0pr\u00f3ximos. El viernes adem\u00e1s estar\u00e1\u00a0<strong>muy ventoso<\/strong>.<\/p>\n\n\n\n<p>Un cambio del<strong>&nbsp;viento hacia el sur&nbsp;<\/strong>cambiar\u00e1 el panorama en el inicio del pr\u00f3ximo fin de semana con tormentas y tiempo fresco.<\/p>\n\n\n\n<p>El s\u00e1bado reaparece&nbsp;<strong>un frente inestable en la regi\u00f3n<\/strong>&nbsp;que podr\u00eda traer nuevamente lluvias y una baja considerable de temperatura. A partir de ese d\u00eda,<strong>&nbsp;el alivio ser\u00eda duradero&nbsp;<\/strong>con m\u00e1ximas que rondar\u00e1n los 23 \u00f3 24 grados.<\/p>\n\n\n\n<p><strong>Fuente: Servicio Meteorol\u00f3gico Nacional.<\/strong><\/p>\n","protected":false},"excerpt":{"rendered":"<p>Sofocante: la t\u00e9rmica pas\u00f3 los 40 grados, hay alerta por calor y se esperan tres d\u00edas agobiantes antes del alivio.<\/p>\n","protected":false},"author":1,"featured_media":5640,"comment_status":"open","ping_status":"open","sticky":false,"template":"","format":"image","meta":{"_jetpack_memberships_contains_paid_content":false,"footnotes":"","jetpack_publicize_message":"","jetpack_publicize_feature_enabled":true,"jetpack_social_post_already_shared":true,"jetpack_social_options":{"image_generator_settings":{"template":"highway","default_image_id":0,"enabled":false},"version":2}},"categories":[8,1,2,7,3],"tags":[11412,11495,230,8671,5030,562,31,42,9912,60,11492,11493,11494],"class_list":["post-45542","post","type-post","status-publish","format-image","has-post-thumbnail","hentry","category-deliberando","category-diario-armstrong","category-locales","category-politica","category-region","tag-40-2","tag-agobiantes","tag-alerta","tag-calor-2","tag-diario-armstrong","tag-hay","tag-la","tag-los","tag-paso-2","tag-por","tag-sofocante","tag-termica","tag-tres-dias","post_format-post-format-image"],"jetpack_publicize_connections":[],"jetpack_featured_media_url":"https:\/\/armstrongyregion.com.ar\/diario\/wp-content\/uploads\/2015\/12\/calor.jpg","jetpack_shortlink":"https:\/\/wp.me\/p62QDO-bQy","jetpack_sharing_enabled":true,"amp_enabled":true,"_links":{"self":[{"href":"https:\/\/armstrongyregion.com.ar\/diario\/wp-json\/wp\/v2\/posts\/45542","targetHints":{"allow":["GET"]}}],"collection":[{"href":"https:\/\/armstrongyregion.com.ar\/diario\/wp-json\/wp\/v2\/posts"}],"about":[{"href":"https:\/\/armstrongyregion.com.ar\/diario\/wp-json\/wp\/v2\/types\/post"}],"author":[{"embeddable":true,"href":"https:\/\/armstrongyregion.com.ar\/diario\/wp-json\/wp\/v2\/users\/1"}],"replies":[{"embeddable":true,"href":"https:\/\/armstrongyregion.com.ar\/diario\/wp-json\/wp\/v2\/comments?post=45542"}],"version-history":[{"count":2,"href":"https:\/\/armstrongyregion.com.ar\/diario\/wp-json\/wp\/v2\/posts\/45542\/revisions"}],"predecessor-version":[{"id":45544,"href":"https:\/\/armstrongyregion.com.ar\/diario\/wp-json\/wp\/v2\/posts\/45542\/revisions\/45544"}],"wp:featuredmedia":[{"embeddable":true,"href":"https:\/\/armstrongyregion.com.ar\/diario\/wp-json\/wp\/v2\/media\/5640"}],"wp:attachment":[{"href":"https:\/\/armstrongyregion.com.ar\/diario\/wp-json\/wp\/v2\/media?parent=45542"}],"wp:term":[{"taxonomy":"category","embeddable":true,"href":"https:\/\/armstrongyregion.com.ar\/diario\/wp-json\/wp\/v2\/categories?post=45542"},{"taxonomy":"post_tag","embeddable":true,"href":"https:\/\/armstrongyregion.com.ar\/diario\/wp-json\/wp\/v2\/tags?post=45542"}],"curies":[{"name":"wp","href":"https:\/\/api.w.org\/{rel}","templated":true}]}}