{"id":4554,"date":"2015-10-16T13:45:39","date_gmt":"2015-10-16T13:45:39","guid":{"rendered":"https:\/\/armstrongyregion.com.ar\/diario\/?p=4554"},"modified":"2015-10-16T13:45:39","modified_gmt":"2015-10-16T13:45:39","slug":"eduardo-camano-estuvo-en-armstrong-en-la-noche-de-este-jueves","status":"publish","type":"post","link":"https:\/\/armstrongyregion.com.ar\/diario\/eduardo-camano-estuvo-en-armstrong-en-la-noche-de-este-jueves\/","title":{"rendered":"Eduardo Cama\u00f1o estuvo en Armstrong en la noche de este jueves."},"content":{"rendered":"<p><a href=\"http:\/\/armstrongyregion.com.ar\/diario\/wp-content\/uploads\/2015\/10\/IMG-20151016-WA0007.jpg\"><img loading=\"lazy\" decoding=\"async\" class=\"alignnone size-medium wp-image-4555\" src=\"http:\/\/armstrongyregion.com.ar\/diario\/wp-content\/uploads\/2015\/10\/IMG-20151016-WA0007-300x225.jpg\" alt=\"Cama\u00f1o-armstrong-\" width=\"300\" height=\"225\" srcset=\"https:\/\/armstrongyregion.com.ar\/diario\/wp-content\/uploads\/2015\/10\/IMG-20151016-WA0007-300x225.jpg 300w, https:\/\/armstrongyregion.com.ar\/diario\/wp-content\/uploads\/2015\/10\/IMG-20151016-WA0007-1024x768.jpg 1024w, https:\/\/armstrongyregion.com.ar\/diario\/wp-content\/uploads\/2015\/10\/IMG-20151016-WA0007.jpg 1296w\" sizes=\"auto, (max-width: 300px) 100vw, 300px\" \/><\/a>Quien estuviera a cargo del Poder Ejecutivo Nacional, en la crisis de diciembre del 2001, al poseer el cargo de Pte. De la Camara de Diputados. Cama\u00f1o convoc\u00f3 a una Asamblea legislativa que elige finalmente a Eduardo Duhalde como Presidente de la Naci\u00f3n.<\/p>\n<p>Una nutrida cantidad de dirigentes locales y regionales junto a militantes del partido escucharon al veterano dirigente, actualmente uno de los principales operadores pol\u00edticos de la Campa\u00f1a de Daniel Scioli Presidente.<\/p>\n<p>El Dr. Augusto Fischer, Guillermo Cornaglia, Ariel y Rub\u00e9n Montapponi, Gerardo Pavicic, Jos\u00e9 Albornoz, Gabriel Arzani, Humberto Viozzi, Jorge Besso, junto a militantes del justicialismo, culminaron la jornada en una cena de camarader\u00eda en un local c\u00e9ntrico.<\/p>\n","protected":false},"excerpt":{"rendered":"<p>Quien estuviera a cargo del Poder Ejecutivo Nacional, en la crisis de diciembre del 2001, al poseer el cargo de Pte. De la Camara de Diputados. Cama\u00f1o convoc\u00f3 a una Asamblea legislativa que elige finalmente a Eduardo Duhalde como Presidente de la Naci\u00f3n. Una nutrida cantidad de dirigentes locales y regionales junto a militantes del <a href=\"https:\/\/armstrongyregion.com.ar\/diario\/eduardo-camano-estuvo-en-armstrong-en-la-noche-de-este-jueves\/\" title=\"Read more\" >&#8230;<\/a><\/p>\n","protected":false},"author":2,"featured_media":4555,"comment_status":"open","ping_status":"open","sticky":false,"template":"","format":"standard","meta":{"_jetpack_memberships_contains_paid_content":false,"footnotes":"","jetpack_publicize_message":"","jetpack_publicize_feature_enabled":true,"jetpack_social_post_already_shared":false,"jetpack_social_options":{"image_generator_settings":{"template":"highway","default_image_id":0,"enabled":false},"version":2}},"categories":[1,2,7,3],"tags":[2948],"class_list":["post-4554","post","type-post","status-publish","format-standard","has-post-thumbnail","hentry","category-diario-armstrong","category-locales","category-politica","category-region","tag-eduardo-camano-estuvo-en-armstrong-en-la-noche-de-este-jueves"],"jetpack_publicize_connections":[],"jetpack_featured_media_url":"https:\/\/armstrongyregion.com.ar\/diario\/wp-content\/uploads\/2015\/10\/IMG-20151016-WA0007.jpg","jetpack_shortlink":"https:\/\/wp.me\/p62QDO-1bs","jetpack_sharing_enabled":true,"amp_enabled":true,"_links":{"self":[{"href":"https:\/\/armstrongyregion.com.ar\/diario\/wp-json\/wp\/v2\/posts\/4554","targetHints":{"allow":["GET"]}}],"collection":[{"href":"https:\/\/armstrongyregion.com.ar\/diario\/wp-json\/wp\/v2\/posts"}],"about":[{"href":"https:\/\/armstrongyregion.com.ar\/diario\/wp-json\/wp\/v2\/types\/post"}],"author":[{"embeddable":true,"href":"https:\/\/armstrongyregion.com.ar\/diario\/wp-json\/wp\/v2\/users\/2"}],"replies":[{"embeddable":true,"href":"https:\/\/armstrongyregion.com.ar\/diario\/wp-json\/wp\/v2\/comments?post=4554"}],"version-history":[{"count":0,"href":"https:\/\/armstrongyregion.com.ar\/diario\/wp-json\/wp\/v2\/posts\/4554\/revisions"}],"wp:featuredmedia":[{"embeddable":true,"href":"https:\/\/armstrongyregion.com.ar\/diario\/wp-json\/wp\/v2\/media\/4555"}],"wp:attachment":[{"href":"https:\/\/armstrongyregion.com.ar\/diario\/wp-json\/wp\/v2\/media?parent=4554"}],"wp:term":[{"taxonomy":"category","embeddable":true,"href":"https:\/\/armstrongyregion.com.ar\/diario\/wp-json\/wp\/v2\/categories?post=4554"},{"taxonomy":"post_tag","embeddable":true,"href":"https:\/\/armstrongyregion.com.ar\/diario\/wp-json\/wp\/v2\/tags?post=4554"}],"curies":[{"name":"wp","href":"https:\/\/api.w.org\/{rel}","templated":true}]}}